{"id":1287,"date":"2025-04-08T12:15:31","date_gmt":"2025-04-08T12:15:31","guid":{"rendered":"https:\/\/blog.racksweekend.com.br\/?p=1287"},"modified":"2025-04-22T15:18:13","modified_gmt":"2025-04-22T15:18:13","slug":"mudar-o-papel-de-parede-do-instagram","status":"publish","type":"post","link":"https:\/\/blog.racksweekend.com.br\/de\/1287\/mudar-o-papel-de-parede-do-instagram\/","title":{"rendered":"Instagram-Hintergrundbild \u00e4ndern"},"content":{"rendered":"<p>Jetzt erfahren <strong>Instagram-Hintergrundbild \u00e4ndern<\/strong>Verleihen Sie Ihrer App einen frischen, neuen Look! Lesen Sie diesen Artikel und folgen Sie der Schritt-f\u00fcr-Schritt-Anleitung.<\/p>\n\n\n\n<style>\n.botao-container {\n    display: flex;\n    justify-content: center;\n    margin: 20px 0; \/* Espa\u00e7amento opcional *\/\n}\n\n.botao-estilizado {\n    display: inline-block;\n    padding: 12px 24px;\n    font-size: 18px;\n    font-weight: bold;\n    font-family: Arial, sans-serif; \/* Fonte Arial *\/\n    color: white;\n    background: linear-gradient(145deg, #FF3D00, #D32F2F); \/* Tons de vermelho vibrante *\/\n    border-radius: 8px;\n    box-shadow: 4px 4px 10px rgba(0, 0, 0, 0.2), \n                -2px -2px 5px rgba(255, 255, 255, 0.2);\n    text-decoration: none;\n    transition: all 0.3s ease-in-out;\n    text-align: center;\n}\n\n.botao-estilizado:hover {\n    background: linear-gradient(145deg, #D32F2F, #B71C1C); \/* Tom vermelho mais escuro no hover *\/\n    box-shadow: 2px 2px 8px rgba(0, 0, 0, 0.3), \n                -1px -1px 4px rgba(255, 255, 255, 0.1);\n    transform: translateY(-3px);\n}\n<\/style>\n\n<div class=\"botao-container\">\n    <a href=\"https:\/\/blog.racksweekend.com.br\/de\/1284\/\" class=\"botao-estilizado\">\u00c4ndern Sie den Hintergrund<\/a>\n<\/div>\n\n\n\n<h2 class=\"wp-block-heading\">Einleitung \u2013 Gestalte dein Instagram-Profil individueller<\/h2>\n\n\n\n<p>Das Aussehen seines Handys individuell anzupassen, ist sicherlich eine unterhaltsame M\u00f6glichkeit, es ganz pers\u00f6nlich zu gestalten.<\/p>\n\n\n\n<p>Schlie\u00dflich l\u00e4sst sich nicht nur das Hintergrundbild des Startbildschirms \u00e4ndern.<\/p>\n\n\n\n<p>Aktuell wollen viele Menschen wissen <strong>So \u00e4nderst du dein Instagram-Hintergrundbild<\/strong> Oder zumindest sollte die Benutzeroberfl\u00e4che stilistisch ansprechender gestaltet werden.<\/p>\n\n\n\n<p>Wenn Sie also zu denjenigen geh\u00f6ren, die Apps gerne eine besondere Note verleihen, ist dieser Artikel genau das Richtige f\u00fcr Sie!<\/p>\n\n\n\n<h2 class=\"wp-block-heading\">1. Kann man das Instagram-Hintergrundbild \u00e4ndern?<\/h2>\n\n\n\n<p>Anf\u00e4nglich, <strong>Instagram<\/strong> Es erlaubt keine nativen Anpassungen, wie beispielsweise das \u00c4ndern des App-Hintergrunds.<\/p>\n\n\n\n<p>Es gibt jedoch alternative M\u00f6glichkeiten, dies zu tun, wie zum Beispiel:<\/p>\n\n\n\n<ul class=\"wp-block-list\">\n<li>Zur Verwendung <strong>Android-Designmodifikatoren<\/strong>.<\/li>\n\n\n\n<li>Anwendungen von Drittanbietern.<\/li>\n\n\n\n<li><strong>Benutzerdefinierte Werfer<\/strong>.<\/li>\n\n\n\n<li><strong>Barrierefreiheitsmodifikatoren<\/strong> auf iOS.<\/li>\n<\/ul>\n\n\n\n<h2 class=\"wp-block-heading\">2. Verwendung des Dunkelmodus und von Systemdesigns<\/h2>\n\n\n\n<h3 class=\"wp-block-heading\">F\u00fcr Android:<\/h3>\n\n\n\n<ol class=\"wp-block-list\">\n<li>Offen <strong>Einstellungen<\/strong> &gt; <strong>Bildschirm<\/strong>.<\/li>\n\n\n\n<li>Aktivieren Sie die <strong>Dunkelmodus<\/strong>.<\/li>\n\n\n\n<li>\u00c4ndern Sie das Farbschema des Systems.<\/li>\n<\/ol>\n\n\n\n<p>Daher wird Instagram diesem Thema automatisch folgen.<\/p>\n\n\n\n<h3 class=\"wp-block-heading\">F\u00fcr iPhone:<\/h3>\n\n\n\n<ol class=\"wp-block-list\">\n<li>Offen <strong>Anpassungen<\/strong> &gt; <strong>Bildschirm und Helligkeit<\/strong>.<\/li>\n\n\n\n<li>W\u00e4hlen Sie den Modus aus <strong>Nat\u00fcrlich<\/strong> oder <strong>Dunkel<\/strong>.<\/li>\n<\/ol>\n\n\n\n<p>Dies erm\u00f6glicht es Ihnen, den Hintergrund der App individueller zu gestalten, wenn auch mit Einschr\u00e4nkungen.<\/p>\n\n\n\n<h2 class=\"wp-block-heading\">3. So \u00e4ndern Sie das Hintergrundbild mit Launchern (Android)<\/h2>\n\n\n\n<h3 class=\"wp-block-heading\">Verwendung von Nova Launcher:<\/h3>\n\n\n\n<ol class=\"wp-block-list\">\n<li>Laden Sie die App herunter: <a href=\"https:\/\/play.google.com\/store\/apps\/details?id=com.teslacoilsw.launcher\">Nova Launcher \u2013 Android<\/a>.<\/li>\n\n\n\n<li>Greifen Sie auf die <strong>Launcher-Einstellungen<\/strong>.<\/li>\n\n\n\n<li>Personalisieren mit <strong>Themen<\/strong> Und <strong>dynamisches Hintergrundbild<\/strong>.<\/li>\n\n\n\n<li>\u00c4ndere das Instagram-Symbol und den gesamten Hintergrund.<\/li>\n<\/ol>\n\n\n\n<h3 class=\"wp-block-heading\">Verwendung des Niagara Launchers:<\/h3>\n\n\n\n<ol class=\"wp-block-list\">\n<li>Laden Sie die App herunter: <a href=\"https:\/\/play.google.com\/store\/apps\/details?id=bitpit.launcher\">Niagara Launcher \u2013 Android<\/a>.<\/li>\n\n\n\n<li>W\u00e4hlen Sie ein minimalistisches Layout.<\/li>\n\n\n\n<li>Interaktive Hintergrundbilder einf\u00fcgen.<\/li>\n<\/ol>\n\n\n\n<h2 class=\"wp-block-heading\">4. Apps, die &quot;Cover&quot; f\u00fcr Instagram erstellen<\/h2>\n\n\n\n<h3 class=\"wp-block-heading\">1. <strong>X-Symbolwechsler<\/strong> (Android)<\/h3>\n\n\n\n<ul class=\"wp-block-list\">\n<li>Erm\u00f6glicht es Ihnen, das Symbol und den Hintergrund der App zu \u00e4ndern.<\/li>\n\n\n\n<li>Link: <a href=\"https:\/\/play.google.com\/store\/apps\/details?id=io.hexman.xiconchanger\">https:\/\/play.google.com\/store\/apps\/details?id=io.hexman.xiconchanger<\/a><\/li>\n<\/ul>\n\n\n\n<h3 class=\"wp-block-heading\">2. <strong>Brass \u2013 Benutzerdefinierte Symbole &amp; Widgets<\/strong> (iOS)<\/h3>\n\n\n\n<ul class=\"wp-block-list\">\n<li>Es bietet komplette Designs f\u00fcr Instagram und andere Apps.<\/li>\n\n\n\n<li>Link: https:\/\/apps.apple.com\/br\/app\/brass-custom-icons-widgets\/id1533708611<\/li>\n<\/ul>\n\n\n\n<h3 class=\"wp-block-heading\">3. <strong>Themify<\/strong> (iOS)<\/h3>\n\n\n\n<ul class=\"wp-block-list\">\n<li>Es bietet benutzerdefinierte Designs und Hintergrundbilder f\u00fcr Instagram-Verkn\u00fcpfungen.<\/li>\n\n\n\n<li>Link: https:\/\/apps.apple.com\/br\/app\/themify-widget-wallpapers-app\/id1552827413<\/li>\n<\/ul>\n\n\n\n<h2 class=\"wp-block-heading\">5. Zus\u00e4tzliche Anpassungstipps<\/h2>\n\n\n\n<ul class=\"wp-block-list\">\n<li>Verwenden Sie die <strong>Widgetsmith<\/strong> (iOS) zum Anpassen des Startbildschirms mit Verkn\u00fcpfungen und Designs.<\/li>\n\n\n\n<li>Auf Android kombinieren <strong>KWGT<\/strong> mit animierten Widgets.<\/li>\n\n\n\n<li>Greifen Sie auf Websites wie z. B. zu <a href=\"https:\/\/www.pinterest.com\/\">Pinterest<\/a> zu finden <strong>Inspirationen f\u00fcr Themen und Hintergrundbilder<\/strong>.<\/li>\n<\/ul>\n\n\n\n<h2 class=\"wp-block-heading\">Fazit \u2013 Dein Instagram, deine Art<\/h2>\n\n\n\n<h3 class=\"wp-block-heading\">Personalisierung ist eine Form des Ausdrucks.<\/h3>\n\n\n\n<p>Das Aussehen deines Instagram-Profils zu ver\u00e4ndern, ist sicherlich eine M\u00f6glichkeit, das Erlebnis pers\u00f6nlicher und kreativer zu gestalten.<\/p>\n\n\n\n<p>Schlie\u00dflich verbringen wir Stunden unseres Tages mit der Benutzeroberfl\u00e4che, daher ist es nur fair, ihr eine besondere Note zu verleihen.<\/p>\n\n\n\n<h3 class=\"wp-block-heading\">Weiter erkunden<\/h3>\n\n\n\n<p>Denken Sie jedoch daran, stets nur vertrauensw\u00fcrdige Apps herunterzuladen, die Berechtigungen zu \u00fcberpr\u00fcfen und inoffizielle APKs zu vermeiden.<\/p>\n\n\n\n<p>Nutzen Sie also die Tipps in diesem Artikel und probieren Sie verschiedene Stile aus, bis Sie denjenigen finden, der am besten zu Ihnen passt.<\/p>\n\n\n\n<p>Teilt diese Ideen schlie\u00dflich mit euren Freunden und helft so noch mehr Menschen, ihre Handys individuell zu gestalten! <\/p>\n\n\n\n<p><\/p>","protected":false},"excerpt":{"rendered":"<p>Lerne jetzt, wie du dein Instagram-Hintergrundbild \u00e4nderst: Verleihe deiner App einen neuen Look! Lies diesen Artikel und folge der Schritt-f\u00fcr-Schritt-Anleitung. Hintergrund \u00e4ndern \u2013 Einf\u00fchrung: Gestalte dein Instagram individueller. Die Anpassung des Designs deines Smartphones ist eine tolle M\u00f6glichkeit, alles pers\u00f6nlich zu gestalten\u2026 <\/p>","protected":false},"author":11,"featured_media":0,"comment_status":"closed","ping_status":"closed","sticky":false,"template":"","format":"standard","meta":{"footnotes":""},"categories":[1],"tags":[220,253,287,482,658],"class_list":["post-1287","post","type-post","status-publish","format-standard","hentry","category-uncategorized","tag-aplicativo-gratis","tag-assistir-gratis","tag-baixar-gratis","tag-instagram","tag-tutorial","latest_post"],"yoast_head":"<!-- This site is optimized with the Yoast SEO plugin v27.1.1 - https:\/\/yoast.com\/product\/yoast-seo-wordpress\/ -->\n<title>Mudar o Papel de Parede do Instagram - Blog Racks<\/title>\n<meta name=\"description\" content=\"Aprenda Agora Como Mudar o Papel de Parede do Instagram: D\u00ea um Visual Novo ao Seu App, Leia Este Artigo e Siga Passo a Passo.\" \/>\n<meta name=\"robots\" content=\"index, follow, max-snippet:-1, max-image-preview:large, max-video-preview:-1\" \/>\n<link rel=\"canonical\" href=\"https:\/\/blog.racksweekend.com.br\/de\/1287\/mudar-o-papel-de-parede-do-instagram\/\" \/>\n<meta property=\"og:locale\" content=\"de_DE\" \/>\n<meta property=\"og:type\" content=\"article\" \/>\n<meta property=\"og:title\" content=\"Mudar o Papel de Parede do Instagram - Blog Racks\" \/>\n<meta property=\"og:description\" content=\"Aprenda Agora Como Mudar o Papel de Parede do Instagram: D\u00ea um Visual Novo ao Seu App, Leia Este Artigo e Siga Passo a Passo.\" \/>\n<meta property=\"og:url\" content=\"https:\/\/blog.racksweekend.com.br\/de\/1287\/mudar-o-papel-de-parede-do-instagram\/\" \/>\n<meta property=\"og:site_name\" content=\"Blog Racks\" \/>\n<meta property=\"article:published_time\" content=\"2025-04-08T12:15:31+00:00\" \/>\n<meta property=\"article:modified_time\" content=\"2025-04-22T15:18:13+00:00\" \/>\n<meta name=\"author\" content=\"Isaac\" \/>\n<meta name=\"twitter:card\" content=\"summary_large_image\" \/>\n<meta name=\"twitter:label1\" content=\"Geschrieben von\" \/>\n\t<meta name=\"twitter:data1\" content=\"Isaac\" \/>\n\t<meta name=\"twitter:label2\" content=\"Gesch\u00e4tzte Lesezeit\" \/>\n\t<meta name=\"twitter:data2\" content=\"3\u00a0Minuten\" \/>\n<script type=\"application\/ld+json\" class=\"yoast-schema-graph\">{\"@context\":\"https:\/\/schema.org\",\"@graph\":[{\"@type\":\"Article\",\"@id\":\"https:\/\/blog.racksweekend.com.br\/1287\/mudar-o-papel-de-parede-do-instagram\/#article\",\"isPartOf\":{\"@id\":\"https:\/\/blog.racksweekend.com.br\/1287\/mudar-o-papel-de-parede-do-instagram\/\"},\"author\":{\"name\":\"Isaac\",\"@id\":\"https:\/\/blog.racksweekend.com.br\/en\/#\/schema\/person\/e8bce98e1bb2740907d9d40f82cee71b\"},\"headline\":\"Mudar o Papel de Parede do Instagram\",\"datePublished\":\"2025-04-08T12:15:31+00:00\",\"dateModified\":\"2025-04-22T15:18:13+00:00\",\"mainEntityOfPage\":{\"@id\":\"https:\/\/blog.racksweekend.com.br\/1287\/mudar-o-papel-de-parede-do-instagram\/\"},\"wordCount\":522,\"publisher\":{\"@id\":\"https:\/\/blog.racksweekend.com.br\/en\/#organization\"},\"keywords\":[\"aplicativo gr\u00e1tis\",\"assistir Gr\u00e1tis\",\"baixar gr\u00e1tis\",\"instagram\",\"tutorial\"],\"articleSection\":[\"Aplicativos\"],\"inLanguage\":\"de-CH\"},{\"@type\":\"WebPage\",\"@id\":\"https:\/\/blog.racksweekend.com.br\/1287\/mudar-o-papel-de-parede-do-instagram\/\",\"url\":\"https:\/\/blog.racksweekend.com.br\/1287\/mudar-o-papel-de-parede-do-instagram\/\",\"name\":\"Mudar o Papel de Parede do Instagram - Blog Racks\",\"isPartOf\":{\"@id\":\"https:\/\/blog.racksweekend.com.br\/en\/#website\"},\"datePublished\":\"2025-04-08T12:15:31+00:00\",\"dateModified\":\"2025-04-22T15:18:13+00:00\",\"description\":\"Aprenda Agora Como Mudar o Papel de Parede do Instagram: D\u00ea um Visual Novo ao Seu App, Leia Este Artigo e Siga Passo a Passo.\",\"breadcrumb\":{\"@id\":\"https:\/\/blog.racksweekend.com.br\/1287\/mudar-o-papel-de-parede-do-instagram\/#breadcrumb\"},\"inLanguage\":\"de-CH\",\"potentialAction\":[{\"@type\":\"ReadAction\",\"target\":[\"https:\/\/blog.racksweekend.com.br\/1287\/mudar-o-papel-de-parede-do-instagram\/\"]}]},{\"@type\":\"BreadcrumbList\",\"@id\":\"https:\/\/blog.racksweekend.com.br\/1287\/mudar-o-papel-de-parede-do-instagram\/#breadcrumb\",\"itemListElement\":[{\"@type\":\"ListItem\",\"position\":1,\"name\":\"Home\",\"item\":\"https:\/\/blog.racksweekend.com.br\/en\/\"},{\"@type\":\"ListItem\",\"position\":2,\"name\":\"Mudar o Papel de Parede do Instagram\"}]},{\"@type\":\"WebSite\",\"@id\":\"https:\/\/blog.racksweekend.com.br\/en\/#website\",\"url\":\"https:\/\/blog.racksweekend.com.br\/en\/\",\"name\":\"Blog Racks\",\"description\":\"Weekend\",\"publisher\":{\"@id\":\"https:\/\/blog.racksweekend.com.br\/en\/#organization\"},\"potentialAction\":[{\"@type\":\"SearchAction\",\"target\":{\"@type\":\"EntryPoint\",\"urlTemplate\":\"https:\/\/blog.racksweekend.com.br\/en\/?s={search_term_string}\"},\"query-input\":{\"@type\":\"PropertyValueSpecification\",\"valueRequired\":true,\"valueName\":\"search_term_string\"}}],\"inLanguage\":\"de-CH\"},{\"@type\":\"Organization\",\"@id\":\"https:\/\/blog.racksweekend.com.br\/en\/#organization\",\"name\":\"Blog Racks\",\"url\":\"https:\/\/blog.racksweekend.com.br\/en\/\",\"logo\":{\"@type\":\"ImageObject\",\"inLanguage\":\"de-CH\",\"@id\":\"https:\/\/blog.racksweekend.com.br\/en\/#\/schema\/logo\/image\/\",\"url\":\"https:\/\/blog.racksweekend.com.br\/wp-content\/uploads\/2024\/02\/cropped-BLOG.png\",\"contentUrl\":\"https:\/\/blog.racksweekend.com.br\/wp-content\/uploads\/2024\/02\/cropped-BLOG.png\",\"width\":1248,\"height\":771,\"caption\":\"Blog Racks\"},\"image\":{\"@id\":\"https:\/\/blog.racksweekend.com.br\/en\/#\/schema\/logo\/image\/\"}},{\"@type\":\"Person\",\"@id\":\"https:\/\/blog.racksweekend.com.br\/en\/#\/schema\/person\/e8bce98e1bb2740907d9d40f82cee71b\",\"name\":\"Isaac\",\"image\":{\"@type\":\"ImageObject\",\"inLanguage\":\"de-CH\",\"@id\":\"https:\/\/blog.racksweekend.com.br\/en\/#\/schema\/person\/image\/\",\"url\":\"https:\/\/blog.racksweekend.com.br\/wp-content\/litespeed\/avatar\/394da628e0e367b1790570a93fe58e9b.jpg?ver=1777408957\",\"contentUrl\":\"https:\/\/blog.racksweekend.com.br\/wp-content\/litespeed\/avatar\/394da628e0e367b1790570a93fe58e9b.jpg?ver=1777408957\",\"caption\":\"Isaac\"},\"url\":\"https:\/\/blog.racksweekend.com.br\/de\/author\/isaac\/\"}]}<\/script>\n<!-- \/ Yoast SEO plugin. -->","yoast_head_json":{"title":"Mudar o Papel de Parede do Instagram - Blog Racks","description":"Aprenda Agora Como Mudar o Papel de Parede do Instagram: D\u00ea um Visual Novo ao Seu App, Leia Este Artigo e Siga Passo a Passo.","robots":{"index":"index","follow":"follow","max-snippet":"max-snippet:-1","max-image-preview":"max-image-preview:large","max-video-preview":"max-video-preview:-1"},"canonical":"https:\/\/blog.racksweekend.com.br\/de\/1287\/mudar-o-papel-de-parede-do-instagram\/","og_locale":"de_DE","og_type":"article","og_title":"Mudar o Papel de Parede do Instagram - Blog Racks","og_description":"Aprenda Agora Como Mudar o Papel de Parede do Instagram: D\u00ea um Visual Novo ao Seu App, Leia Este Artigo e Siga Passo a Passo.","og_url":"https:\/\/blog.racksweekend.com.br\/de\/1287\/mudar-o-papel-de-parede-do-instagram\/","og_site_name":"Blog Racks","article_published_time":"2025-04-08T12:15:31+00:00","article_modified_time":"2025-04-22T15:18:13+00:00","author":"Isaac","twitter_card":"summary_large_image","twitter_misc":{"Geschrieben von":"Isaac","Gesch\u00e4tzte Lesezeit":"3\u00a0Minuten"},"schema":{"@context":"https:\/\/schema.org","@graph":[{"@type":"Article","@id":"https:\/\/blog.racksweekend.com.br\/1287\/mudar-o-papel-de-parede-do-instagram\/#article","isPartOf":{"@id":"https:\/\/blog.racksweekend.com.br\/1287\/mudar-o-papel-de-parede-do-instagram\/"},"author":{"name":"Isaac","@id":"https:\/\/blog.racksweekend.com.br\/en\/#\/schema\/person\/e8bce98e1bb2740907d9d40f82cee71b"},"headline":"Mudar o Papel de Parede do Instagram","datePublished":"2025-04-08T12:15:31+00:00","dateModified":"2025-04-22T15:18:13+00:00","mainEntityOfPage":{"@id":"https:\/\/blog.racksweekend.com.br\/1287\/mudar-o-papel-de-parede-do-instagram\/"},"wordCount":522,"publisher":{"@id":"https:\/\/blog.racksweekend.com.br\/en\/#organization"},"keywords":["aplicativo gr\u00e1tis","assistir Gr\u00e1tis","baixar gr\u00e1tis","instagram","tutorial"],"articleSection":["Aplicativos"],"inLanguage":"de-CH"},{"@type":"WebPage","@id":"https:\/\/blog.racksweekend.com.br\/1287\/mudar-o-papel-de-parede-do-instagram\/","url":"https:\/\/blog.racksweekend.com.br\/1287\/mudar-o-papel-de-parede-do-instagram\/","name":"Mudar o Papel de Parede do Instagram - Blog Racks","isPartOf":{"@id":"https:\/\/blog.racksweekend.com.br\/en\/#website"},"datePublished":"2025-04-08T12:15:31+00:00","dateModified":"2025-04-22T15:18:13+00:00","description":"Aprenda Agora Como Mudar o Papel de Parede do Instagram: D\u00ea um Visual Novo ao Seu App, Leia Este Artigo e Siga Passo a Passo.","breadcrumb":{"@id":"https:\/\/blog.racksweekend.com.br\/1287\/mudar-o-papel-de-parede-do-instagram\/#breadcrumb"},"inLanguage":"de-CH","potentialAction":[{"@type":"ReadAction","target":["https:\/\/blog.racksweekend.com.br\/1287\/mudar-o-papel-de-parede-do-instagram\/"]}]},{"@type":"BreadcrumbList","@id":"https:\/\/blog.racksweekend.com.br\/1287\/mudar-o-papel-de-parede-do-instagram\/#breadcrumb","itemListElement":[{"@type":"ListItem","position":1,"name":"Home","item":"https:\/\/blog.racksweekend.com.br\/en\/"},{"@type":"ListItem","position":2,"name":"Mudar o Papel de Parede do Instagram"}]},{"@type":"WebSite","@id":"https:\/\/blog.racksweekend.com.br\/en\/#website","url":"https:\/\/blog.racksweekend.com.br\/en\/","name":"Blog-Racks","description":"Wochenende","publisher":{"@id":"https:\/\/blog.racksweekend.com.br\/en\/#organization"},"potentialAction":[{"@type":"SearchAction","target":{"@type":"EntryPoint","urlTemplate":"https:\/\/blog.racksweekend.com.br\/en\/?s={search_term_string}"},"query-input":{"@type":"PropertyValueSpecification","valueRequired":true,"valueName":"search_term_string"}}],"inLanguage":"de-CH"},{"@type":"Organization","@id":"https:\/\/blog.racksweekend.com.br\/en\/#organization","name":"Blog-Racks","url":"https:\/\/blog.racksweekend.com.br\/en\/","logo":{"@type":"ImageObject","inLanguage":"de-CH","@id":"https:\/\/blog.racksweekend.com.br\/en\/#\/schema\/logo\/image\/","url":"https:\/\/blog.racksweekend.com.br\/wp-content\/uploads\/2024\/02\/cropped-BLOG.png","contentUrl":"https:\/\/blog.racksweekend.com.br\/wp-content\/uploads\/2024\/02\/cropped-BLOG.png","width":1248,"height":771,"caption":"Blog Racks"},"image":{"@id":"https:\/\/blog.racksweekend.com.br\/en\/#\/schema\/logo\/image\/"}},{"@type":"Person","@id":"https:\/\/blog.racksweekend.com.br\/en\/#\/schema\/person\/e8bce98e1bb2740907d9d40f82cee71b","name":"Isaac","image":{"@type":"ImageObject","inLanguage":"de-CH","@id":"https:\/\/blog.racksweekend.com.br\/en\/#\/schema\/person\/image\/","url":"https:\/\/blog.racksweekend.com.br\/wp-content\/litespeed\/avatar\/394da628e0e367b1790570a93fe58e9b.jpg?ver=1777408957","contentUrl":"https:\/\/blog.racksweekend.com.br\/wp-content\/litespeed\/avatar\/394da628e0e367b1790570a93fe58e9b.jpg?ver=1777408957","caption":"Isaac"},"url":"https:\/\/blog.racksweekend.com.br\/de\/author\/isaac\/"}]}},"_links":{"self":[{"href":"https:\/\/blog.racksweekend.com.br\/de\/wp-json\/wp\/v2\/posts\/1287","targetHints":{"allow":["GET"]}}],"collection":[{"href":"https:\/\/blog.racksweekend.com.br\/de\/wp-json\/wp\/v2\/posts"}],"about":[{"href":"https:\/\/blog.racksweekend.com.br\/de\/wp-json\/wp\/v2\/types\/post"}],"author":[{"embeddable":true,"href":"https:\/\/blog.racksweekend.com.br\/de\/wp-json\/wp\/v2\/users\/11"}],"replies":[{"embeddable":true,"href":"https:\/\/blog.racksweekend.com.br\/de\/wp-json\/wp\/v2\/comments?post=1287"}],"version-history":[{"count":3,"href":"https:\/\/blog.racksweekend.com.br\/de\/wp-json\/wp\/v2\/posts\/1287\/revisions"}],"predecessor-version":[{"id":1428,"href":"https:\/\/blog.racksweekend.com.br\/de\/wp-json\/wp\/v2\/posts\/1287\/revisions\/1428"}],"wp:attachment":[{"href":"https:\/\/blog.racksweekend.com.br\/de\/wp-json\/wp\/v2\/media?parent=1287"}],"wp:term":[{"taxonomy":"category","embeddable":true,"href":"https:\/\/blog.racksweekend.com.br\/de\/wp-json\/wp\/v2\/categories?post=1287"},{"taxonomy":"post_tag","embeddable":true,"href":"https:\/\/blog.racksweekend.com.br\/de\/wp-json\/wp\/v2\/tags?post=1287"}],"curies":[{"name":"wp","href":"https:\/\/api.w.org\/{rel}","templated":true}]}}