{"id":1487,"date":"2025-04-25T11:52:38","date_gmt":"2025-04-25T11:52:38","guid":{"rendered":"https:\/\/blog.racksweekend.com.br\/?p=1487"},"modified":"2025-04-25T11:52:38","modified_gmt":"2025-04-25T11:52:38","slug":"velorio-do-papa-francisco-ao-vivo-aplicativos","status":"publish","type":"post","link":"https:\/\/blog.racksweekend.com.br\/de\/1487\/velorio-do-papa-francisco-ao-vivo-aplicativos\/","title":{"rendered":"Live-Stream der Beerdigung von Papst Franziskus \u2013 Apps"},"content":{"rendered":"<p>Jetzt erfahren, wie Sie zusehen k\u00f6nnen <strong>Live-Stream der Beerdigung von Papst Franziskus \u2013 Apps<\/strong>, Kan\u00e4le und vollst\u00e4ndige offizielle Berichterstattung, lesen Sie diesen Artikel<\/p>\n\n\n\n<style>\n.botao-container {\n    display: flex;\n    justify-content: center;\n    margin: 20px 0; \/* Espa\u00e7amento opcional *\/\n}\n\n.botao-estilizado {\n    display: inline-block;\n    padding: 12px 24px;\n    font-size: 18px;\n    font-weight: bold;\n    font-family: Arial, sans-serif; \/* Fonte alterada para Arial *\/\n    color: white;\n    background: linear-gradient(145deg, #007bff, #0056b3);\n    border-radius: 8px;\n    box-shadow: 4px 4px 10px rgba(0, 0, 0, 0.2), \n                -2px -2px 5px rgba(255, 255, 255, 0.2);\n    text-decoration: none;\n    transition: all 0.3s ease-in-out;\n    text-align: center;\n}\n\n.botao-estilizado:hover {\n    background: linear-gradient(145deg, #0056b3, #004095);\n    box-shadow: 2px 2px 8px rgba(0, 0, 0, 0.3), \n                -1px -1px 4px rgba(255, 255, 255, 0.1);\n    transform: translateY(-3px);\n}\n<\/style>\n\n<div class=\"botao-container\">\n    <a href=\"https:\/\/blog.racksweekend.com.br\/de\/\" class=\"botao-estilizado\">Mehr anzeigen<\/a>\n<\/div>\n\n\n\n<h2 class=\"wp-block-heading\">Ein feierlicher Abschied von Papst Franziskus: Hier erfahren Sie, wo Sie jedes Detail verfolgen k\u00f6nnen.<\/h2>\n\n\n\n<p><strong>Die Totenwache von Papst Franziskus<\/strong> Es ist ein historischer und spiritueller Moment, der Millionen von Gl\u00e4ubigen auf der ganzen Welt bewegt.<\/p>\n\n\n\n<p><strong>Sicherlich<\/strong>, Die Live-\u00dcbertragung dieser Zeremonie ist eine M\u00f6glichkeit, Ehrerbietung zu erweisen, sich mit dem Glauben zu verbinden und die Tragweite des Verm\u00e4chtnisses eines der charismatischsten P\u00e4pste der j\u00fcngeren Geschichte zu verstehen.<\/p>\n\n\n\n<p><strong>Am Ende<\/strong>, Es handelt sich um ein \u00e4u\u00dferst emotionales und bedeutsames Ereignis, das nicht nur weltweit \u00fcbertragen wird, sondern auch \u00fcber verschiedene Mittel und Ger\u00e4te kostenlos verfolgt werden kann.<\/p>\n\n\n\n<h2 class=\"wp-block-heading\">Wo wird die Totenwache f\u00fcr Papst Franziskus stattfinden?<\/h2>\n\n\n\n<p><strong>Anfangs<\/strong>, Die Zeremonie findet statt in <strong>Vatikan<\/strong>, speziell in <strong>Petersplatz<\/strong>, vor der Basilika, wo die wichtigsten Feierlichkeiten der katholischen Kirche stattfinden.<br><br>Die Totenwache f\u00fcr Papst Franziskus wird live \u00fcber Apps \u00fcbertragen und ist f\u00fcr die ganze Welt v\u00f6llig kostenlos.<\/p>\n\n\n\n<p><strong>daher<\/strong>, Es werden Staatsoberh\u00e4upter, Kardin\u00e4le, Gl\u00e4ubige, religi\u00f6se Pers\u00f6nlichkeiten und Tausende von Pilgern erwartet, die zum Ort des Geschehens reisen, um ihre letzte Ehre zu erweisen.<\/p>\n\n\n\n<h2 class=\"wp-block-heading\">Wie l\u00e4uft eine p\u00e4pstliche Trauerzeremonie ab?<\/h2>\n\n\n\n<p><strong>Erstens<\/strong>, Der Leichnam des Papstes wird pr\u00e4pariert und drei Tage lang im Petersdom zur \u00f6ffentlichen Aufbahrung ausgestellt, begleitet von Gebeten und liturgischen Feierlichkeiten.<\/p>\n\n\n\n<p><strong>Sofort<\/strong>, Die Trauermesse wird unter dem Vorsitz des Kardinalskollegiums und unter Einhaltung aller Formalit\u00e4ten des Heiligen Stuhls abgehalten.<\/p>\n\n\n\n<p><strong>So was<\/strong>, Nach Abschluss der Zeremonie wird der Leichnam in den vatikanischen Grotten oder an einem anderen, zuvor vom Papst bestimmten Ort beigesetzt.<\/p>\n\n\n\n<h2 class=\"wp-block-heading\">Fernsehsender, die ausstrahlen werden<\/h2>\n\n\n\n<p><strong>Gl\u00fccklich<\/strong>, Mehrere Fernsehsender \u00fcbertragen die Totenwache live:<\/p>\n\n\n\n<ul class=\"wp-block-list\">\n<li><strong>TV Aparecida<\/strong> \u2013 Katholischer Sender mit Live-\u00dcbertragung und Sondersendungen.<\/li>\n\n\n\n<li><strong>Neuer Song<\/strong> Katholische Kommentatoren und Live-\u00dcbertragungen.<\/li>\n\n\n\n<li><strong>Rede Vida<\/strong> Einer der Kan\u00e4le mit den h\u00f6chsten Einschaltquoten f\u00fcr religi\u00f6se Veranstaltungen in Brasilien.<\/li>\n\n\n\n<li><strong>Vatican Media<\/strong> \u2013 Offizielle Vatikan-Sendung in mehreren Sprachen.<\/li>\n<\/ul>\n\n\n\n<p><strong>Jedoch<\/strong>, F\u00fcr diejenigen, die sich nicht in der N\u00e4he eines Fernsehers befinden, gibt es kostenlose und einfach zug\u00e4ngliche Optionen \u00fcber das Mobiltelefon.<\/p>\n\n\n\n<h2 class=\"wp-block-heading\">Kostenlose Apps zum Ansehen von Live-Streams (mit getesteten Links)<\/h2>\n\n\n\n<p><strong>Sicherlich<\/strong>, Das Verfolgen solcher Ereignisse \u00fcber das Mobiltelefon ist mittlerweile die praktischste Methode. Schauen Sie selbst. <strong>die besten kostenlosen Apps<\/strong>, mit <strong>Links bereits getestet<\/strong> und verf\u00fcgbar f\u00fcr Android und iOS:<\/p>\n\n\n\n<h3 class=\"wp-block-heading\">1. <strong>YouTube (Vatikanischer Nachrichtenkanal)<\/strong><\/h3>\n\n\n\n<ul class=\"wp-block-list\">\n<li>Android\/iOS-Link: <a href=\"https:\/\/www.youtube.com\/c\/VaticanNews\">https:\/\/www.youtube.com\/c\/VaticanNews<\/a><\/li>\n\n\n\n<li>Live-\u00dcbertragung mit portugiesischer \u00dcbersetzung und Kommentar.<\/li>\n<\/ul>\n\n\n\n<h3 class=\"wp-block-heading\">2. <strong>Can\u00e7\u00e3o Nova Play<\/strong><\/h3>\n\n\n\n<h3 class=\"wp-block-heading\">3. <strong>TV Aparecida<\/strong><\/h3>\n\n\n\n<h3 class=\"wp-block-heading\">4. <strong>Globoplay (GloboNews-Berichterstattung)<\/strong><\/h3>\n\n\n\n<h3 class=\"wp-block-heading\">5. <strong>Vatican News App<\/strong><\/h3>\n\n\n\n<h2 class=\"wp-block-heading\">Tipps, wie Sie das Erlebnis optimal gestalten k\u00f6nnen.<\/h2>\n\n\n\n<p><strong>An erster Stelle<\/strong>, Stellen Sie sicher, dass Ihr Telefon \u00fcber einen geladenen Akku verf\u00fcgt und mit WLAN verbunden ist.<\/p>\n\n\n\n<p><strong>Nach<\/strong>, Suchen Sie sich eine ruhige Umgebung, um die Veranstaltung respektvoll zu verfolgen; Live-Streaming der Beerdigung von Papst Franziskus \u00fcber Apps.<\/p>\n\n\n\n<p><strong>Endlich<\/strong>, Wenn m\u00f6glich, teilen Sie diesen Moment mit Familienmitgliedern, organisieren Sie einen Gebetskreis oder schauen Sie ihn sich gemeinsam mit Freunden an.<\/p>\n\n\n\n<h2 class=\"wp-block-heading\">Zusammenfassend l\u00e4sst sich sagen: ein Moment des Glaubens, des Gedenkens und der Einheit.<\/h2>\n\n\n\n<p><strong>Zweifellos<\/strong>, Die Live-\u00dcbertragung der Totenwache von Papst Franziskus ist viel mehr als die Teilnahme an einer religi\u00f6sen Zeremonie: Es ist das Erleben eines historischen Moments der Einheit, der Dankbarkeit und der Besinnung.<\/p>\n\n\n\n<p><strong>daher<\/strong>, Es ist unerl\u00e4sslich, \u00fcber die richtigen Ressourcen, die richtigen Kan\u00e4le und die idealen Anwendungen zu verf\u00fcgen, um an jedem Detail dieses symbolischen Abschieds, der Live-\u00dcbertragung der Beerdigung von Papst Franziskus per App, teilnehmen zu k\u00f6nnen.<\/p>\n\n\n\n<p><strong>Ohnehin<\/strong>, M\u00f6ge dieser Moment die Hoffnung st\u00e4rken und zu neuen Haltungen des Friedens, der Demut und der Akzeptanz inspirieren.<\/p>\n\n\n\n<p>Wenn Sie Hilfe bei der Installation einer App, der Einrichtung Ihres Telefons oder beim Teilen mit Freunden ben\u00f6tigen, bin ich f\u00fcr Sie da!<br><br><a href=\"https:\/\/blog.racksweekend.com.br\/de\/category\/viagens-nacionais\/\">Siehe auch\u2026<\/a><\/p>","protected":false},"excerpt":{"rendered":"<p>Erfahren Sie jetzt, wie Sie die Beerdigung von Papst Franziskus live verfolgen k\u00f6nnen: Apps, Kan\u00e4le und alle offiziellen \u00dcbertragungen. Lesen Sie diesen Artikel. Mehr dazu. Ein feierlicher Abschied von Papst Franziskus: Hier erfahren Sie, wo Sie jedes Detail mitverfolgen k\u00f6nnen. Die Beerdigung von Papst Franziskus ist ein historischer und spiritueller Moment, der Millionen Gl\u00e4ubige weltweit bewegt. \u2026 <\/p>","protected":false},"author":11,"featured_media":0,"comment_status":"closed","ping_status":"closed","sticky":false,"template":"","format":"standard","meta":{"footnotes":""},"categories":[1],"tags":[220,253,258,287,672,631,673,671],"class_list":["post-1487","post","type-post","status-publish","format-standard","hentry","category-uncategorized","tag-aplicativo-gratis","tag-assistir-gratis","tag-assistir-tv","tag-baixar-gratis","tag-despedida","tag-papa-francisco","tag-velorio","tag-velorio-do-papa-francisco-ao-vivo-aplicativos","latest_post"],"yoast_head":"<!-- This site is optimized with the Yoast SEO plugin v27.1.1 - https:\/\/yoast.com\/product\/yoast-seo-wordpress\/ -->\n<title>Vel\u00f3rio do Papa Francisco Ao Vivo Aplicativos - Blog Racks<\/title>\n<meta name=\"description\" content=\"Descubra Agora Como Assistir ao Vel\u00f3rio do Papa Francisco Ao Vivo Aplicativos, Canais e Toda a Cobertura Oficial, Leia Este Artigo\" \/>\n<meta name=\"robots\" content=\"index, follow, max-snippet:-1, max-image-preview:large, max-video-preview:-1\" \/>\n<link rel=\"canonical\" href=\"https:\/\/blog.racksweekend.com.br\/de\/1487\/velorio-do-papa-francisco-ao-vivo-aplicativos\/\" \/>\n<meta property=\"og:locale\" content=\"de_DE\" \/>\n<meta property=\"og:type\" content=\"article\" \/>\n<meta property=\"og:title\" content=\"Vel\u00f3rio do Papa Francisco Ao Vivo Aplicativos - Blog Racks\" \/>\n<meta property=\"og:description\" content=\"Descubra Agora Como Assistir ao Vel\u00f3rio do Papa Francisco Ao Vivo Aplicativos, Canais e Toda a Cobertura Oficial, Leia Este Artigo\" \/>\n<meta property=\"og:url\" content=\"https:\/\/blog.racksweekend.com.br\/de\/1487\/velorio-do-papa-francisco-ao-vivo-aplicativos\/\" \/>\n<meta property=\"og:site_name\" content=\"Blog Racks\" \/>\n<meta property=\"article:published_time\" content=\"2025-04-25T11:52:38+00:00\" \/>\n<meta name=\"author\" content=\"Isaac\" \/>\n<meta name=\"twitter:card\" content=\"summary_large_image\" \/>\n<meta name=\"twitter:label1\" content=\"Geschrieben von\" \/>\n\t<meta name=\"twitter:data1\" content=\"Isaac\" \/>\n\t<meta name=\"twitter:label2\" content=\"Gesch\u00e4tzte Lesezeit\" \/>\n\t<meta name=\"twitter:data2\" content=\"4\u00a0Minuten\" \/>\n<script type=\"application\/ld+json\" class=\"yoast-schema-graph\">{\"@context\":\"https:\/\/schema.org\",\"@graph\":[{\"@type\":\"Article\",\"@id\":\"https:\/\/blog.racksweekend.com.br\/1487\/velorio-do-papa-francisco-ao-vivo-aplicativos\/#article\",\"isPartOf\":{\"@id\":\"https:\/\/blog.racksweekend.com.br\/1487\/velorio-do-papa-francisco-ao-vivo-aplicativos\/\"},\"author\":{\"name\":\"Isaac\",\"@id\":\"https:\/\/blog.racksweekend.com.br\/en\/#\/schema\/person\/e8bce98e1bb2740907d9d40f82cee71b\"},\"headline\":\"Vel\u00f3rio do Papa Francisco Ao Vivo Aplicativos\",\"datePublished\":\"2025-04-25T11:52:38+00:00\",\"mainEntityOfPage\":{\"@id\":\"https:\/\/blog.racksweekend.com.br\/1487\/velorio-do-papa-francisco-ao-vivo-aplicativos\/\"},\"wordCount\":665,\"publisher\":{\"@id\":\"https:\/\/blog.racksweekend.com.br\/en\/#organization\"},\"keywords\":[\"aplicativo gr\u00e1tis\",\"assistir Gr\u00e1tis\",\"Assistir tv\",\"baixar gr\u00e1tis\",\"despedida\",\"papa francisco\",\"velorio\",\"Vel\u00f3rio do Papa Francisco Ao Vivo Aplicativos\"],\"articleSection\":[\"Aplicativos\"],\"inLanguage\":\"de-CH\"},{\"@type\":\"WebPage\",\"@id\":\"https:\/\/blog.racksweekend.com.br\/1487\/velorio-do-papa-francisco-ao-vivo-aplicativos\/\",\"url\":\"https:\/\/blog.racksweekend.com.br\/1487\/velorio-do-papa-francisco-ao-vivo-aplicativos\/\",\"name\":\"Vel\u00f3rio do Papa Francisco Ao Vivo Aplicativos - Blog Racks\",\"isPartOf\":{\"@id\":\"https:\/\/blog.racksweekend.com.br\/en\/#website\"},\"datePublished\":\"2025-04-25T11:52:38+00:00\",\"description\":\"Descubra Agora Como Assistir ao Vel\u00f3rio do Papa Francisco Ao Vivo Aplicativos, Canais e Toda a Cobertura Oficial, Leia Este Artigo\",\"breadcrumb\":{\"@id\":\"https:\/\/blog.racksweekend.com.br\/1487\/velorio-do-papa-francisco-ao-vivo-aplicativos\/#breadcrumb\"},\"inLanguage\":\"de-CH\",\"potentialAction\":[{\"@type\":\"ReadAction\",\"target\":[\"https:\/\/blog.racksweekend.com.br\/1487\/velorio-do-papa-francisco-ao-vivo-aplicativos\/\"]}]},{\"@type\":\"BreadcrumbList\",\"@id\":\"https:\/\/blog.racksweekend.com.br\/1487\/velorio-do-papa-francisco-ao-vivo-aplicativos\/#breadcrumb\",\"itemListElement\":[{\"@type\":\"ListItem\",\"position\":1,\"name\":\"Home\",\"item\":\"https:\/\/blog.racksweekend.com.br\/en\/\"},{\"@type\":\"ListItem\",\"position\":2,\"name\":\"Vel\u00f3rio do Papa Francisco Ao Vivo Aplicativos\"}]},{\"@type\":\"WebSite\",\"@id\":\"https:\/\/blog.racksweekend.com.br\/en\/#website\",\"url\":\"https:\/\/blog.racksweekend.com.br\/en\/\",\"name\":\"Blog Racks\",\"description\":\"Weekend\",\"publisher\":{\"@id\":\"https:\/\/blog.racksweekend.com.br\/en\/#organization\"},\"potentialAction\":[{\"@type\":\"SearchAction\",\"target\":{\"@type\":\"EntryPoint\",\"urlTemplate\":\"https:\/\/blog.racksweekend.com.br\/en\/?s={search_term_string}\"},\"query-input\":{\"@type\":\"PropertyValueSpecification\",\"valueRequired\":true,\"valueName\":\"search_term_string\"}}],\"inLanguage\":\"de-CH\"},{\"@type\":\"Organization\",\"@id\":\"https:\/\/blog.racksweekend.com.br\/en\/#organization\",\"name\":\"Blog Racks\",\"url\":\"https:\/\/blog.racksweekend.com.br\/en\/\",\"logo\":{\"@type\":\"ImageObject\",\"inLanguage\":\"de-CH\",\"@id\":\"https:\/\/blog.racksweekend.com.br\/en\/#\/schema\/logo\/image\/\",\"url\":\"https:\/\/blog.racksweekend.com.br\/wp-content\/uploads\/2024\/02\/cropped-BLOG.png\",\"contentUrl\":\"https:\/\/blog.racksweekend.com.br\/wp-content\/uploads\/2024\/02\/cropped-BLOG.png\",\"width\":1248,\"height\":771,\"caption\":\"Blog Racks\"},\"image\":{\"@id\":\"https:\/\/blog.racksweekend.com.br\/en\/#\/schema\/logo\/image\/\"}},{\"@type\":\"Person\",\"@id\":\"https:\/\/blog.racksweekend.com.br\/en\/#\/schema\/person\/e8bce98e1bb2740907d9d40f82cee71b\",\"name\":\"Isaac\",\"image\":{\"@type\":\"ImageObject\",\"inLanguage\":\"de-CH\",\"@id\":\"https:\/\/blog.racksweekend.com.br\/en\/#\/schema\/person\/image\/\",\"url\":\"https:\/\/blog.racksweekend.com.br\/wp-content\/litespeed\/avatar\/394da628e0e367b1790570a93fe58e9b.jpg?ver=1776804086\",\"contentUrl\":\"https:\/\/blog.racksweekend.com.br\/wp-content\/litespeed\/avatar\/394da628e0e367b1790570a93fe58e9b.jpg?ver=1776804086\",\"caption\":\"Isaac\"},\"url\":\"https:\/\/blog.racksweekend.com.br\/de\/author\/isaac\/\"}]}<\/script>\n<!-- \/ Yoast SEO plugin. -->","yoast_head_json":{"title":"Live-Stream der Beerdigung von Papst Franziskus \u2013 Apps \u2013 Blog Racks","description":"Erfahren Sie jetzt, wie Sie die Beerdigung von Papst Franziskus live verfolgen k\u00f6nnen: Apps, Kan\u00e4le und alle offiziellen \u00dcbertragungen. Lesen Sie diesen Artikel.","robots":{"index":"index","follow":"follow","max-snippet":"max-snippet:-1","max-image-preview":"max-image-preview:large","max-video-preview":"max-video-preview:-1"},"canonical":"https:\/\/blog.racksweekend.com.br\/de\/1487\/velorio-do-papa-francisco-ao-vivo-aplicativos\/","og_locale":"de_DE","og_type":"article","og_title":"Vel\u00f3rio do Papa Francisco Ao Vivo Aplicativos - Blog Racks","og_description":"Descubra Agora Como Assistir ao Vel\u00f3rio do Papa Francisco Ao Vivo Aplicativos, Canais e Toda a Cobertura Oficial, Leia Este Artigo","og_url":"https:\/\/blog.racksweekend.com.br\/de\/1487\/velorio-do-papa-francisco-ao-vivo-aplicativos\/","og_site_name":"Blog Racks","article_published_time":"2025-04-25T11:52:38+00:00","author":"Isaac","twitter_card":"summary_large_image","twitter_misc":{"Geschrieben von":"Isaac","Gesch\u00e4tzte Lesezeit":"4\u00a0Minuten"},"schema":{"@context":"https:\/\/schema.org","@graph":[{"@type":"Article","@id":"https:\/\/blog.racksweekend.com.br\/1487\/velorio-do-papa-francisco-ao-vivo-aplicativos\/#article","isPartOf":{"@id":"https:\/\/blog.racksweekend.com.br\/1487\/velorio-do-papa-francisco-ao-vivo-aplicativos\/"},"author":{"name":"Isaac","@id":"https:\/\/blog.racksweekend.com.br\/en\/#\/schema\/person\/e8bce98e1bb2740907d9d40f82cee71b"},"headline":"Vel\u00f3rio do Papa Francisco Ao Vivo Aplicativos","datePublished":"2025-04-25T11:52:38+00:00","mainEntityOfPage":{"@id":"https:\/\/blog.racksweekend.com.br\/1487\/velorio-do-papa-francisco-ao-vivo-aplicativos\/"},"wordCount":665,"publisher":{"@id":"https:\/\/blog.racksweekend.com.br\/en\/#organization"},"keywords":["aplicativo gr\u00e1tis","assistir Gr\u00e1tis","Assistir tv","baixar gr\u00e1tis","despedida","papa francisco","velorio","Vel\u00f3rio do Papa Francisco Ao Vivo Aplicativos"],"articleSection":["Aplicativos"],"inLanguage":"de-CH"},{"@type":"WebPage","@id":"https:\/\/blog.racksweekend.com.br\/1487\/velorio-do-papa-francisco-ao-vivo-aplicativos\/","url":"https:\/\/blog.racksweekend.com.br\/1487\/velorio-do-papa-francisco-ao-vivo-aplicativos\/","name":"Live-Stream der Beerdigung von Papst Franziskus \u2013 Apps \u2013 Blog Racks","isPartOf":{"@id":"https:\/\/blog.racksweekend.com.br\/en\/#website"},"datePublished":"2025-04-25T11:52:38+00:00","description":"Erfahren Sie jetzt, wie Sie die Beerdigung von Papst Franziskus live verfolgen k\u00f6nnen: Apps, Kan\u00e4le und alle offiziellen \u00dcbertragungen. Lesen Sie diesen Artikel.","breadcrumb":{"@id":"https:\/\/blog.racksweekend.com.br\/1487\/velorio-do-papa-francisco-ao-vivo-aplicativos\/#breadcrumb"},"inLanguage":"de-CH","potentialAction":[{"@type":"ReadAction","target":["https:\/\/blog.racksweekend.com.br\/1487\/velorio-do-papa-francisco-ao-vivo-aplicativos\/"]}]},{"@type":"BreadcrumbList","@id":"https:\/\/blog.racksweekend.com.br\/1487\/velorio-do-papa-francisco-ao-vivo-aplicativos\/#breadcrumb","itemListElement":[{"@type":"ListItem","position":1,"name":"Home","item":"https:\/\/blog.racksweekend.com.br\/en\/"},{"@type":"ListItem","position":2,"name":"Vel\u00f3rio do Papa Francisco Ao Vivo Aplicativos"}]},{"@type":"WebSite","@id":"https:\/\/blog.racksweekend.com.br\/en\/#website","url":"https:\/\/blog.racksweekend.com.br\/en\/","name":"Blog-Racks","description":"Wochenende","publisher":{"@id":"https:\/\/blog.racksweekend.com.br\/en\/#organization"},"potentialAction":[{"@type":"SearchAction","target":{"@type":"EntryPoint","urlTemplate":"https:\/\/blog.racksweekend.com.br\/en\/?s={search_term_string}"},"query-input":{"@type":"PropertyValueSpecification","valueRequired":true,"valueName":"search_term_string"}}],"inLanguage":"de-CH"},{"@type":"Organization","@id":"https:\/\/blog.racksweekend.com.br\/en\/#organization","name":"Blog-Racks","url":"https:\/\/blog.racksweekend.com.br\/en\/","logo":{"@type":"ImageObject","inLanguage":"de-CH","@id":"https:\/\/blog.racksweekend.com.br\/en\/#\/schema\/logo\/image\/","url":"https:\/\/blog.racksweekend.com.br\/wp-content\/uploads\/2024\/02\/cropped-BLOG.png","contentUrl":"https:\/\/blog.racksweekend.com.br\/wp-content\/uploads\/2024\/02\/cropped-BLOG.png","width":1248,"height":771,"caption":"Blog Racks"},"image":{"@id":"https:\/\/blog.racksweekend.com.br\/en\/#\/schema\/logo\/image\/"}},{"@type":"Person","@id":"https:\/\/blog.racksweekend.com.br\/en\/#\/schema\/person\/e8bce98e1bb2740907d9d40f82cee71b","name":"Isaac","image":{"@type":"ImageObject","inLanguage":"de-CH","@id":"https:\/\/blog.racksweekend.com.br\/en\/#\/schema\/person\/image\/","url":"https:\/\/blog.racksweekend.com.br\/wp-content\/litespeed\/avatar\/394da628e0e367b1790570a93fe58e9b.jpg?ver=1776804086","contentUrl":"https:\/\/blog.racksweekend.com.br\/wp-content\/litespeed\/avatar\/394da628e0e367b1790570a93fe58e9b.jpg?ver=1776804086","caption":"Isaac"},"url":"https:\/\/blog.racksweekend.com.br\/de\/author\/isaac\/"}]}},"_links":{"self":[{"href":"https:\/\/blog.racksweekend.com.br\/de\/wp-json\/wp\/v2\/posts\/1487","targetHints":{"allow":["GET"]}}],"collection":[{"href":"https:\/\/blog.racksweekend.com.br\/de\/wp-json\/wp\/v2\/posts"}],"about":[{"href":"https:\/\/blog.racksweekend.com.br\/de\/wp-json\/wp\/v2\/types\/post"}],"author":[{"embeddable":true,"href":"https:\/\/blog.racksweekend.com.br\/de\/wp-json\/wp\/v2\/users\/11"}],"replies":[{"embeddable":true,"href":"https:\/\/blog.racksweekend.com.br\/de\/wp-json\/wp\/v2\/comments?post=1487"}],"version-history":[{"count":2,"href":"https:\/\/blog.racksweekend.com.br\/de\/wp-json\/wp\/v2\/posts\/1487\/revisions"}],"predecessor-version":[{"id":1493,"href":"https:\/\/blog.racksweekend.com.br\/de\/wp-json\/wp\/v2\/posts\/1487\/revisions\/1493"}],"wp:attachment":[{"href":"https:\/\/blog.racksweekend.com.br\/de\/wp-json\/wp\/v2\/media?parent=1487"}],"wp:term":[{"taxonomy":"category","embeddable":true,"href":"https:\/\/blog.racksweekend.com.br\/de\/wp-json\/wp\/v2\/categories?post=1487"},{"taxonomy":"post_tag","embeddable":true,"href":"https:\/\/blog.racksweekend.com.br\/de\/wp-json\/wp\/v2\/tags?post=1487"}],"curies":[{"name":"wp","href":"https:\/\/api.w.org\/{rel}","templated":true}]}}