{"id":1489,"date":"2025-04-25T11:53:02","date_gmt":"2025-04-25T11:53:02","guid":{"rendered":"https:\/\/blog.racksweekend.com.br\/?p=1489"},"modified":"2025-04-25T11:53:40","modified_gmt":"2025-04-25T11:53:40","slug":"velorio-do-papa-francisco-ao-vivo","status":"publish","type":"post","link":"https:\/\/blog.racksweekend.com.br\/de\/1489\/velorio-do-papa-francisco-ao-vivo\/","title":{"rendered":"Live-\u00dcbertragung der Totenwache f\u00fcr Papst Franziskus."},"content":{"rendered":"<p>Entdecken Sie, wie<strong> <\/strong>Um teilzunehmen<strong> <\/strong>zum<strong> Live-\u00dcbertragung der Totenwache f\u00fcr Papst Franziskus. <\/strong>Wo man es sehen kann, kostenlose Apps und offizielle Kan\u00e4le<\/p>\n\n\n\n<style>\n.botao-container {\n    display: flex;\n    justify-content: center;\n    margin: 20px 0; \/* Espa\u00e7amento opcional *\/\n}\n\n.botao-estilizado {\n    display: inline-block;\n    padding: 12px 24px;\n    font-size: 18px;\n    font-weight: bold;\n    font-family: Arial, sans-serif; \/* Fonte alterada para Arial *\/\n    color: white;\n    background: linear-gradient(145deg, #007bff, #0056b3);\n    border-radius: 8px;\n    box-shadow: 4px 4px 10px rgba(0, 0, 0, 0.2), \n                -2px -2px 5px rgba(255, 255, 255, 0.2);\n    text-decoration: none;\n    transition: all 0.3s ease-in-out;\n    text-align: center;\n}\n\n.botao-estilizado:hover {\n    background: linear-gradient(145deg, #0056b3, #004095);\n    box-shadow: 2px 2px 8px rgba(0, 0, 0, 0.3), \n                -1px -1px 4px rgba(255, 255, 255, 0.1);\n    transform: translateY(-3px);\n}\n<\/style>\n\n<div class=\"botao-container\">\n    <a href=\"https:\/\/blog.racksweekend.com.br\/de\/1487\/\" class=\"botao-estilizado\">Live ansehen<\/a>\n<\/div>\n\n\n\n<h2 class=\"wp-block-heading\">Ein historischer Moment, der die ganze Welt bewegt.<\/h2>\n\n\n\n<p><strong>Sicherlich<\/strong>Der Tod von Papst Franziskus stellt eines der folgenreichsten Ereignisse in der j\u00fcngeren Geschichte der katholischen Kirche und der Welt dar. <\/p>\n\n\n\n<p><strong>Dennoch<\/strong>F\u00fcr Millionen von Gl\u00e4ubigen und Bewunderern ist die Teilnahme an der Totenwache und den Ehrungen f\u00fcr den Papst mehr als eine Geste des Glaubens: Es ist ein Akt der Dankbarkeit und des Respekts.<\/p>\n\n\n\n<p><strong>daher<\/strong>In diesem umfassenden Artikel erfahren Sie mehr. <strong>So k\u00f6nnen Sie die Beerdigung von Papst Franziskus live verfolgen<\/strong>kostenlos, mit <strong>Vertrauensw\u00fcrdige Apps<\/strong>, <strong>getestete Links<\/strong>, offizielle Rundfunkkan\u00e4le und eine detaillierte Erkl\u00e4rung von <strong>Wie l\u00e4uft eine p\u00e4pstliche Trauerzeremonie ab?<\/strong>. <\/p>\n\n\n\n<p>All dies in einer zug\u00e4nglichen und einladenden Sprache, ideal f\u00fcr Leser zwischen 35 und 60 Jahren, die diesen feierlichen Moment verstehen und daran teilhaben m\u00f6chten.<\/p>\n\n\n\n<h2 class=\"wp-block-heading\">Wo wird die Totenwache f\u00fcr Papst Franziskus stattfinden?<\/h2>\n\n\n\n<p><strong>Erstens<\/strong>Es ist wichtig zu verstehen, dass die Beerdigung eines Papstes in mehreren Etappen und nach uralten Ritualen stattfindet, an denen der gesamte Vatikan beteiligt ist.<\/p>\n\n\n\n<p><strong>Der Leichnam von Papst Franziskus wird im Petersdom im Vatikan aufgebahrt.<\/strong>, ein Ort, an dem Tausende von Gl\u00e4ubigen ihre letzte Ehre erweisen k\u00f6nnen. <\/p>\n\n\n\n<p><strong>Normalerweise<\/strong>Der Leichnam wird drei Tage lang der \u00d6ffentlichkeit pr\u00e4sentiert, ein Ritual, das als \u201e\u00f6ffentliche Ausstellung\u201c bekannt ist. W\u00e4hrend dieser Zeit bilden sich auf dem Petersplatz riesige Schlangen.<\/p>\n\n\n\n<p><strong>Sp\u00e4ter<\/strong>Anschlie\u00dfend findet die Requiemmesse unter dem Vorsitz des Kardinalskollegiums statt, gefolgt von der abschlie\u00dfenden Beisetzungszeremonie in der Krypta unter der Basilika \u2013 demselben Ort, an dem auch andere P\u00e4pste wie Johannes Paul II. und Benedikt XVI. ihre letzte Ruhest\u00e4tte gefunden haben.<\/p>\n\n\n\n<h2 class=\"wp-block-heading\">Wie l\u00e4uft eine p\u00e4pstliche Trauerzeremonie ab?<\/h2>\n\n\n\n<p><strong>Anfangs<\/strong>Das Ritual folgt dem Protokoll des \u201eOrdo Exsequiarum Romani Pontificis\u201c, einem Dokument, das alle Phasen der Beerdigung eines Papstes Schritt f\u00fcr Schritt beschreibt.<\/p>\n\n\n\n<p><strong>Sofort<\/strong>Der Leichnam wird in liturgische Gew\u00e4nder geh\u00fcllt, das Gesicht bleibt unbedeckt. <\/p>\n\n\n\n<p>Der Sarg ist dreilagig: Die erste Schicht besteht aus Zypressenholz, die zweite aus Blei und die letzte aus edlem Holz.<\/p>\n\n\n\n<p><strong>Au\u00dferdem<\/strong>Es gibt festgelegte Zeiten f\u00fcr Gebete, Bibellesungen, Hymnen und die Trauermesse, die in lateinischer Sprache gefeiert wird. <\/p>\n\n\n\n<p><strong>Sicher<\/strong>Es ist eine Zeremonie voller Symbolik, Glauben und alter Tradition.<\/p>\n\n\n\n<h2 class=\"wp-block-heading\">Kan\u00e4le und Apps zum Live-Schauen (mit getesteten Links)<\/h2>\n\n\n\n<p><strong>Gl\u00fccklich<\/strong>Heutzutage ist es m\u00f6glich, die p\u00e4pstliche Beerdigung von \u00fcberall auf der Welt aus zu verfolgen. <\/p>\n\n\n\n<p><strong>Unten<\/strong>Hier ist eine Liste der besten Apps und Kan\u00e4le, die... <strong>Die Totenwache wird live \u00fcbertragen.<\/strong>, mit <strong>Validierte und getestete URLs<\/strong>:<\/p>\n\n\n\n<h3 class=\"wp-block-heading\">1. <strong>YouTube \u2013 Vatikanische Nachrichten<\/strong><\/h3>\n\n\n\n<ul class=\"wp-block-list\">\n<li>Offizielle \u00dcbertragung des Heiligen Stuhls.<\/li>\n\n\n\n<li>Ein Kanal mit Kommentaren in mehreren Sprachen, darunter Portugiesisch.<\/li>\n\n\n\n<li>\u2705 Zugriff: <a href=\"https:\/\/www.youtube.com\/@vaticannews\">https:\/\/www.youtube.com\/@vaticannews<\/a><\/li>\n<\/ul>\n\n\n\n<h3 class=\"wp-block-heading\">2. <strong>Vatican News (offizielle Website und App)<\/strong><\/h3>\n\n\n\n<ul class=\"wp-block-list\">\n<li>Verf\u00fcgbar f\u00fcr Android und iOS.<\/li>\n\n\n\n<li>Kostenlose App mit Nachrichten, Videos und Live-Streams.<\/li>\n\n\n\n<li>\u2705 Android: https:\/\/play.google.com\/store\/apps\/details?id=va.vatican.news<\/li>\n\n\n\n<li>\u2705 iOS: https:\/\/apps.apple.com\/app\/vatican-news\/id1274047279<\/li>\n<\/ul>\n\n\n\n<h3 class=\"wp-block-heading\">3. <strong>TV Can\u00e7\u00e3o Nova<\/strong><\/h3>\n\n\n\n<ul class=\"wp-block-list\">\n<li>Ein brasilianischer Sender, der stets \u00fcber Ereignisse im Vatikan berichtet.<\/li>\n\n\n\n<li>Es sendet \u00fcber Website, Fernsehen und App.<\/li>\n\n\n\n<li>\u2705 Webseite: <a href=\"https:\/\/tv.cancaonova.com\/\">https:\/\/tv.cancaonova.com\/<\/a><\/li>\n\n\n\n<li>\u2705 Android-App: https:\/\/play.google.com\/store\/apps\/details?id=br.com.cancaonova.cnplay<\/li>\n\n\n\n<li>\u2705 App iOS: https:\/\/apps.apple.com\/br\/app\/can%C3%A7%C3%A3o-nova\/id1231190422<\/li>\n<\/ul>\n\n\n\n<h3 class=\"wp-block-heading\">4. <strong>EWTN \u2013 Eternal Word Television Network<\/strong><\/h3>\n\n\n\n<ul class=\"wp-block-list\">\n<li>Internationaler katholischer Fernsehsender mit Sendungen in portugiesischer Sprache.<\/li>\n\n\n\n<li>\u2705 Webseite: <a href=\"https:\/\/www.ewtn.com\/pt\">https:\/\/www.ewtn.com\/pt<\/a><\/li>\n<\/ul>\n\n\n\n<h2 class=\"wp-block-heading\">Wie kann ich das beste Online-Seherlebnis garantieren?<\/h2>\n\n\n\n<p><strong>Sicherlich<\/strong>Damit Sie ohne Unterbrechungen oder technische Probleme alles mitverfolgen k\u00f6nnen, hier einige einfache Tipps:<\/p>\n\n\n\n<ul class=\"wp-block-list\">\n<li><strong>Verbinden Sie sich mit einem guten WLAN-Netzwerk.<\/strong>.<\/li>\n\n\n\n<li><strong>Benutzen Sie Kopfh\u00f6rer.<\/strong>insbesondere in lauten Umgebungen.<\/li>\n\n\n\n<li><strong>Bereite dich emotional vor.<\/strong>Es wird ein bewegender und historischer Moment sein.<\/li>\n\n\n\n<li><strong>Teilen Sie die Sendung mit Familie und Freunden.<\/strong>insbesondere bei denen, die Papst Franziskus bewundern.<\/li>\n<\/ul>\n\n\n\n<h2 class=\"wp-block-heading\">Zum Schluss: Ein Abschied voller Glauben und Dankbarkeit.<\/h2>\n\n\n\n<p><strong>Ohnehin<\/strong>Die Beisetzung von Papst Franziskus ist nicht nur ein religi\u00f6ses Ereignis, sondern ein spiritueller und historischer Meilenstein f\u00fcr die gesamte Menschheit. <\/p>\n\n\n\n<p><strong>Am Ende<\/strong>Er war ein zug\u00e4nglicher, bescheidener Anf\u00fchrer, der sich mit ganzem Herzen f\u00fcr soziale Belange einsetzte. Sein Tod hinterl\u00e4sst eine tiefe Trauer, weckt aber auch Liebe, Zusammenhalt und Hoffnung.<\/p>\n\n\n\n<p><strong>daher<\/strong>Die Teilnahme an einer Totenwache, selbst aus der Ferne, ist ein Zeichen der Zuneigung und des Respekts. <strong>Bereite dich vor, verbinde dich und nimm mit offenem Herzen an diesem Moment teil.<\/strong><\/p>\n\n\n\n<p>Wenn Sie m\u00f6chten, kann ich Ihnen bei der Einrichtung der Apps helfen oder sogar Erinnerungen auf Ihrem Handy erstellen, damit Sie keinen Teil der Zeremonie verpassen.<br> <br><a href=\"https:\/\/clomid.live\/category\/curiosidade\">Siehe auch\u2026<\/a><\/p>","protected":false},"excerpt":{"rendered":"<p>Erfahren Sie, wie Sie die Beerdigung von Papst Franziskus live verfolgen k\u00f6nnen: Wo Sie zusehen k\u00f6nnen, kostenlose Apps und offizielle Kan\u00e4le. Live-\u00dcbertragung. Ein historischer Moment, der die ganze Welt bewegt. Der Tod von Papst Franziskus ist zweifellos eines der einschneidendsten Ereignisse in der j\u00fcngeren Geschichte der katholischen Kirche und der Welt. Doch f\u00fcr Millionen von Gl\u00e4ubigen\u2026 <\/p>","protected":false},"author":11,"featured_media":0,"comment_status":"closed","ping_status":"closed","sticky":false,"template":"","format":"standard","meta":{"footnotes":""},"categories":[1],"tags":[675,220,253,258,287,672,631,673,674],"class_list":["post-1489","post","type-post","status-publish","format-standard","hentry","category-uncategorized","tag-ao-vivo","tag-aplicativo-gratis","tag-assistir-gratis","tag-assistir-tv","tag-baixar-gratis","tag-despedida","tag-papa-francisco","tag-velorio","tag-velorio-do-papa-francisco-ao-vivo","latest_post"],"yoast_head":"<!-- This site is optimized with the Yoast SEO plugin v27.1.1 - https:\/\/yoast.com\/product\/yoast-seo-wordpress\/ -->\n<title>Vel\u00f3rio do Papa Francisco ao Vivo - Blog Racks<\/title>\n<meta name=\"description\" content=\"Descubra Como Assistir ao Vel\u00f3rio do Papa Francisco ao Vivo Onde Ver, Aplicativos Gratuitos e Canais Oficiais\" \/>\n<meta name=\"robots\" content=\"index, follow, max-snippet:-1, max-image-preview:large, max-video-preview:-1\" \/>\n<link rel=\"canonical\" href=\"https:\/\/blog.racksweekend.com.br\/de\/1489\/velorio-do-papa-francisco-ao-vivo\/\" \/>\n<meta property=\"og:locale\" content=\"de_DE\" \/>\n<meta property=\"og:type\" content=\"article\" \/>\n<meta property=\"og:title\" content=\"Vel\u00f3rio do Papa Francisco ao Vivo - Blog Racks\" \/>\n<meta property=\"og:description\" content=\"Descubra Como Assistir ao Vel\u00f3rio do Papa Francisco ao Vivo Onde Ver, Aplicativos Gratuitos e Canais Oficiais\" \/>\n<meta property=\"og:url\" content=\"https:\/\/blog.racksweekend.com.br\/de\/1489\/velorio-do-papa-francisco-ao-vivo\/\" \/>\n<meta property=\"og:site_name\" content=\"Blog Racks\" \/>\n<meta property=\"article:published_time\" content=\"2025-04-25T11:53:02+00:00\" \/>\n<meta property=\"article:modified_time\" content=\"2025-04-25T11:53:40+00:00\" \/>\n<meta name=\"author\" content=\"Isaac\" \/>\n<meta name=\"twitter:card\" content=\"summary_large_image\" \/>\n<meta name=\"twitter:label1\" content=\"Geschrieben von\" \/>\n\t<meta name=\"twitter:data1\" content=\"Isaac\" \/>\n\t<meta name=\"twitter:label2\" content=\"Gesch\u00e4tzte Lesezeit\" \/>\n\t<meta name=\"twitter:data2\" content=\"4\u00a0Minuten\" \/>\n<script type=\"application\/ld+json\" class=\"yoast-schema-graph\">{\"@context\":\"https:\/\/schema.org\",\"@graph\":[{\"@type\":\"Article\",\"@id\":\"https:\/\/blog.racksweekend.com.br\/1489\/velorio-do-papa-francisco-ao-vivo\/#article\",\"isPartOf\":{\"@id\":\"https:\/\/blog.racksweekend.com.br\/1489\/velorio-do-papa-francisco-ao-vivo\/\"},\"author\":{\"name\":\"Isaac\",\"@id\":\"https:\/\/blog.racksweekend.com.br\/en\/#\/schema\/person\/e8bce98e1bb2740907d9d40f82cee71b\"},\"headline\":\"Vel\u00f3rio do Papa Francisco ao Vivo\",\"datePublished\":\"2025-04-25T11:53:02+00:00\",\"dateModified\":\"2025-04-25T11:53:40+00:00\",\"mainEntityOfPage\":{\"@id\":\"https:\/\/blog.racksweekend.com.br\/1489\/velorio-do-papa-francisco-ao-vivo\/\"},\"wordCount\":772,\"publisher\":{\"@id\":\"https:\/\/blog.racksweekend.com.br\/en\/#organization\"},\"keywords\":[\"ao vivo\",\"aplicativo gr\u00e1tis\",\"assistir Gr\u00e1tis\",\"Assistir tv\",\"baixar gr\u00e1tis\",\"despedida\",\"papa francisco\",\"velorio\",\"Vel\u00f3rio do Papa Francisco ao Vivo\"],\"articleSection\":[\"Aplicativos\"],\"inLanguage\":\"de-CH\"},{\"@type\":\"WebPage\",\"@id\":\"https:\/\/blog.racksweekend.com.br\/1489\/velorio-do-papa-francisco-ao-vivo\/\",\"url\":\"https:\/\/blog.racksweekend.com.br\/1489\/velorio-do-papa-francisco-ao-vivo\/\",\"name\":\"Vel\u00f3rio do Papa Francisco ao Vivo - Blog Racks\",\"isPartOf\":{\"@id\":\"https:\/\/blog.racksweekend.com.br\/en\/#website\"},\"datePublished\":\"2025-04-25T11:53:02+00:00\",\"dateModified\":\"2025-04-25T11:53:40+00:00\",\"description\":\"Descubra Como Assistir ao Vel\u00f3rio do Papa Francisco ao Vivo Onde Ver, Aplicativos Gratuitos e Canais Oficiais\",\"breadcrumb\":{\"@id\":\"https:\/\/blog.racksweekend.com.br\/1489\/velorio-do-papa-francisco-ao-vivo\/#breadcrumb\"},\"inLanguage\":\"de-CH\",\"potentialAction\":[{\"@type\":\"ReadAction\",\"target\":[\"https:\/\/blog.racksweekend.com.br\/1489\/velorio-do-papa-francisco-ao-vivo\/\"]}]},{\"@type\":\"BreadcrumbList\",\"@id\":\"https:\/\/blog.racksweekend.com.br\/1489\/velorio-do-papa-francisco-ao-vivo\/#breadcrumb\",\"itemListElement\":[{\"@type\":\"ListItem\",\"position\":1,\"name\":\"Home\",\"item\":\"https:\/\/blog.racksweekend.com.br\/en\/\"},{\"@type\":\"ListItem\",\"position\":2,\"name\":\"Vel\u00f3rio do Papa Francisco ao Vivo\"}]},{\"@type\":\"WebSite\",\"@id\":\"https:\/\/blog.racksweekend.com.br\/en\/#website\",\"url\":\"https:\/\/blog.racksweekend.com.br\/en\/\",\"name\":\"Blog Racks\",\"description\":\"Weekend\",\"publisher\":{\"@id\":\"https:\/\/blog.racksweekend.com.br\/en\/#organization\"},\"potentialAction\":[{\"@type\":\"SearchAction\",\"target\":{\"@type\":\"EntryPoint\",\"urlTemplate\":\"https:\/\/blog.racksweekend.com.br\/en\/?s={search_term_string}\"},\"query-input\":{\"@type\":\"PropertyValueSpecification\",\"valueRequired\":true,\"valueName\":\"search_term_string\"}}],\"inLanguage\":\"de-CH\"},{\"@type\":\"Organization\",\"@id\":\"https:\/\/blog.racksweekend.com.br\/en\/#organization\",\"name\":\"Blog Racks\",\"url\":\"https:\/\/blog.racksweekend.com.br\/en\/\",\"logo\":{\"@type\":\"ImageObject\",\"inLanguage\":\"de-CH\",\"@id\":\"https:\/\/blog.racksweekend.com.br\/en\/#\/schema\/logo\/image\/\",\"url\":\"https:\/\/blog.racksweekend.com.br\/wp-content\/uploads\/2024\/02\/cropped-BLOG.png\",\"contentUrl\":\"https:\/\/blog.racksweekend.com.br\/wp-content\/uploads\/2024\/02\/cropped-BLOG.png\",\"width\":1248,\"height\":771,\"caption\":\"Blog Racks\"},\"image\":{\"@id\":\"https:\/\/blog.racksweekend.com.br\/en\/#\/schema\/logo\/image\/\"}},{\"@type\":\"Person\",\"@id\":\"https:\/\/blog.racksweekend.com.br\/en\/#\/schema\/person\/e8bce98e1bb2740907d9d40f82cee71b\",\"name\":\"Isaac\",\"image\":{\"@type\":\"ImageObject\",\"inLanguage\":\"de-CH\",\"@id\":\"https:\/\/blog.racksweekend.com.br\/en\/#\/schema\/person\/image\/\",\"url\":\"https:\/\/blog.racksweekend.com.br\/wp-content\/litespeed\/avatar\/394da628e0e367b1790570a93fe58e9b.jpg?ver=1777408957\",\"contentUrl\":\"https:\/\/blog.racksweekend.com.br\/wp-content\/litespeed\/avatar\/394da628e0e367b1790570a93fe58e9b.jpg?ver=1777408957\",\"caption\":\"Isaac\"},\"url\":\"https:\/\/blog.racksweekend.com.br\/de\/author\/isaac\/\"}]}<\/script>\n<!-- \/ Yoast SEO plugin. -->","yoast_head_json":{"title":"Vel\u00f3rio do Papa Francisco ao Vivo - Blog Racks","description":"Descubra Como Assistir ao Vel\u00f3rio do Papa Francisco ao Vivo Onde Ver, Aplicativos Gratuitos e Canais Oficiais","robots":{"index":"index","follow":"follow","max-snippet":"max-snippet:-1","max-image-preview":"max-image-preview:large","max-video-preview":"max-video-preview:-1"},"canonical":"https:\/\/blog.racksweekend.com.br\/de\/1489\/velorio-do-papa-francisco-ao-vivo\/","og_locale":"de_DE","og_type":"article","og_title":"Vel\u00f3rio do Papa Francisco ao Vivo - Blog Racks","og_description":"Descubra Como Assistir ao Vel\u00f3rio do Papa Francisco ao Vivo Onde Ver, Aplicativos Gratuitos e Canais Oficiais","og_url":"https:\/\/blog.racksweekend.com.br\/de\/1489\/velorio-do-papa-francisco-ao-vivo\/","og_site_name":"Blog Racks","article_published_time":"2025-04-25T11:53:02+00:00","article_modified_time":"2025-04-25T11:53:40+00:00","author":"Isaac","twitter_card":"summary_large_image","twitter_misc":{"Geschrieben von":"Isaac","Gesch\u00e4tzte Lesezeit":"4\u00a0Minuten"},"schema":{"@context":"https:\/\/schema.org","@graph":[{"@type":"Article","@id":"https:\/\/blog.racksweekend.com.br\/1489\/velorio-do-papa-francisco-ao-vivo\/#article","isPartOf":{"@id":"https:\/\/blog.racksweekend.com.br\/1489\/velorio-do-papa-francisco-ao-vivo\/"},"author":{"name":"Isaac","@id":"https:\/\/blog.racksweekend.com.br\/en\/#\/schema\/person\/e8bce98e1bb2740907d9d40f82cee71b"},"headline":"Vel\u00f3rio do Papa Francisco ao Vivo","datePublished":"2025-04-25T11:53:02+00:00","dateModified":"2025-04-25T11:53:40+00:00","mainEntityOfPage":{"@id":"https:\/\/blog.racksweekend.com.br\/1489\/velorio-do-papa-francisco-ao-vivo\/"},"wordCount":772,"publisher":{"@id":"https:\/\/blog.racksweekend.com.br\/en\/#organization"},"keywords":["ao vivo","aplicativo gr\u00e1tis","assistir Gr\u00e1tis","Assistir tv","baixar gr\u00e1tis","despedida","papa francisco","velorio","Vel\u00f3rio do Papa Francisco ao Vivo"],"articleSection":["Aplicativos"],"inLanguage":"de-CH"},{"@type":"WebPage","@id":"https:\/\/blog.racksweekend.com.br\/1489\/velorio-do-papa-francisco-ao-vivo\/","url":"https:\/\/blog.racksweekend.com.br\/1489\/velorio-do-papa-francisco-ao-vivo\/","name":"Vel\u00f3rio do Papa Francisco ao Vivo - Blog Racks","isPartOf":{"@id":"https:\/\/blog.racksweekend.com.br\/en\/#website"},"datePublished":"2025-04-25T11:53:02+00:00","dateModified":"2025-04-25T11:53:40+00:00","description":"Descubra Como Assistir ao Vel\u00f3rio do Papa Francisco ao Vivo Onde Ver, Aplicativos Gratuitos e Canais Oficiais","breadcrumb":{"@id":"https:\/\/blog.racksweekend.com.br\/1489\/velorio-do-papa-francisco-ao-vivo\/#breadcrumb"},"inLanguage":"de-CH","potentialAction":[{"@type":"ReadAction","target":["https:\/\/blog.racksweekend.com.br\/1489\/velorio-do-papa-francisco-ao-vivo\/"]}]},{"@type":"BreadcrumbList","@id":"https:\/\/blog.racksweekend.com.br\/1489\/velorio-do-papa-francisco-ao-vivo\/#breadcrumb","itemListElement":[{"@type":"ListItem","position":1,"name":"Home","item":"https:\/\/blog.racksweekend.com.br\/en\/"},{"@type":"ListItem","position":2,"name":"Vel\u00f3rio do Papa Francisco ao Vivo"}]},{"@type":"WebSite","@id":"https:\/\/blog.racksweekend.com.br\/en\/#website","url":"https:\/\/blog.racksweekend.com.br\/en\/","name":"Blog-Racks","description":"Wochenende","publisher":{"@id":"https:\/\/blog.racksweekend.com.br\/en\/#organization"},"potentialAction":[{"@type":"SearchAction","target":{"@type":"EntryPoint","urlTemplate":"https:\/\/blog.racksweekend.com.br\/en\/?s={search_term_string}"},"query-input":{"@type":"PropertyValueSpecification","valueRequired":true,"valueName":"search_term_string"}}],"inLanguage":"de-CH"},{"@type":"Organization","@id":"https:\/\/blog.racksweekend.com.br\/en\/#organization","name":"Blog-Racks","url":"https:\/\/blog.racksweekend.com.br\/en\/","logo":{"@type":"ImageObject","inLanguage":"de-CH","@id":"https:\/\/blog.racksweekend.com.br\/en\/#\/schema\/logo\/image\/","url":"https:\/\/blog.racksweekend.com.br\/wp-content\/uploads\/2024\/02\/cropped-BLOG.png","contentUrl":"https:\/\/blog.racksweekend.com.br\/wp-content\/uploads\/2024\/02\/cropped-BLOG.png","width":1248,"height":771,"caption":"Blog Racks"},"image":{"@id":"https:\/\/blog.racksweekend.com.br\/en\/#\/schema\/logo\/image\/"}},{"@type":"Person","@id":"https:\/\/blog.racksweekend.com.br\/en\/#\/schema\/person\/e8bce98e1bb2740907d9d40f82cee71b","name":"Isaac","image":{"@type":"ImageObject","inLanguage":"de-CH","@id":"https:\/\/blog.racksweekend.com.br\/en\/#\/schema\/person\/image\/","url":"https:\/\/blog.racksweekend.com.br\/wp-content\/litespeed\/avatar\/394da628e0e367b1790570a93fe58e9b.jpg?ver=1777408957","contentUrl":"https:\/\/blog.racksweekend.com.br\/wp-content\/litespeed\/avatar\/394da628e0e367b1790570a93fe58e9b.jpg?ver=1777408957","caption":"Isaac"},"url":"https:\/\/blog.racksweekend.com.br\/de\/author\/isaac\/"}]}},"_links":{"self":[{"href":"https:\/\/blog.racksweekend.com.br\/de\/wp-json\/wp\/v2\/posts\/1489","targetHints":{"allow":["GET"]}}],"collection":[{"href":"https:\/\/blog.racksweekend.com.br\/de\/wp-json\/wp\/v2\/posts"}],"about":[{"href":"https:\/\/blog.racksweekend.com.br\/de\/wp-json\/wp\/v2\/types\/post"}],"author":[{"embeddable":true,"href":"https:\/\/blog.racksweekend.com.br\/de\/wp-json\/wp\/v2\/users\/11"}],"replies":[{"embeddable":true,"href":"https:\/\/blog.racksweekend.com.br\/de\/wp-json\/wp\/v2\/comments?post=1489"}],"version-history":[{"count":2,"href":"https:\/\/blog.racksweekend.com.br\/de\/wp-json\/wp\/v2\/posts\/1489\/revisions"}],"predecessor-version":[{"id":1494,"href":"https:\/\/blog.racksweekend.com.br\/de\/wp-json\/wp\/v2\/posts\/1489\/revisions\/1494"}],"wp:attachment":[{"href":"https:\/\/blog.racksweekend.com.br\/de\/wp-json\/wp\/v2\/media?parent=1489"}],"wp:term":[{"taxonomy":"category","embeddable":true,"href":"https:\/\/blog.racksweekend.com.br\/de\/wp-json\/wp\/v2\/categories?post=1489"},{"taxonomy":"post_tag","embeddable":true,"href":"https:\/\/blog.racksweekend.com.br\/de\/wp-json\/wp\/v2\/tags?post=1489"}],"curies":[{"name":"wp","href":"https:\/\/api.w.org\/{rel}","templated":true}]}}