{"id":1287,"date":"2025-04-08T12:15:31","date_gmt":"2025-04-08T12:15:31","guid":{"rendered":"https:\/\/blog.racksweekend.com.br\/?p=1287"},"modified":"2025-04-22T15:18:13","modified_gmt":"2025-04-22T15:18:13","slug":"mudar-o-papel-de-parede-do-instagram","status":"publish","type":"post","link":"https:\/\/blog.racksweekend.com.br\/es\/1287\/mudar-o-papel-de-parede-do-instagram\/","title":{"rendered":"Cambiar el fondo de pantalla de Instagram"},"content":{"rendered":"<p>Aprenda c\u00f3mo ahora <strong>Cambiar el fondo de pantalla de Instagram<\/strong>:Dale un nuevo aspecto a tu aplicaci\u00f3n, lee este art\u00edculo y s\u00edguelo paso a paso.<\/p>\n\n\n\n<style>\n.botao-container {\n    display: flex;\n    justify-content: center;\n    margin: 20px 0; \/* Espa\u00e7amento opcional *\/\n}\n\n.botao-estilizado {\n    display: inline-block;\n    padding: 12px 24px;\n    font-size: 18px;\n    font-weight: bold;\n    font-family: Arial, sans-serif; \/* Fonte Arial *\/\n    color: white;\n    background: linear-gradient(145deg, #FF3D00, #D32F2F); \/* Tons de vermelho vibrante *\/\n    border-radius: 8px;\n    box-shadow: 4px 4px 10px rgba(0, 0, 0, 0.2), \n                -2px -2px 5px rgba(255, 255, 255, 0.2);\n    text-decoration: none;\n    transition: all 0.3s ease-in-out;\n    text-align: center;\n}\n\n.botao-estilizado:hover {\n    background: linear-gradient(145deg, #D32F2F, #B71C1C); \/* Tom vermelho mais escuro no hover *\/\n    box-shadow: 2px 2px 8px rgba(0, 0, 0, 0.3), \n                -1px -1px 4px rgba(255, 255, 255, 0.1);\n    transform: translateY(-3px);\n}\n<\/style>\n\n<div class=\"botao-container\">\n    <a href=\"https:\/\/blog.racksweekend.com.br\/es\/1284\/\" class=\"botao-estilizado\">Cambiar el fondo<\/a>\n<\/div>\n\n\n\n<h2 class=\"wp-block-heading\">Introducci\u00f3n \u2013 Haz que tu Instagram sea m\u00e1s tuyo<\/h2>\n\n\n\n<p>Ciertamente, personalizar la apariencia de tu tel\u00e9fono celular es una forma divertida de hacer que todo sea tuyo.<\/p>\n\n\n\n<p>Despu\u00e9s de todo, no es solo el fondo de pantalla de inicio lo que se puede cambiar.<\/p>\n\n\n\n<p>Hoy en d\u00eda, muchas personas quieren saber <strong>C\u00f3mo cambiar el fondo de pantalla de Instagram<\/strong> o al menos la interfaz hacia algo m\u00e1s estilizado.<\/p>\n\n\n\n<p>As\u00ed que si eres de los que les encanta darle un toque especial a sus apps, \u00a1este art\u00edculo es para ti!<\/p>\n\n\n\n<h2 class=\"wp-block-heading\">1. \u00bfEs posible cambiar el fondo de pantalla de Instagram?<\/h2>\n\n\n\n<p>Al principio, el <strong>Instagram<\/strong> no permite personalizaciones nativas como cambiar el fondo de la aplicaci\u00f3n.<\/p>\n\n\n\n<p>Sin embargo, existen formas alternativas de hacerlo, como por ejemplo:<\/p>\n\n\n\n<ul class=\"wp-block-list\">\n<li>Para utilizar <strong>modificadores de temas de Android<\/strong>.<\/li>\n\n\n\n<li>Aplicaciones de terceros.<\/li>\n\n\n\n<li><strong>Lanzadores personalizados<\/strong>.<\/li>\n\n\n\n<li><strong>Modificadores de accesibilidad<\/strong> en iOS.<\/li>\n<\/ul>\n\n\n\n<h2 class=\"wp-block-heading\">2. Uso del modo oscuro y temas del sistema<\/h2>\n\n\n\n<h3 class=\"wp-block-heading\">Para Android:<\/h3>\n\n\n\n<ol class=\"wp-block-list\">\n<li>Abierto <strong>Ajustes<\/strong> &gt; <strong>Pantalla<\/strong>.<\/li>\n\n\n\n<li>Activar el <strong>modo oscuro<\/strong>.<\/li>\n\n\n\n<li>Cambiar el esquema de colores del sistema.<\/li>\n<\/ol>\n\n\n\n<p>De esta manera, Instagram seguir\u00e1 esta tem\u00e1tica autom\u00e1ticamente.<\/p>\n\n\n\n<h3 class=\"wp-block-heading\">Para iPhone:<\/h3>\n\n\n\n<ol class=\"wp-block-list\">\n<li>Abierto <strong>Ajustes<\/strong> &gt; <strong>Pantalla y brillo<\/strong>.<\/li>\n\n\n\n<li>Seleccionar modo <strong>Por supuesto<\/strong> o <strong>Oscuro<\/strong>.<\/li>\n<\/ol>\n\n\n\n<p>Con esto cambias el fondo de la aplicaci\u00f3n a un aspecto m\u00e1s personalizado, aunque limitado.<\/p>\n\n\n\n<h2 class=\"wp-block-heading\">3. C\u00f3mo cambiar el fondo de pantalla con los launchers (Android)<\/h2>\n\n\n\n<h3 class=\"wp-block-heading\">Usando Nova Launcher:<\/h3>\n\n\n\n<ol class=\"wp-block-list\">\n<li>Descargar la aplicaci\u00f3n: <a href=\"https:\/\/play.google.com\/store\/apps\/details?id=com.teslacoilsw.launcher\">Nova Launcher \u2013 Android<\/a>.<\/li>\n\n\n\n<li>Acceder a la <strong>configuraci\u00f3n del iniciador<\/strong>.<\/li>\n\n\n\n<li>Personalizar con <strong>temas<\/strong> Es <strong>fondo de pantalla din\u00e1mico<\/strong>.<\/li>\n\n\n\n<li>Cambiar el icono de Instagram y cambiar el fondo general.<\/li>\n<\/ol>\n\n\n\n<h3 class=\"wp-block-heading\">Usando Niagara Launcher:<\/h3>\n\n\n\n<ol class=\"wp-block-list\">\n<li>Descargar la aplicaci\u00f3n: <a href=\"https:\/\/play.google.com\/store\/apps\/details?id=bitpit.launcher\">Lanzador Niagara para Android<\/a>.<\/li>\n\n\n\n<li>Elija un dise\u00f1o minimalista.<\/li>\n\n\n\n<li>Insertar fondos de pantalla interactivos.<\/li>\n<\/ol>\n\n\n\n<h2 class=\"wp-block-heading\">4. Aplicaciones que crean portadas para Instagram<\/h2>\n\n\n\n<h3 class=\"wp-block-heading\">1. <strong>Cambiador de iconos X<\/strong> (Androide)<\/h3>\n\n\n\n<ul class=\"wp-block-list\">\n<li>Le permite cambiar el icono y el fondo de la aplicaci\u00f3n.<\/li>\n\n\n\n<li>Enlace: <a href=\"https:\/\/play.google.com\/store\/apps\/details?id=io.hexman.xiconchanger\">https:\/\/play.google.com\/store\/apps\/details?id=io.hexman.xiconchanger<\/a><\/li>\n<\/ul>\n\n\n\n<h3 class=\"wp-block-heading\">2. <strong>Lat\u00f3n: iconos y widgets personalizados<\/strong> (iOS)<\/h3>\n\n\n\n<ul class=\"wp-block-list\">\n<li>Proporciona temas completos para Instagram y otras aplicaciones.<\/li>\n\n\n\n<li>Enlace: https:\/\/apps.apple.com\/br\/app\/brass-custom-icons-widgets\/id1533708611<\/li>\n<\/ul>\n\n\n\n<h3 class=\"wp-block-heading\">3. <strong>Themify<\/strong> (iOS)<\/h3>\n\n\n\n<ul class=\"wp-block-list\">\n<li>Trae temas y fondos de pantalla personalizados para el acceso directo de Instagram.<\/li>\n\n\n\n<li>Enlace: https:\/\/apps.apple.com\/br\/app\/themify-widget-wallpapers-app\/id1552827413<\/li>\n<\/ul>\n\n\n\n<h2 class=\"wp-block-heading\">5. Consejos de personalizaci\u00f3n adicionales<\/h2>\n\n\n\n<ul class=\"wp-block-list\">\n<li>Utilice el <strong>Herrero de widgets<\/strong> (iOS) para personalizar tu pantalla de inicio con accesos directos y temas.<\/li>\n\n\n\n<li>En Android, combine <strong>KWGT<\/strong> con widgets animados.<\/li>\n\n\n\n<li>Accede a sitios como <a href=\"https:\/\/www.pinterest.com\/\">Pinterest<\/a> Para encontrar <strong>Inspiraciones de temas y fondos de pantalla<\/strong>.<\/li>\n<\/ul>\n\n\n\n<h2 class=\"wp-block-heading\">Conclusi\u00f3n \u2013 Tu Instagram con tu cara<\/h2>\n\n\n\n<h3 class=\"wp-block-heading\">La personalizaci\u00f3n es una forma de expresi\u00f3n<\/h3>\n\n\n\n<p>Ciertamente, cambiar la apariencia de Instagram es una forma de hacer la experiencia m\u00e1s personal y creativa.<\/p>\n\n\n\n<p>Al fin y al cabo, la interfaz es donde pasamos horas de nuestro d\u00eda, por lo que es justo darle un toque especial.<\/p>\n\n\n\n<h3 class=\"wp-block-heading\">Sigue explorando<\/h3>\n\n\n\n<p>Sin embargo, recuerda siempre descargar aplicaciones confiables, verificar los permisos y evitar APK no oficiales.<\/p>\n\n\n\n<p>As\u00ed que aprovecha los consejos de este art\u00edculo y prueba diferentes estilos hasta encontrar el que m\u00e1s te convenga.<\/p>\n\n\n\n<p>\u00a1Por \u00faltimo, comparte estas ideas con tus amigos y ayuda a m\u00e1s personas a hacer sus tel\u00e9fonos m\u00e1s elegantes y personales! <\/p>\n\n\n\n<p><\/p>","protected":false},"excerpt":{"rendered":"<p>Aprende ahora c\u00f3mo cambiar tu fondo de pantalla de Instagram: dale un nuevo aspecto a tu aplicaci\u00f3n, lee este art\u00edculo y sigue paso a paso. Cambiar el fondo Introducci\u00f3n \u2013 Haz que tu Instagram sea m\u00e1s tuyo Sin duda, personalizar la apariencia de tu tel\u00e9fono es una forma divertida de hacer que todo sea tuyo\u2026 <\/p>","protected":false},"author":11,"featured_media":0,"comment_status":"closed","ping_status":"closed","sticky":false,"template":"","format":"standard","meta":{"footnotes":""},"categories":[1],"tags":[220,253,287,482,658],"class_list":["post-1287","post","type-post","status-publish","format-standard","hentry","category-uncategorized","tag-aplicativo-gratis","tag-assistir-gratis","tag-baixar-gratis","tag-instagram","tag-tutorial","latest_post"],"yoast_head":"<!-- This site is optimized with the Yoast SEO plugin v27.1.1 - https:\/\/yoast.com\/product\/yoast-seo-wordpress\/ -->\n<title>Mudar o Papel de Parede do Instagram - Blog Racks<\/title>\n<meta name=\"description\" content=\"Aprenda Agora Como Mudar o Papel de Parede do Instagram: D\u00ea um Visual Novo ao Seu App, Leia Este Artigo e Siga Passo a Passo.\" \/>\n<meta name=\"robots\" content=\"index, follow, max-snippet:-1, max-image-preview:large, max-video-preview:-1\" \/>\n<link rel=\"canonical\" href=\"https:\/\/blog.racksweekend.com.br\/es\/1287\/mudar-o-papel-de-parede-do-instagram\/\" \/>\n<meta property=\"og:locale\" content=\"es_MX\" \/>\n<meta property=\"og:type\" content=\"article\" \/>\n<meta property=\"og:title\" content=\"Mudar o Papel de Parede do Instagram - Blog Racks\" \/>\n<meta property=\"og:description\" content=\"Aprenda Agora Como Mudar o Papel de Parede do Instagram: D\u00ea um Visual Novo ao Seu App, Leia Este Artigo e Siga Passo a Passo.\" \/>\n<meta property=\"og:url\" content=\"https:\/\/blog.racksweekend.com.br\/es\/1287\/mudar-o-papel-de-parede-do-instagram\/\" \/>\n<meta property=\"og:site_name\" content=\"Blog Racks\" \/>\n<meta property=\"article:published_time\" content=\"2025-04-08T12:15:31+00:00\" \/>\n<meta property=\"article:modified_time\" content=\"2025-04-22T15:18:13+00:00\" \/>\n<meta name=\"author\" content=\"Isaac\" \/>\n<meta name=\"twitter:card\" content=\"summary_large_image\" \/>\n<meta name=\"twitter:label1\" content=\"Escrito por\" \/>\n\t<meta name=\"twitter:data1\" content=\"Isaac\" \/>\n\t<meta name=\"twitter:label2\" content=\"Tiempo de lectura\" \/>\n\t<meta name=\"twitter:data2\" content=\"3 minutos\" \/>\n<script type=\"application\/ld+json\" class=\"yoast-schema-graph\">{\"@context\":\"https:\/\/schema.org\",\"@graph\":[{\"@type\":\"Article\",\"@id\":\"https:\/\/blog.racksweekend.com.br\/1287\/mudar-o-papel-de-parede-do-instagram\/#article\",\"isPartOf\":{\"@id\":\"https:\/\/blog.racksweekend.com.br\/1287\/mudar-o-papel-de-parede-do-instagram\/\"},\"author\":{\"name\":\"Isaac\",\"@id\":\"https:\/\/blog.racksweekend.com.br\/en\/#\/schema\/person\/e8bce98e1bb2740907d9d40f82cee71b\"},\"headline\":\"Mudar o Papel de Parede do Instagram\",\"datePublished\":\"2025-04-08T12:15:31+00:00\",\"dateModified\":\"2025-04-22T15:18:13+00:00\",\"mainEntityOfPage\":{\"@id\":\"https:\/\/blog.racksweekend.com.br\/1287\/mudar-o-papel-de-parede-do-instagram\/\"},\"wordCount\":522,\"publisher\":{\"@id\":\"https:\/\/blog.racksweekend.com.br\/en\/#organization\"},\"keywords\":[\"aplicativo gr\u00e1tis\",\"assistir Gr\u00e1tis\",\"baixar gr\u00e1tis\",\"instagram\",\"tutorial\"],\"articleSection\":[\"Aplicativos\"],\"inLanguage\":\"es\"},{\"@type\":\"WebPage\",\"@id\":\"https:\/\/blog.racksweekend.com.br\/1287\/mudar-o-papel-de-parede-do-instagram\/\",\"url\":\"https:\/\/blog.racksweekend.com.br\/1287\/mudar-o-papel-de-parede-do-instagram\/\",\"name\":\"Mudar o Papel de Parede do Instagram - Blog Racks\",\"isPartOf\":{\"@id\":\"https:\/\/blog.racksweekend.com.br\/en\/#website\"},\"datePublished\":\"2025-04-08T12:15:31+00:00\",\"dateModified\":\"2025-04-22T15:18:13+00:00\",\"description\":\"Aprenda Agora Como Mudar o Papel de Parede do Instagram: D\u00ea um Visual Novo ao Seu App, Leia Este Artigo e Siga Passo a Passo.\",\"breadcrumb\":{\"@id\":\"https:\/\/blog.racksweekend.com.br\/1287\/mudar-o-papel-de-parede-do-instagram\/#breadcrumb\"},\"inLanguage\":\"es\",\"potentialAction\":[{\"@type\":\"ReadAction\",\"target\":[\"https:\/\/blog.racksweekend.com.br\/1287\/mudar-o-papel-de-parede-do-instagram\/\"]}]},{\"@type\":\"BreadcrumbList\",\"@id\":\"https:\/\/blog.racksweekend.com.br\/1287\/mudar-o-papel-de-parede-do-instagram\/#breadcrumb\",\"itemListElement\":[{\"@type\":\"ListItem\",\"position\":1,\"name\":\"Home\",\"item\":\"https:\/\/blog.racksweekend.com.br\/en\/\"},{\"@type\":\"ListItem\",\"position\":2,\"name\":\"Mudar o Papel de Parede do Instagram\"}]},{\"@type\":\"WebSite\",\"@id\":\"https:\/\/blog.racksweekend.com.br\/en\/#website\",\"url\":\"https:\/\/blog.racksweekend.com.br\/en\/\",\"name\":\"Blog Racks\",\"description\":\"Weekend\",\"publisher\":{\"@id\":\"https:\/\/blog.racksweekend.com.br\/en\/#organization\"},\"potentialAction\":[{\"@type\":\"SearchAction\",\"target\":{\"@type\":\"EntryPoint\",\"urlTemplate\":\"https:\/\/blog.racksweekend.com.br\/en\/?s={search_term_string}\"},\"query-input\":{\"@type\":\"PropertyValueSpecification\",\"valueRequired\":true,\"valueName\":\"search_term_string\"}}],\"inLanguage\":\"es\"},{\"@type\":\"Organization\",\"@id\":\"https:\/\/blog.racksweekend.com.br\/en\/#organization\",\"name\":\"Blog Racks\",\"url\":\"https:\/\/blog.racksweekend.com.br\/en\/\",\"logo\":{\"@type\":\"ImageObject\",\"inLanguage\":\"es\",\"@id\":\"https:\/\/blog.racksweekend.com.br\/en\/#\/schema\/logo\/image\/\",\"url\":\"https:\/\/blog.racksweekend.com.br\/wp-content\/uploads\/2024\/02\/cropped-BLOG.png\",\"contentUrl\":\"https:\/\/blog.racksweekend.com.br\/wp-content\/uploads\/2024\/02\/cropped-BLOG.png\",\"width\":1248,\"height\":771,\"caption\":\"Blog Racks\"},\"image\":{\"@id\":\"https:\/\/blog.racksweekend.com.br\/en\/#\/schema\/logo\/image\/\"}},{\"@type\":\"Person\",\"@id\":\"https:\/\/blog.racksweekend.com.br\/en\/#\/schema\/person\/e8bce98e1bb2740907d9d40f82cee71b\",\"name\":\"Isaac\",\"image\":{\"@type\":\"ImageObject\",\"inLanguage\":\"es\",\"@id\":\"https:\/\/blog.racksweekend.com.br\/en\/#\/schema\/person\/image\/\",\"url\":\"https:\/\/blog.racksweekend.com.br\/wp-content\/litespeed\/avatar\/394da628e0e367b1790570a93fe58e9b.jpg?ver=1776804086\",\"contentUrl\":\"https:\/\/blog.racksweekend.com.br\/wp-content\/litespeed\/avatar\/394da628e0e367b1790570a93fe58e9b.jpg?ver=1776804086\",\"caption\":\"Isaac\"},\"url\":\"https:\/\/blog.racksweekend.com.br\/es\/author\/isaac\/\"}]}<\/script>\n<!-- \/ Yoast SEO plugin. -->","yoast_head_json":{"title":"Mudar o Papel de Parede do Instagram - Blog Racks","description":"Aprenda Agora Como Mudar o Papel de Parede do Instagram: D\u00ea um Visual Novo ao Seu App, Leia Este Artigo e Siga Passo a Passo.","robots":{"index":"index","follow":"follow","max-snippet":"max-snippet:-1","max-image-preview":"max-image-preview:large","max-video-preview":"max-video-preview:-1"},"canonical":"https:\/\/blog.racksweekend.com.br\/es\/1287\/mudar-o-papel-de-parede-do-instagram\/","og_locale":"es_MX","og_type":"article","og_title":"Mudar o Papel de Parede do Instagram - Blog Racks","og_description":"Aprenda Agora Como Mudar o Papel de Parede do Instagram: D\u00ea um Visual Novo ao Seu App, Leia Este Artigo e Siga Passo a Passo.","og_url":"https:\/\/blog.racksweekend.com.br\/es\/1287\/mudar-o-papel-de-parede-do-instagram\/","og_site_name":"Blog Racks","article_published_time":"2025-04-08T12:15:31+00:00","article_modified_time":"2025-04-22T15:18:13+00:00","author":"Isaac","twitter_card":"summary_large_image","twitter_misc":{"Escrito por":"Isaac","Tiempo de lectura":"3 minutos"},"schema":{"@context":"https:\/\/schema.org","@graph":[{"@type":"Article","@id":"https:\/\/blog.racksweekend.com.br\/1287\/mudar-o-papel-de-parede-do-instagram\/#article","isPartOf":{"@id":"https:\/\/blog.racksweekend.com.br\/1287\/mudar-o-papel-de-parede-do-instagram\/"},"author":{"name":"Isaac","@id":"https:\/\/blog.racksweekend.com.br\/en\/#\/schema\/person\/e8bce98e1bb2740907d9d40f82cee71b"},"headline":"Mudar o Papel de Parede do Instagram","datePublished":"2025-04-08T12:15:31+00:00","dateModified":"2025-04-22T15:18:13+00:00","mainEntityOfPage":{"@id":"https:\/\/blog.racksweekend.com.br\/1287\/mudar-o-papel-de-parede-do-instagram\/"},"wordCount":522,"publisher":{"@id":"https:\/\/blog.racksweekend.com.br\/en\/#organization"},"keywords":["aplicativo gr\u00e1tis","assistir Gr\u00e1tis","baixar gr\u00e1tis","instagram","tutorial"],"articleSection":["Aplicativos"],"inLanguage":"es"},{"@type":"WebPage","@id":"https:\/\/blog.racksweekend.com.br\/1287\/mudar-o-papel-de-parede-do-instagram\/","url":"https:\/\/blog.racksweekend.com.br\/1287\/mudar-o-papel-de-parede-do-instagram\/","name":"Mudar o Papel de Parede do Instagram - Blog Racks","isPartOf":{"@id":"https:\/\/blog.racksweekend.com.br\/en\/#website"},"datePublished":"2025-04-08T12:15:31+00:00","dateModified":"2025-04-22T15:18:13+00:00","description":"Aprenda Agora Como Mudar o Papel de Parede do Instagram: D\u00ea um Visual Novo ao Seu App, Leia Este Artigo e Siga Passo a Passo.","breadcrumb":{"@id":"https:\/\/blog.racksweekend.com.br\/1287\/mudar-o-papel-de-parede-do-instagram\/#breadcrumb"},"inLanguage":"es","potentialAction":[{"@type":"ReadAction","target":["https:\/\/blog.racksweekend.com.br\/1287\/mudar-o-papel-de-parede-do-instagram\/"]}]},{"@type":"BreadcrumbList","@id":"https:\/\/blog.racksweekend.com.br\/1287\/mudar-o-papel-de-parede-do-instagram\/#breadcrumb","itemListElement":[{"@type":"ListItem","position":1,"name":"Home","item":"https:\/\/blog.racksweekend.com.br\/en\/"},{"@type":"ListItem","position":2,"name":"Mudar o Papel de Parede do Instagram"}]},{"@type":"WebSite","@id":"https:\/\/blog.racksweekend.com.br\/en\/#website","url":"https:\/\/blog.racksweekend.com.br\/en\/","name":"Estantes para blogs","description":"Fin de semana","publisher":{"@id":"https:\/\/blog.racksweekend.com.br\/en\/#organization"},"potentialAction":[{"@type":"SearchAction","target":{"@type":"EntryPoint","urlTemplate":"https:\/\/blog.racksweekend.com.br\/en\/?s={search_term_string}"},"query-input":{"@type":"PropertyValueSpecification","valueRequired":true,"valueName":"search_term_string"}}],"inLanguage":"es"},{"@type":"Organization","@id":"https:\/\/blog.racksweekend.com.br\/en\/#organization","name":"Estantes para blogs","url":"https:\/\/blog.racksweekend.com.br\/en\/","logo":{"@type":"ImageObject","inLanguage":"es","@id":"https:\/\/blog.racksweekend.com.br\/en\/#\/schema\/logo\/image\/","url":"https:\/\/blog.racksweekend.com.br\/wp-content\/uploads\/2024\/02\/cropped-BLOG.png","contentUrl":"https:\/\/blog.racksweekend.com.br\/wp-content\/uploads\/2024\/02\/cropped-BLOG.png","width":1248,"height":771,"caption":"Blog Racks"},"image":{"@id":"https:\/\/blog.racksweekend.com.br\/en\/#\/schema\/logo\/image\/"}},{"@type":"Person","@id":"https:\/\/blog.racksweekend.com.br\/en\/#\/schema\/person\/e8bce98e1bb2740907d9d40f82cee71b","name":"Isaac","image":{"@type":"ImageObject","inLanguage":"es","@id":"https:\/\/blog.racksweekend.com.br\/en\/#\/schema\/person\/image\/","url":"https:\/\/blog.racksweekend.com.br\/wp-content\/litespeed\/avatar\/394da628e0e367b1790570a93fe58e9b.jpg?ver=1776804086","contentUrl":"https:\/\/blog.racksweekend.com.br\/wp-content\/litespeed\/avatar\/394da628e0e367b1790570a93fe58e9b.jpg?ver=1776804086","caption":"Isaac"},"url":"https:\/\/blog.racksweekend.com.br\/es\/author\/isaac\/"}]}},"_links":{"self":[{"href":"https:\/\/blog.racksweekend.com.br\/es\/wp-json\/wp\/v2\/posts\/1287","targetHints":{"allow":["GET"]}}],"collection":[{"href":"https:\/\/blog.racksweekend.com.br\/es\/wp-json\/wp\/v2\/posts"}],"about":[{"href":"https:\/\/blog.racksweekend.com.br\/es\/wp-json\/wp\/v2\/types\/post"}],"author":[{"embeddable":true,"href":"https:\/\/blog.racksweekend.com.br\/es\/wp-json\/wp\/v2\/users\/11"}],"replies":[{"embeddable":true,"href":"https:\/\/blog.racksweekend.com.br\/es\/wp-json\/wp\/v2\/comments?post=1287"}],"version-history":[{"count":3,"href":"https:\/\/blog.racksweekend.com.br\/es\/wp-json\/wp\/v2\/posts\/1287\/revisions"}],"predecessor-version":[{"id":1428,"href":"https:\/\/blog.racksweekend.com.br\/es\/wp-json\/wp\/v2\/posts\/1287\/revisions\/1428"}],"wp:attachment":[{"href":"https:\/\/blog.racksweekend.com.br\/es\/wp-json\/wp\/v2\/media?parent=1287"}],"wp:term":[{"taxonomy":"category","embeddable":true,"href":"https:\/\/blog.racksweekend.com.br\/es\/wp-json\/wp\/v2\/categories?post=1287"},{"taxonomy":"post_tag","embeddable":true,"href":"https:\/\/blog.racksweekend.com.br\/es\/wp-json\/wp\/v2\/tags?post=1287"}],"curies":[{"name":"gracias","href":"https:\/\/api.w.org\/{rel}","templated":true}]}}