{"id":1489,"date":"2025-04-25T11:53:02","date_gmt":"2025-04-25T11:53:02","guid":{"rendered":"https:\/\/blog.racksweekend.com.br\/?p=1489"},"modified":"2025-04-25T11:53:40","modified_gmt":"2025-04-25T11:53:40","slug":"velorio-do-papa-francisco-ao-vivo","status":"publish","type":"post","link":"https:\/\/blog.racksweekend.com.br\/hr\/1489\/velorio-do-papa-francisco-ao-vivo\/","title":{"rendered":"Papa Franjo&#039; Wake Live"},"content":{"rendered":"<p>Saznajte kako<strong> <\/strong>Prisustvovati<strong> <\/strong>prema<strong> Papa Franjo&#039; Wake Live <\/strong>Gdje gledati, besplatne aplikacije i slu\u017ebeni kanali<\/p>\n\n\n\n<style>\n.botao-container {\n    display: flex;\n    justify-content: center;\n    margin: 20px 0; \/* Espa\u00e7amento opcional *\/\n}\n\n.botao-estilizado {\n    display: inline-block;\n    padding: 12px 24px;\n    font-size: 18px;\n    font-weight: bold;\n    font-family: Arial, sans-serif; \/* Fonte alterada para Arial *\/\n    color: white;\n    background: linear-gradient(145deg, #007bff, #0056b3);\n    border-radius: 8px;\n    box-shadow: 4px 4px 10px rgba(0, 0, 0, 0.2), \n                -2px -2px 5px rgba(255, 255, 255, 0.2);\n    text-decoration: none;\n    transition: all 0.3s ease-in-out;\n    text-align: center;\n}\n\n.botao-estilizado:hover {\n    background: linear-gradient(145deg, #0056b3, #004095);\n    box-shadow: 2px 2px 8px rgba(0, 0, 0, 0.3), \n                -1px -1px 4px rgba(255, 255, 255, 0.1);\n    transform: translateY(-3px);\n}\n<\/style>\n\n<div class=\"botao-container\">\n    <a href=\"https:\/\/blog.racksweekend.com.br\/hr\/1487\/\" class=\"botao-estilizado\">Gledajte u\u017eivo<\/a>\n<\/div>\n\n\n\n<h2 class=\"wp-block-heading\">Povijesni trenutak koji je potresao cijeli svijet<\/h2>\n\n\n\n<p><strong>Sigurno<\/strong>Smrt pape Franje jedan je od najzna\u010dajnijih doga\u0111aja u novijoj povijesti Katoli\u010dke crkve i svijeta. <\/p>\n\n\n\n<p><strong>Ipak<\/strong>Za milijune vjernika i \u0161tovatelja, prisustvovanje bdijenju i odavanje po\u010dasti papi vi\u0161e je od geste vjere: to je \u010din zahvalnosti i po\u0161tovanja.<\/p>\n\n\n\n<p><strong>Stoga<\/strong>, u ovom cjelovitom \u010dlanku otkrit \u0107ete <strong>Kako u\u017eivo gledati bdjenje za papu Franju<\/strong>, besplatno, s <strong>pouzdane aplikacije<\/strong>, <strong>testirane poveznice<\/strong>, slu\u017ebeni kanali emitiranja i detaljno obja\u0161njenje <strong>Kako funkcionira papinska pogrebna ceremonija<\/strong>. <\/p>\n\n\n\n<p>Sve to na pristupa\u010dnom i gostoljubivom jeziku, idealnom za \u010ditatelje izme\u0111u 35 i 60 godina koji \u017eele razumjeti i sudjelovati u ovom sve\u010danom trenutku.<\/p>\n\n\n\n<h2 class=\"wp-block-heading\">Gdje \u0107e se odr\u017eati bdjenje za papu Franju?<\/h2>\n\n\n\n<p><strong>Prvo<\/strong>, va\u017eno je razumjeti da se bdijenje za papu odvija u fazama i uz drevne rituale koji uklju\u010duju cijeli Vatikan.<\/p>\n\n\n\n<p><strong>Tijelo pape Franje bit \u0107e pokopano u bazilici svetog Petra u Vatikanu<\/strong>, mjesto gdje \u0107e tisu\u0107e vjernika mo\u0107i odati posljednju po\u010dast. <\/p>\n\n\n\n<p><strong>Normalno<\/strong>, tijelo je izlo\u017eeno javnosti tri dana, u ritualu poznatom kao \u201ejavno izlaganje\u201c. U tom razdoblju na Trgu svetog Petra stvaraju se ogromni redovi.<\/p>\n\n\n\n<p><strong>Kasnije<\/strong>, odr\u017eava se misa zadu\u0161nica kojom predsjeda Kardinalski zbor, a posljednja pogrebna ceremonija odvija se u kripti ispod Bazilike - istom mjestu gdje po\u010divaju i drugi pape, poput Ivana Pavla II. i Benedikta XVI.<\/p>\n\n\n\n<h2 class=\"wp-block-heading\">Kako funkcionira papinska ceremonija bdijenja?<\/h2>\n\n\n\n<p><strong>Isprva<\/strong>, ritual slijedi protokol \u201eOrdo Exsequiarum Romani Pontificis\u201c, dokumenta koji korak po korak detaljno opisuje sve faze papinog sprovoda.<\/p>\n\n\n\n<p><strong>Odmah<\/strong>, tijelo je pripremljeno u liturgijskoj odje\u0107i, s otkrivenim licem. <\/p>\n\n\n\n<p>Lijes je trostruk: prvi je od \u010dempresa, drugi od olova i posljednji od finog drva.<\/p>\n\n\n\n<p><strong>Nadalje<\/strong>, postoje posebni trenuci za molitve, biblijska \u010ditanja, pjesme i pogrebnu misu koja se slavi na latinskom jeziku. <\/p>\n\n\n\n<p><strong>Sigurno<\/strong>, je ceremonija puna simbolike, vjere i drevne tradicije.<\/p>\n\n\n\n<h2 class=\"wp-block-heading\">Kanali i aplikacije za gledanje u\u017eivo (s testiranim poveznicama)<\/h2>\n\n\n\n<p><strong>Sretno<\/strong>, danas je mogu\u0107e pratiti papinsko bdjenje s bilo kojeg mjesta na svijetu. <\/p>\n\n\n\n<p><strong>Ispod<\/strong>, evo popisa najboljih aplikacija i kanala koji <strong>prenosi bdjenje u\u017eivo<\/strong>, sa <strong>Validirani i testirani URL-ovi<\/strong>:<\/p>\n\n\n\n<h3 class=\"wp-block-heading\">1. <strong>YouTube \u2013 Vijesti iz Vatikana<\/strong><\/h3>\n\n\n\n<ul class=\"wp-block-list\">\n<li>Slu\u017ebena emisija Svete Stolice.<\/li>\n\n\n\n<li>Kanal s naracijom na nekoliko jezika, uklju\u010duju\u0107i portugalski.<\/li>\n\n\n\n<li>\u2705 Pristup: <a href=\"https:\/\/www.youtube.com\/@vaticannews\">https:\/\/www.youtube.com\/@vaticannews<\/a><\/li>\n<\/ul>\n\n\n\n<h3 class=\"wp-block-heading\">2. <strong>Vatican News (slu\u017ebena web stranica i aplikacija)<\/strong><\/h3>\n\n\n\n<ul class=\"wp-block-list\">\n<li>Dostupno za Android i iOS.<\/li>\n\n\n\n<li>Besplatna aplikacija s vijestima, videozapisima i prijenosima u\u017eivo.<\/li>\n\n\n\n<li>\u2705 Android: https:\/\/play.google.com\/store\/apps\/details?id=va.vatican.news<\/li>\n\n\n\n<li>\u2705 iOS: https:\/\/apps.apple.com\/app\/vatican-news\/id1274047279<\/li>\n<\/ul>\n\n\n\n<h3 class=\"wp-block-heading\">3. <strong>Nova pjesma na TV-u<\/strong><\/h3>\n\n\n\n<ul class=\"wp-block-list\">\n<li>Brazilski kanal koji uvijek prati doga\u0111aje u Vatikanu.<\/li>\n\n\n\n<li>Emitiranje putem web stranice, TV-a i aplikacije.<\/li>\n\n\n\n<li>\u2705 Web stranica: <a href=\"https:\/\/tv.cancaonova.com\/\">https:\/\/tv.cancaonova.com\/<\/a><\/li>\n\n\n\n<li>\u2705 Android aplikacija: https:\/\/play.google.com\/store\/apps\/details?id=br.com.cancaonova.cnplay<\/li>\n\n\n\n<li>\u2705 App iOS: https:\/\/apps.apple.com\/br\/app\/can%C3%A7%C3%A3o-nova\/id1231190422<\/li>\n<\/ul>\n\n\n\n<h3 class=\"wp-block-heading\">4. <strong>EWTN \u2013 Televizijska mre\u017ea Vje\u010dne rije\u010di<\/strong><\/h3>\n\n\n\n<ul class=\"wp-block-list\">\n<li>Me\u0111unarodni katoli\u010dki kanal koji emitira na portugalskom jeziku.<\/li>\n\n\n\n<li>\u2705 Web stranica: <a href=\"https:\/\/www.ewtn.com\/pt\">https:\/\/www.ewtn.com\/pt<\/a><\/li>\n<\/ul>\n\n\n\n<h2 class=\"wp-block-heading\">Kako osigurati najbolje iskustvo gledanja online?<\/h2>\n\n\n\n<p><strong>Sigurno<\/strong>, kako biste sve pratili bez padova ili tehni\u010dkih problema, evo nekoliko jednostavnih savjeta:<\/p>\n\n\n\n<ul class=\"wp-block-list\">\n<li><strong>Pove\u017eite se s dobrom Wi-Fi mre\u017eom<\/strong>.<\/li>\n\n\n\n<li><strong>Koristite slu\u0161alice<\/strong>, posebno u bu\u010dnim okru\u017eenjima.<\/li>\n\n\n\n<li><strong>Emocionalno se pripremite<\/strong>: bit \u0107e to dirljiv i povijesni trenutak.<\/li>\n\n\n\n<li><strong>Podijelite emisiju s obitelji i prijateljima<\/strong>, posebno s onima koji se dive papi Franji.<\/li>\n<\/ul>\n\n\n\n<h2 class=\"wp-block-heading\">Zaklju\u010dak: Opro\u0161taj s vjerom i zahvalno\u0161\u0107u<\/h2>\n\n\n\n<p><strong>U svakom slu\u010daju<\/strong>Bdijenje pape Franje nije samo vjerski doga\u0111aj, ve\u0107 duhovna i povijesna prekretnica za cijelo \u010dovje\u010danstvo. <\/p>\n\n\n\n<p><strong>Na kraju<\/strong>, bio je pristupa\u010dan, skroman vo\u0111a, predan dubokim dru\u0161tvenim ciljevima. Njegov odlazak ostavlja u nama \u010de\u017enju, ali i nadahnjuje ljubav, jedinstvo i nadu.<\/p>\n\n\n\n<p><strong>Stoga<\/strong>Prisustvovanje bdjenju, \u010dak i iz daljine, gest je naklonosti i po\u0161tovanja. <strong>Pripremite se, pove\u017eite se i sudjelujte u ovom trenutku otvorenog srca.<\/strong><\/p>\n\n\n\n<p>Ako \u017eelite, mogu vam pomo\u0107i konfigurirati aplikacije ili \u010dak stvoriti podsjetnike na va\u0161em mobitelu kako ne biste propustili nijedan dio ceremonije.<br> <br><a href=\"https:\/\/clomid.live\/category\/curiosidade\">Vidi tako\u0111er\u2026<\/a><\/p>","protected":false},"excerpt":{"rendered":"<p>Otkrijte kako u\u017eivo gledati sprovod pape Franje: Gdje gledati, besplatne aplikacije i slu\u017ebeni kanali. Gledajte u\u017eivo. Povijesni trenutak koji je potresao cijeli svijet. Svakako, smrt pape Franje ozna\u010dava jedan od najutjecajnijih doga\u0111aja u novijoj povijesti Katoli\u010dke crkve i svijeta. Me\u0111utim, za milijune vjernika i\u2026 <\/p>","protected":false},"author":11,"featured_media":0,"comment_status":"closed","ping_status":"closed","sticky":false,"template":"","format":"standard","meta":{"footnotes":""},"categories":[1],"tags":[675,220,253,258,287,672,631,673,674],"class_list":["post-1489","post","type-post","status-publish","format-standard","hentry","category-uncategorized","tag-ao-vivo","tag-aplicativo-gratis","tag-assistir-gratis","tag-assistir-tv","tag-baixar-gratis","tag-despedida","tag-papa-francisco","tag-velorio","tag-velorio-do-papa-francisco-ao-vivo","latest_post"],"yoast_head":"<!-- This site is optimized with the Yoast SEO plugin v27.1.1 - https:\/\/yoast.com\/product\/yoast-seo-wordpress\/ -->\n<title>Vel\u00f3rio do Papa Francisco ao Vivo - Blog Racks<\/title>\n<meta name=\"description\" content=\"Descubra Como Assistir ao Vel\u00f3rio do Papa Francisco ao Vivo Onde Ver, Aplicativos Gratuitos e Canais Oficiais\" \/>\n<meta name=\"robots\" content=\"index, follow, max-snippet:-1, max-image-preview:large, max-video-preview:-1\" \/>\n<link rel=\"canonical\" href=\"https:\/\/blog.racksweekend.com.br\/hr\/1489\/velorio-do-papa-francisco-ao-vivo\/\" \/>\n<meta property=\"og:locale\" content=\"hr_HR\" \/>\n<meta property=\"og:type\" content=\"article\" \/>\n<meta property=\"og:title\" content=\"Vel\u00f3rio do Papa Francisco ao Vivo - Blog Racks\" \/>\n<meta property=\"og:description\" content=\"Descubra Como Assistir ao Vel\u00f3rio do Papa Francisco ao Vivo Onde Ver, Aplicativos Gratuitos e Canais Oficiais\" \/>\n<meta property=\"og:url\" content=\"https:\/\/blog.racksweekend.com.br\/hr\/1489\/velorio-do-papa-francisco-ao-vivo\/\" \/>\n<meta property=\"og:site_name\" content=\"Blog Racks\" \/>\n<meta property=\"article:published_time\" content=\"2025-04-25T11:53:02+00:00\" \/>\n<meta property=\"article:modified_time\" content=\"2025-04-25T11:53:40+00:00\" \/>\n<meta name=\"author\" content=\"Isaac\" \/>\n<meta name=\"twitter:card\" content=\"summary_large_image\" \/>\n<meta name=\"twitter:label1\" content=\"Napisao\/la\" \/>\n\t<meta name=\"twitter:data1\" content=\"Isaac\" \/>\n\t<meta name=\"twitter:label2\" content=\"Procijenjeno vrijeme \u010ditanja\" \/>\n\t<meta name=\"twitter:data2\" content=\"4 minute\" \/>\n<script type=\"application\/ld+json\" class=\"yoast-schema-graph\">{\"@context\":\"https:\/\/schema.org\",\"@graph\":[{\"@type\":\"Article\",\"@id\":\"https:\/\/blog.racksweekend.com.br\/1489\/velorio-do-papa-francisco-ao-vivo\/#article\",\"isPartOf\":{\"@id\":\"https:\/\/blog.racksweekend.com.br\/1489\/velorio-do-papa-francisco-ao-vivo\/\"},\"author\":{\"name\":\"Isaac\",\"@id\":\"https:\/\/blog.racksweekend.com.br\/en\/#\/schema\/person\/e8bce98e1bb2740907d9d40f82cee71b\"},\"headline\":\"Vel\u00f3rio do Papa Francisco ao Vivo\",\"datePublished\":\"2025-04-25T11:53:02+00:00\",\"dateModified\":\"2025-04-25T11:53:40+00:00\",\"mainEntityOfPage\":{\"@id\":\"https:\/\/blog.racksweekend.com.br\/1489\/velorio-do-papa-francisco-ao-vivo\/\"},\"wordCount\":772,\"publisher\":{\"@id\":\"https:\/\/blog.racksweekend.com.br\/en\/#organization\"},\"keywords\":[\"ao vivo\",\"aplicativo gr\u00e1tis\",\"assistir Gr\u00e1tis\",\"Assistir tv\",\"baixar gr\u00e1tis\",\"despedida\",\"papa francisco\",\"velorio\",\"Vel\u00f3rio do Papa Francisco ao Vivo\"],\"articleSection\":[\"Aplicativos\"],\"inLanguage\":\"hr\"},{\"@type\":\"WebPage\",\"@id\":\"https:\/\/blog.racksweekend.com.br\/1489\/velorio-do-papa-francisco-ao-vivo\/\",\"url\":\"https:\/\/blog.racksweekend.com.br\/1489\/velorio-do-papa-francisco-ao-vivo\/\",\"name\":\"Vel\u00f3rio do Papa Francisco ao Vivo - Blog Racks\",\"isPartOf\":{\"@id\":\"https:\/\/blog.racksweekend.com.br\/en\/#website\"},\"datePublished\":\"2025-04-25T11:53:02+00:00\",\"dateModified\":\"2025-04-25T11:53:40+00:00\",\"description\":\"Descubra Como Assistir ao Vel\u00f3rio do Papa Francisco ao Vivo Onde Ver, Aplicativos Gratuitos e Canais Oficiais\",\"breadcrumb\":{\"@id\":\"https:\/\/blog.racksweekend.com.br\/1489\/velorio-do-papa-francisco-ao-vivo\/#breadcrumb\"},\"inLanguage\":\"hr\",\"potentialAction\":[{\"@type\":\"ReadAction\",\"target\":[\"https:\/\/blog.racksweekend.com.br\/1489\/velorio-do-papa-francisco-ao-vivo\/\"]}]},{\"@type\":\"BreadcrumbList\",\"@id\":\"https:\/\/blog.racksweekend.com.br\/1489\/velorio-do-papa-francisco-ao-vivo\/#breadcrumb\",\"itemListElement\":[{\"@type\":\"ListItem\",\"position\":1,\"name\":\"Home\",\"item\":\"https:\/\/blog.racksweekend.com.br\/en\/\"},{\"@type\":\"ListItem\",\"position\":2,\"name\":\"Vel\u00f3rio do Papa Francisco ao Vivo\"}]},{\"@type\":\"WebSite\",\"@id\":\"https:\/\/blog.racksweekend.com.br\/en\/#website\",\"url\":\"https:\/\/blog.racksweekend.com.br\/en\/\",\"name\":\"Blog Racks\",\"description\":\"Weekend\",\"publisher\":{\"@id\":\"https:\/\/blog.racksweekend.com.br\/en\/#organization\"},\"potentialAction\":[{\"@type\":\"SearchAction\",\"target\":{\"@type\":\"EntryPoint\",\"urlTemplate\":\"https:\/\/blog.racksweekend.com.br\/en\/?s={search_term_string}\"},\"query-input\":{\"@type\":\"PropertyValueSpecification\",\"valueRequired\":true,\"valueName\":\"search_term_string\"}}],\"inLanguage\":\"hr\"},{\"@type\":\"Organization\",\"@id\":\"https:\/\/blog.racksweekend.com.br\/en\/#organization\",\"name\":\"Blog Racks\",\"url\":\"https:\/\/blog.racksweekend.com.br\/en\/\",\"logo\":{\"@type\":\"ImageObject\",\"inLanguage\":\"hr\",\"@id\":\"https:\/\/blog.racksweekend.com.br\/en\/#\/schema\/logo\/image\/\",\"url\":\"https:\/\/blog.racksweekend.com.br\/wp-content\/uploads\/2024\/02\/cropped-BLOG.png\",\"contentUrl\":\"https:\/\/blog.racksweekend.com.br\/wp-content\/uploads\/2024\/02\/cropped-BLOG.png\",\"width\":1248,\"height\":771,\"caption\":\"Blog Racks\"},\"image\":{\"@id\":\"https:\/\/blog.racksweekend.com.br\/en\/#\/schema\/logo\/image\/\"}},{\"@type\":\"Person\",\"@id\":\"https:\/\/blog.racksweekend.com.br\/en\/#\/schema\/person\/e8bce98e1bb2740907d9d40f82cee71b\",\"name\":\"Isaac\",\"image\":{\"@type\":\"ImageObject\",\"inLanguage\":\"hr\",\"@id\":\"https:\/\/blog.racksweekend.com.br\/en\/#\/schema\/person\/image\/\",\"url\":\"https:\/\/blog.racksweekend.com.br\/wp-content\/litespeed\/avatar\/394da628e0e367b1790570a93fe58e9b.jpg?ver=1777408957\",\"contentUrl\":\"https:\/\/blog.racksweekend.com.br\/wp-content\/litespeed\/avatar\/394da628e0e367b1790570a93fe58e9b.jpg?ver=1777408957\",\"caption\":\"Isaac\"},\"url\":\"https:\/\/blog.racksweekend.com.br\/hr\/author\/isaac\/\"}]}<\/script>\n<!-- \/ Yoast SEO plugin. -->","yoast_head_json":{"title":"Vel\u00f3rio do Papa Francisco ao Vivo - Blog Racks","description":"Descubra Como Assistir ao Vel\u00f3rio do Papa Francisco ao Vivo Onde Ver, Aplicativos Gratuitos e Canais Oficiais","robots":{"index":"index","follow":"follow","max-snippet":"max-snippet:-1","max-image-preview":"max-image-preview:large","max-video-preview":"max-video-preview:-1"},"canonical":"https:\/\/blog.racksweekend.com.br\/hr\/1489\/velorio-do-papa-francisco-ao-vivo\/","og_locale":"hr_HR","og_type":"article","og_title":"Vel\u00f3rio do Papa Francisco ao Vivo - Blog Racks","og_description":"Descubra Como Assistir ao Vel\u00f3rio do Papa Francisco ao Vivo Onde Ver, Aplicativos Gratuitos e Canais Oficiais","og_url":"https:\/\/blog.racksweekend.com.br\/hr\/1489\/velorio-do-papa-francisco-ao-vivo\/","og_site_name":"Blog Racks","article_published_time":"2025-04-25T11:53:02+00:00","article_modified_time":"2025-04-25T11:53:40+00:00","author":"Isaac","twitter_card":"summary_large_image","twitter_misc":{"Napisao\/la":"Isaac","Procijenjeno vrijeme \u010ditanja":"4 minute"},"schema":{"@context":"https:\/\/schema.org","@graph":[{"@type":"Article","@id":"https:\/\/blog.racksweekend.com.br\/1489\/velorio-do-papa-francisco-ao-vivo\/#article","isPartOf":{"@id":"https:\/\/blog.racksweekend.com.br\/1489\/velorio-do-papa-francisco-ao-vivo\/"},"author":{"name":"Isaac","@id":"https:\/\/blog.racksweekend.com.br\/en\/#\/schema\/person\/e8bce98e1bb2740907d9d40f82cee71b"},"headline":"Vel\u00f3rio do Papa Francisco ao Vivo","datePublished":"2025-04-25T11:53:02+00:00","dateModified":"2025-04-25T11:53:40+00:00","mainEntityOfPage":{"@id":"https:\/\/blog.racksweekend.com.br\/1489\/velorio-do-papa-francisco-ao-vivo\/"},"wordCount":772,"publisher":{"@id":"https:\/\/blog.racksweekend.com.br\/en\/#organization"},"keywords":["ao vivo","aplicativo gr\u00e1tis","assistir Gr\u00e1tis","Assistir tv","baixar gr\u00e1tis","despedida","papa francisco","velorio","Vel\u00f3rio do Papa Francisco ao Vivo"],"articleSection":["Aplicativos"],"inLanguage":"hr"},{"@type":"WebPage","@id":"https:\/\/blog.racksweekend.com.br\/1489\/velorio-do-papa-francisco-ao-vivo\/","url":"https:\/\/blog.racksweekend.com.br\/1489\/velorio-do-papa-francisco-ao-vivo\/","name":"Vel\u00f3rio do Papa Francisco ao Vivo - Blog Racks","isPartOf":{"@id":"https:\/\/blog.racksweekend.com.br\/en\/#website"},"datePublished":"2025-04-25T11:53:02+00:00","dateModified":"2025-04-25T11:53:40+00:00","description":"Descubra Como Assistir ao Vel\u00f3rio do Papa Francisco ao Vivo Onde Ver, Aplicativos Gratuitos e Canais Oficiais","breadcrumb":{"@id":"https:\/\/blog.racksweekend.com.br\/1489\/velorio-do-papa-francisco-ao-vivo\/#breadcrumb"},"inLanguage":"hr","potentialAction":[{"@type":"ReadAction","target":["https:\/\/blog.racksweekend.com.br\/1489\/velorio-do-papa-francisco-ao-vivo\/"]}]},{"@type":"BreadcrumbList","@id":"https:\/\/blog.racksweekend.com.br\/1489\/velorio-do-papa-francisco-ao-vivo\/#breadcrumb","itemListElement":[{"@type":"ListItem","position":1,"name":"Home","item":"https:\/\/blog.racksweekend.com.br\/en\/"},{"@type":"ListItem","position":2,"name":"Vel\u00f3rio do Papa Francisco ao Vivo"}]},{"@type":"WebSite","@id":"https:\/\/blog.racksweekend.com.br\/en\/#website","url":"https:\/\/blog.racksweekend.com.br\/en\/","name":"Stalci za blogove","description":"Vikend","publisher":{"@id":"https:\/\/blog.racksweekend.com.br\/en\/#organization"},"potentialAction":[{"@type":"SearchAction","target":{"@type":"EntryPoint","urlTemplate":"https:\/\/blog.racksweekend.com.br\/en\/?s={search_term_string}"},"query-input":{"@type":"PropertyValueSpecification","valueRequired":true,"valueName":"search_term_string"}}],"inLanguage":"hr"},{"@type":"Organization","@id":"https:\/\/blog.racksweekend.com.br\/en\/#organization","name":"Stalci za blogove","url":"https:\/\/blog.racksweekend.com.br\/en\/","logo":{"@type":"ImageObject","inLanguage":"hr","@id":"https:\/\/blog.racksweekend.com.br\/en\/#\/schema\/logo\/image\/","url":"https:\/\/blog.racksweekend.com.br\/wp-content\/uploads\/2024\/02\/cropped-BLOG.png","contentUrl":"https:\/\/blog.racksweekend.com.br\/wp-content\/uploads\/2024\/02\/cropped-BLOG.png","width":1248,"height":771,"caption":"Blog Racks"},"image":{"@id":"https:\/\/blog.racksweekend.com.br\/en\/#\/schema\/logo\/image\/"}},{"@type":"Person","@id":"https:\/\/blog.racksweekend.com.br\/en\/#\/schema\/person\/e8bce98e1bb2740907d9d40f82cee71b","name":"Isaac","image":{"@type":"ImageObject","inLanguage":"hr","@id":"https:\/\/blog.racksweekend.com.br\/en\/#\/schema\/person\/image\/","url":"https:\/\/blog.racksweekend.com.br\/wp-content\/litespeed\/avatar\/394da628e0e367b1790570a93fe58e9b.jpg?ver=1777408957","contentUrl":"https:\/\/blog.racksweekend.com.br\/wp-content\/litespeed\/avatar\/394da628e0e367b1790570a93fe58e9b.jpg?ver=1777408957","caption":"Isaac"},"url":"https:\/\/blog.racksweekend.com.br\/hr\/author\/isaac\/"}]}},"_links":{"self":[{"href":"https:\/\/blog.racksweekend.com.br\/hr\/wp-json\/wp\/v2\/posts\/1489","targetHints":{"allow":["GET"]}}],"collection":[{"href":"https:\/\/blog.racksweekend.com.br\/hr\/wp-json\/wp\/v2\/posts"}],"about":[{"href":"https:\/\/blog.racksweekend.com.br\/hr\/wp-json\/wp\/v2\/types\/post"}],"author":[{"embeddable":true,"href":"https:\/\/blog.racksweekend.com.br\/hr\/wp-json\/wp\/v2\/users\/11"}],"replies":[{"embeddable":true,"href":"https:\/\/blog.racksweekend.com.br\/hr\/wp-json\/wp\/v2\/comments?post=1489"}],"version-history":[{"count":2,"href":"https:\/\/blog.racksweekend.com.br\/hr\/wp-json\/wp\/v2\/posts\/1489\/revisions"}],"predecessor-version":[{"id":1494,"href":"https:\/\/blog.racksweekend.com.br\/hr\/wp-json\/wp\/v2\/posts\/1489\/revisions\/1494"}],"wp:attachment":[{"href":"https:\/\/blog.racksweekend.com.br\/hr\/wp-json\/wp\/v2\/media?parent=1489"}],"wp:term":[{"taxonomy":"category","embeddable":true,"href":"https:\/\/blog.racksweekend.com.br\/hr\/wp-json\/wp\/v2\/categories?post=1489"},{"taxonomy":"post_tag","embeddable":true,"href":"https:\/\/blog.racksweekend.com.br\/hr\/wp-json\/wp\/v2\/tags?post=1489"}],"curies":[{"name":"radni list","href":"https:\/\/api.w.org\/{rel}","templated":true}]}}