{"id":524,"date":"2024-09-24T22:34:42","date_gmt":"2024-09-24T22:34:42","guid":{"rendered":"https:\/\/blog.racksweekend.com.br\/?p=524"},"modified":"2024-09-24T22:34:43","modified_gmt":"2024-09-24T22:34:43","slug":"tecnologia-e-mercado-de-trabalho","status":"publish","type":"post","link":"https:\/\/blog.racksweekend.com.br\/hr\/524\/tecnologia-e-mercado-de-trabalho\/","title":{"rendered":"Tehnologija i tr\u017ei\u0161te rada"},"content":{"rendered":"<p>Tehnologija je upla\u0161ila neke ljude na tr\u017ei\u0161tu rada zbog straha koji ljudi imaju da \u0107e izgubiti svoja radna mjesta zbog tehnologije.<\/p>\n\n\n\n<p>Alternativa da se to sprije\u010di je da budete u tijeku s najnovijim razvojem u tehnolo\u0161kom svijetu, to \u0107e sigurno napraviti veliku razliku.<\/p>\n\n\n\n<p>Tr\u017ei\u0161te rada prolazi kroz pravu revoluciju, potaknutu tehnolo\u0161kim napretkom koji transformira industrije, profesije i radne odnose.<\/p>\n\n\n\n<p>Od inovacija kao \u0161to su automatizacija i umjetna inteligencija do promjena u na\u010dinu rada s porastom rada od ku\u0107e, tehnologija je duboko utjecala na na\u010din na koji radimo.<\/p>\n\n\n\n<p>U ovom dinami\u010dnom scenariju bitno je razumjeti kako ti trendovi oblikuju budu\u0107nost tr\u017ei\u0161ta rada i \u0161to to zna\u010di za profesionalce i tvrtke diljem svijeta.<\/p>\n\n\n\n<h2 class=\"wp-block-heading\"><strong>Automatizacija<\/strong><\/h2>\n\n\n\n<p>Uz mogu\u0107nost brzog i u\u010dinkovitog obavljanja ponavljaju\u0107ih zadataka, strojevi i algoritmi zamjenjuju funkcije koje su prije obavljali ljudi.<\/p>\n\n\n\n<p>To se mo\u017ee vidjeti u tvornicama, gdje automatizirani roboti preuzimaju masovnu proizvodnju, ili \u010dak u uredima, gdje se softver koristi za obavljanje administrativnih i financijskih rutina.<\/p>\n\n\n\n<p>Ovaj pokret generira rekonfiguraciju tradicionalnih zanimanja, istovremeno otvaraju\u0107i vrata novim vrstama rada.<\/p>\n\n\n\n<p>Nadalje, automatizacija transformira poslove koji jo\u0161 uvijek zahtijevaju ljudski rad.<\/p>\n\n\n\n<h2 class=\"wp-block-heading\">Zadaci<\/h2>\n\n\n\n<p>Sada se radnici moraju usredoto\u010diti na slo\u017eenije i kreativnije zadatke, dok vi\u0161e mehani\u010dki i ponavljaju\u0107i posao prepu\u0161taju strojevima.<\/p>\n\n\n\n<p>To zahtijeva novi na\u010din razmi\u0161ljanja u poslovnom okru\u017eenju, sa sve ve\u0107im naglaskom na kvalifikacije i prilagodljivost.<\/p>\n\n\n\n<p>Na tr\u017ei\u0161tu se izdvajaju profesionalci koji se mogu nositi s novim tehnologijama, programirati algoritme ili koristiti napredne alate.<\/p>\n\n\n\n<p>Dok funkcije koje su nekad bile uobi\u010dajene nestaju ili zastarijevaju.<\/p>\n\n\n\n<p><strong>Umjetna inteligencija (AI) <\/strong><\/p>\n\n\n\n<p>AI vi\u0161e nije daleka tehnologija, ve\u0107 je prisutna u nekoliko tvrtki, poma\u017eu\u0107i od analize podataka do korisni\u010dke slu\u017ebe.<\/p>\n\n\n\n<p>AI algoritmi mogu obraditi ogromnu koli\u010dinu informacija u stvarnom vremenu, identificirati obrasce i ponuditi uvide koji poma\u017eu u dono\u0161enju odluka.<\/p>\n\n\n\n<p>To je bila razlika u podru\u010djima kao \u0161to je marketing, gdje je personalizacija kampanje mogu\u0107a zahvaljuju\u0107i prediktivnoj analizi pona\u0161anja, ili u financijskom sektoru, koji koristi AI za otkrivanje prijevara i upravljanje investicijskim portfeljima.<\/p>\n\n\n\n<p>Kao rezultat toga, velika je potra\u017enja za stru\u010dnjacima koji imaju vje\u0161tine u znanosti o podacima, strojnom u\u010denju i programiranju.<\/p>\n\n\n\n<p>Tvrtke tra\u017ee zaposlenike sposobne razvijati i upravljati sustavima temeljenim na umjetnoj inteligenciji, stvaraju\u0107i novo tr\u017ei\u0161te rada usmjereno na napredne tehnolo\u0161ke vje\u0161tine.<\/p>\n\n\n\n<p>U isto vrijeme, umjetna inteligencija omogu\u0107uje radnicima s ni\u017eim tehni\u010dkim obrazovanjem da tako\u0111er koriste ove alate za pobolj\u0161anje svoje izvedbe, demokratiziraju\u0107i pristup mo\u0107nim tehnologijama.<\/p>\n\n\n\n<h2 class=\"wp-block-heading\"><strong>Rad na daljinu<\/strong><\/h2>\n\n\n\n<p>Pandemija COVID-19 ubrzala je proces, navode\u0107i tvrtke u svim sektorima da u velikoj mjeri prihvate rad od ku\u0107e.<\/p>\n\n\n\n<p>Platforme za videokonferencije, kao \u0161to su Zoom i Microsoft Teams, kao i alati za suradnju, kao \u0161to su Slack i Trello.<\/p>\n\n\n\n<p>Omogu\u0107ili su milijunima radnika diljem svijeta da u\u010dinkovito nastave svoje aktivnosti, \u010dak i daleko od fizi\u010dkog radnog okru\u017eenja.<\/p>\n\n\n\n<p>Sada, s ukidanjem ograni\u010denja zbog pandemije, mnoge tvrtke odlu\u010duju zadr\u017eati ili ubla\u017eiti svoje politike rada na daljinu.<\/p>\n\n\n\n<p>To je stvorilo scenarij u kojem je geografski polo\u017eaj radnika postao nebitan za mnoge uloge.<\/p>\n\n\n\n<p>Profesionalci mogu raditi s bilo kojeg mjesta u svijetu, \u0161to zna\u010dajno pove\u0107ava raspon mogu\u0107nosti zapo\u0161ljavanja, a istovremeno omogu\u0107uje tvrtkama zapo\u0161ljavanje globalnih talenata.<\/p>\n\n\n\n<p>Ovaj novi model rada tako\u0111er tjera na restrukturiranje ureda koji su sada vi\u0161e fokusirani na trenutke suradnje nego na individualni rad.<\/p>\n\n\n\n<h2 class=\"wp-block-heading\"><strong>Gig-ekonomija, ili gig-ekonomija.<\/strong><\/h2>\n\n\n\n<p>Uz platforme kao \u0161to su Uber, iFood i Airbnb, broj neovisnih radnika brzo raste.<\/p>\n\n\n\n<p>Ove platforme omogu\u0107uju ljudima da rade fleksibilno, kontroliraju vlastite rasporede i biraju zadatke koje \u017eele izvr\u0161iti.<\/p>\n\n\n\n<p>To stvara novu dinamiku, gdje tradicionalno formalno zaposlenje vi\u0161e nije jedini na\u010din zarade.<\/p>\n\n\n\n<p>Ekonomija koncerata nudi slobodu i fleksibilnost, ali donosi i izazove.<\/p>\n\n\n\n<p>Bez za\u0161tite i beneficija koje nude tradicionalni ugovori o radu, poput zdravstvenog osiguranja ili mirovina, mnogi zaposlenici u ekonomiji velikih poslova izlo\u017eeni su ve\u0107oj nesigurnosti.<\/p>\n\n\n\n<p>To je potaknulo rasprave o potrebi reguliranja ove vrste rada, kako bi se ponudilo vi\u0161e jamstava za one koji ovise o ovim platformama za uzdr\u017eavanje svojih obitelji.<\/p>\n\n\n\n<h2 class=\"wp-block-heading\">Digitalna revolucija na tr\u017ei\u0161tu rada<\/h2>\n\n\n\n<p>U me\u0111uvremenu, digitalna revolucija sna\u017eno utje\u010de na sektor obrazovanja i strukovnog osposobljavanja<strong>.<\/strong><\/p>\n\n\n\n<p>Potra\u017enja za tehnolo\u0161kim vje\u0161tinama dovodi do revidiranja nastavnih planova i programa na sveu\u010dili\u0161tima i obrazovnim institucijama diljem svijeta.<\/p>\n\n\n\n<p>\u0160kole sve vi\u0161e uklju\u010duju predmete poput programiranja, analize podataka i kiberneti\u010dke sigurnosti kako bi pripremile u\u010denike za zanimanja budu\u0107nosti.<\/p>\n\n\n\n<p>Nadalje, online u\u010denje postaje odr\u017eiva alternativa za profesionalce koji se \u017eele prekvalificirati ili ste\u0107i nove vje\u0161tine bez vra\u0107anja tradicionalnom obrazovanju.<\/p>\n\n\n\n<p>Pojava platformi za u\u010denje kao \u0161to su Coursera, Udemy i Khan Academy olak\u0161ala je pristup visokokvalitetnim te\u010dajevima koje nude renomirane institucije.<\/p>\n\n\n\n<p>\u010cesto po sni\u017eenoj cijeni ili \u010dak besplatno.<\/p>\n\n\n\n<p>To je demokratiziralo obrazovanje i omogu\u0107ilo ve\u0107em broju ljudi da steknu vje\u0161tine koje su im potrebne da bi napredovali na modernom tr\u017ei\u0161tu rada.<\/p>\n\n\n\n<p>Kao rezultat toga, postoji sve ve\u0107a potra\u017enja za certifikatima u podru\u010djima kao \u0161to su podatkovna znanost, UX\/UI dizajn i digitalni marketing.<\/p>\n\n\n\n<h2 class=\"wp-block-heading\"><strong>blockchain tehnologija<\/strong>n<\/h2>\n\n\n\n<p>Izvorno povezan sa sektorom kriptovaluta, blockchain se sve vi\u0161e primjenjuje na druge industrije zbog svoje sposobnosti da ponudi sigurnost i transparentnost u transakcijama.<\/p>\n\n\n\n<p>U sektoru ljudskih resursa, na primjer, blockchain se mo\u017ee koristiti za brzu provjeru vjerodajnica, eliminiraju\u0107i prijevare sa \u017eivotopisima i olak\u0161avaju\u0107i procese zapo\u0161ljavanja.<\/p>\n\n\n\n<p>Nadalje, tehnologija se mo\u017ee koristiti za upravljanje pametnim ugovorima, automatiziranje pla\u0107anja i drugih radnih obveza na siguran i transparentan na\u010din.<\/p>\n\n\n\n<p>Profesionalci koji imaju stru\u010dnost u blockchainu i kiberneti\u010dkoj sigurnosti vrlo su tra\u017eeni jer tvrtke shva\u0107aju vrijednost ove tehnologije za za\u0161titu podataka i operacija.<\/p>\n\n\n\n<p>Ovo stvara novo igrali\u0161te za programere, sistemske in\u017eenjere i stru\u010dnjake za sigurnost, koji oblikuju budu\u0107nost interneta i tr\u017ei\u0161ta rada u cjelini.<\/p>\n\n\n\n<h2 class=\"wp-block-heading\"><strong>Cyber sigurnost na tr\u017ei\u0161tu rada<\/strong><\/h2>\n\n\n\n<p>Nadalje, s pove\u0107anjem digitalizacije, tvrtke su sve vi\u0161e izlo\u017eene kiberneti\u010dkim prijetnjama, od kra\u0111e osobnih podataka do napada ransomwarea.<\/p>\n\n\n\n<p>To je dovelo do eksplozivne potra\u017enje za stru\u010dnjacima specijaliziranim za za\u0161titu sustava i mre\u017ea, \u0161to je kiberneti\u010dku sigurnost pretvorilo u jednu od najperspektivnijih karijera u ovom trenutku.<\/p>\n\n\n\n<p>Me\u0111utim, tvrtke svih veli\u010dina, od startupa do velikih korporacija, zapo\u0161ljavaju stru\u010dnjake za sigurnost kako bi osigurali za\u0161titu svojih podataka i operacija.<\/p>\n\n\n\n<p>U isto vrijeme, vlade diljem svijeta provode nove propise i zakone o za\u0161titi podataka, poput GDPR-a u Europi i LGPD-a u Brazilu.<\/p>\n\n\n\n<p>\u0160to pove\u0107ava odgovornost organizacija u odnosu na privatnost i informacijsku sigurnost.<\/p>\n\n\n\n<h2 class=\"wp-block-heading\"><strong>Emocionalna inteligencija <\/strong><\/h2>\n\n\n\n<p>Me\u0111utim, s automatizacijom i umjetnom inteligencijom koji preuzimaju mnoge tehni\u010dke i ponavljaju\u0107e zadatke.<\/p>\n\n\n\n<p>Tvrtke sve vi\u0161e tra\u017ee stru\u010dnjake koji posjeduju me\u0111uljudske vje\u0161tine, poput empatije, komunikacije i rje\u0161avanja sukoba.<\/p>\n\n\n\n<p>To se posebno odra\u017eava na vode\u0107e uloge, gdje je sposobnost upravljanja razli\u010ditim timovima i suo\u010davanja sa slo\u017eenim situacijama postala klju\u010dna.<\/p>\n\n\n\n<p>Osim toga, emocionalna inteligencija tako\u0111er se uklju\u010duje u programe razvoja zaposlenika.<\/p>\n\n\n\n<p>Budu\u0107i da tvrtke prepoznaju da su zaposlenici s ovim vje\u0161tinama skloniji biti prilagodljiviji i produktivniji.<\/p>\n\n\n\n<p>To pokazuje da, \u010dak iu visokotehnolo\u0161kom svijetu, ljudske kvalitete i dalje igraju sredi\u0161nju ulogu u uspjehu organizacija.<\/p>\n\n\n\n<h2 class=\"wp-block-heading\"><strong>Nove tehnologije<\/strong> na tr\u017ei\u0161tu rada<\/h2>\n\n\n\n<p>Prediktivna analitika i alati umjetne inteligencije koriste se za identifikaciju kandidata koji najbolje odgovaraju \u017eeljenim profilima.<\/p>\n\n\n\n<p>Analiziraju\u0107i sve, od va\u0161ih prethodnih iskustava do va\u0161ih interakcija na dru\u0161tvenim mre\u017eama.<\/p>\n\n\n\n<p>Stoga to tvrtkama omogu\u0107uje dono\u0161enje utemeljenijih odluka i potencijalno smanjenje fluktuacije zaposlenika.<\/p>\n\n\n\n<p>Istodobno, video intervjui i online procesi odabira postali su norma za mnoge tvrtke.<\/p>\n\n\n\n<p>Omogu\u0107uje kandidatima iz bilo kojeg dijela svijeta da sudjeluju u selekcijskim procesima bez potrebe da putuju.<\/p>\n\n\n\n<p>Kona\u010dno, to tako\u0111er pogoduje uklju\u010divanju i raznolikosti na tr\u017ei\u0161tu rada, budu\u0107i da geografske i logisti\u010dke prepreke postaju sve manje relevantne.<\/p>\n\n\n\n<h2 class=\"wp-block-heading\"><strong>Novi oblici zapo\u0161ljavanja<\/strong> \u2013 tr\u017ei\u0161te rada<\/h2>\n\n\n\n<p>Profesije kao \u0161to su programeri igara za virtualnu stvarnost, konzultanti za digitalnu transformaciju, pa \u010dak i digitalni influenceri, primjeri su karijera koje nisu postojale prije samo nekoliko godina.<\/p>\n\n\n\n<p>Ali danas sele milijune dolara diljem svijeta.<\/p>\n\n\n\n<p>Ovo stalno stvaranje novih uloga pokazuje dinami\u010dnost tr\u017ei\u0161ta rada s tehnologijom i poja\u010dava potrebu za stalnom prilagodbom od strane radnika.<\/p>\n\n\n\n<p>Sposobnost brzog u\u010denja, prilagodbe novim alatima i razvijanja kreativnog na\u010dina razmi\u0161ljanja bit \u0107e presudna za uspjeh u ovom scenariju.<\/p>","protected":false},"excerpt":{"rendered":"<p>Tehnologija je upla\u0161ila neke ljude na tr\u017ei\u0161tu rada zbog straha koji ljudi imaju da \u0107e izgubiti svoja radna mjesta zbog tehnologije. Alternativa da se to sprije\u010di je da budete u tijeku s najnovijim razvojem u tehnolo\u0161kom svijetu, to \u0107e sigurno napraviti veliku razliku. Tr\u017ei\u0161te rada prolazi kroz\u2026 <\/p>","protected":false},"author":1,"featured_media":532,"comment_status":"closed","ping_status":"open","sticky":false,"template":"","format":"standard","meta":{"footnotes":""},"categories":[184],"tags":[257,256],"class_list":["post-524","post","type-post","status-publish","format-standard","has-post-thumbnail","hentry","category-novidades","tag-mercado-de-trabalho","tag-novidades","latest_post"],"yoast_head":"<!-- This site is optimized with the Yoast SEO plugin v27.1.1 - https:\/\/yoast.com\/product\/yoast-seo-wordpress\/ -->\n<title>Tecnologia e mercado de trabalho - Blog Racks<\/title>\n<meta name=\"description\" content=\"A tecnologia tem assustado algumas pessoas no mercado de trabalho por conta do medo que as pessoas tem de perderem...\" \/>\n<meta name=\"robots\" content=\"index, follow, max-snippet:-1, max-image-preview:large, max-video-preview:-1\" \/>\n<link rel=\"canonical\" href=\"https:\/\/blog.racksweekend.com.br\/hr\/524\/tecnologia-e-mercado-de-trabalho\/\" \/>\n<meta property=\"og:locale\" content=\"hr_HR\" \/>\n<meta property=\"og:type\" content=\"article\" \/>\n<meta property=\"og:title\" content=\"Tecnologia e mercado de trabalho - Blog Racks\" \/>\n<meta property=\"og:description\" content=\"A tecnologia tem assustado algumas pessoas no mercado de trabalho por conta do medo que as pessoas tem de perderem...\" \/>\n<meta property=\"og:url\" content=\"https:\/\/blog.racksweekend.com.br\/hr\/524\/tecnologia-e-mercado-de-trabalho\/\" \/>\n<meta property=\"og:site_name\" content=\"Blog Racks\" \/>\n<meta property=\"article:published_time\" content=\"2024-09-24T22:34:42+00:00\" \/>\n<meta property=\"article:modified_time\" content=\"2024-09-24T22:34:43+00:00\" \/>\n<meta property=\"og:image\" content=\"http:\/\/blog.racksweekend.com.br\/wp-content\/uploads\/2024\/09\/mercado-de-trabalho.webp\" \/>\n\t<meta property=\"og:image:width\" content=\"800\" \/>\n\t<meta property=\"og:image:height\" content=\"600\" \/>\n\t<meta property=\"og:image:type\" content=\"image\/webp\" \/>\n<meta name=\"author\" content=\"admin\" \/>\n<meta name=\"twitter:card\" content=\"summary_large_image\" \/>\n<meta name=\"twitter:label1\" content=\"Napisao\/la\" \/>\n\t<meta name=\"twitter:data1\" content=\"admin\" \/>\n\t<meta name=\"twitter:label2\" content=\"Procijenjeno vrijeme \u010ditanja\" \/>\n\t<meta name=\"twitter:data2\" content=\"9 minuta\" \/>\n<script type=\"application\/ld+json\" class=\"yoast-schema-graph\">{\"@context\":\"https:\/\/schema.org\",\"@graph\":[{\"@type\":\"Article\",\"@id\":\"https:\/\/blog.racksweekend.com.br\/524\/tecnologia-e-mercado-de-trabalho\/#article\",\"isPartOf\":{\"@id\":\"https:\/\/blog.racksweekend.com.br\/524\/tecnologia-e-mercado-de-trabalho\/\"},\"author\":{\"name\":\"admin\",\"@id\":\"https:\/\/blog.racksweekend.com.br\/en\/#\/schema\/person\/b505dffaec1ce6ec9c47ca74400f2167\"},\"headline\":\"Tecnologia e mercado de trabalho\",\"datePublished\":\"2024-09-24T22:34:42+00:00\",\"dateModified\":\"2024-09-24T22:34:43+00:00\",\"mainEntityOfPage\":{\"@id\":\"https:\/\/blog.racksweekend.com.br\/524\/tecnologia-e-mercado-de-trabalho\/\"},\"wordCount\":1699,\"publisher\":{\"@id\":\"https:\/\/blog.racksweekend.com.br\/en\/#organization\"},\"image\":{\"@id\":\"https:\/\/blog.racksweekend.com.br\/524\/tecnologia-e-mercado-de-trabalho\/#primaryimage\"},\"thumbnailUrl\":\"https:\/\/blog.racksweekend.com.br\/wp-content\/uploads\/2024\/09\/mercado-de-trabalho.webp\",\"keywords\":[\"mercado de trabalho\",\"novidades\"],\"articleSection\":[\"Novidades\"],\"inLanguage\":\"hr\"},{\"@type\":\"WebPage\",\"@id\":\"https:\/\/blog.racksweekend.com.br\/524\/tecnologia-e-mercado-de-trabalho\/\",\"url\":\"https:\/\/blog.racksweekend.com.br\/524\/tecnologia-e-mercado-de-trabalho\/\",\"name\":\"Tecnologia e mercado de trabalho - Blog Racks\",\"isPartOf\":{\"@id\":\"https:\/\/blog.racksweekend.com.br\/en\/#website\"},\"primaryImageOfPage\":{\"@id\":\"https:\/\/blog.racksweekend.com.br\/524\/tecnologia-e-mercado-de-trabalho\/#primaryimage\"},\"image\":{\"@id\":\"https:\/\/blog.racksweekend.com.br\/524\/tecnologia-e-mercado-de-trabalho\/#primaryimage\"},\"thumbnailUrl\":\"https:\/\/blog.racksweekend.com.br\/wp-content\/uploads\/2024\/09\/mercado-de-trabalho.webp\",\"datePublished\":\"2024-09-24T22:34:42+00:00\",\"dateModified\":\"2024-09-24T22:34:43+00:00\",\"description\":\"A tecnologia tem assustado algumas pessoas no mercado de trabalho por conta do medo que as pessoas tem de perderem...\",\"breadcrumb\":{\"@id\":\"https:\/\/blog.racksweekend.com.br\/524\/tecnologia-e-mercado-de-trabalho\/#breadcrumb\"},\"inLanguage\":\"hr\",\"potentialAction\":[{\"@type\":\"ReadAction\",\"target\":[\"https:\/\/blog.racksweekend.com.br\/524\/tecnologia-e-mercado-de-trabalho\/\"]}]},{\"@type\":\"ImageObject\",\"inLanguage\":\"hr\",\"@id\":\"https:\/\/blog.racksweekend.com.br\/524\/tecnologia-e-mercado-de-trabalho\/#primaryimage\",\"url\":\"https:\/\/blog.racksweekend.com.br\/wp-content\/uploads\/2024\/09\/mercado-de-trabalho.webp\",\"contentUrl\":\"https:\/\/blog.racksweekend.com.br\/wp-content\/uploads\/2024\/09\/mercado-de-trabalho.webp\",\"width\":800,\"height\":600,\"caption\":\"mercado-de-trabalho\"},{\"@type\":\"BreadcrumbList\",\"@id\":\"https:\/\/blog.racksweekend.com.br\/524\/tecnologia-e-mercado-de-trabalho\/#breadcrumb\",\"itemListElement\":[{\"@type\":\"ListItem\",\"position\":1,\"name\":\"Home\",\"item\":\"https:\/\/blog.racksweekend.com.br\/en\/\"},{\"@type\":\"ListItem\",\"position\":2,\"name\":\"Tecnologia e mercado de trabalho\"}]},{\"@type\":\"WebSite\",\"@id\":\"https:\/\/blog.racksweekend.com.br\/en\/#website\",\"url\":\"https:\/\/blog.racksweekend.com.br\/en\/\",\"name\":\"Blog Racks\",\"description\":\"Weekend\",\"publisher\":{\"@id\":\"https:\/\/blog.racksweekend.com.br\/en\/#organization\"},\"potentialAction\":[{\"@type\":\"SearchAction\",\"target\":{\"@type\":\"EntryPoint\",\"urlTemplate\":\"https:\/\/blog.racksweekend.com.br\/en\/?s={search_term_string}\"},\"query-input\":{\"@type\":\"PropertyValueSpecification\",\"valueRequired\":true,\"valueName\":\"search_term_string\"}}],\"inLanguage\":\"hr\"},{\"@type\":\"Organization\",\"@id\":\"https:\/\/blog.racksweekend.com.br\/en\/#organization\",\"name\":\"Blog Racks\",\"url\":\"https:\/\/blog.racksweekend.com.br\/en\/\",\"logo\":{\"@type\":\"ImageObject\",\"inLanguage\":\"hr\",\"@id\":\"https:\/\/blog.racksweekend.com.br\/en\/#\/schema\/logo\/image\/\",\"url\":\"https:\/\/blog.racksweekend.com.br\/wp-content\/uploads\/2024\/02\/cropped-BLOG.png\",\"contentUrl\":\"https:\/\/blog.racksweekend.com.br\/wp-content\/uploads\/2024\/02\/cropped-BLOG.png\",\"width\":1248,\"height\":771,\"caption\":\"Blog Racks\"},\"image\":{\"@id\":\"https:\/\/blog.racksweekend.com.br\/en\/#\/schema\/logo\/image\/\"}},{\"@type\":\"Person\",\"@id\":\"https:\/\/blog.racksweekend.com.br\/en\/#\/schema\/person\/b505dffaec1ce6ec9c47ca74400f2167\",\"name\":\"admin\",\"image\":{\"@type\":\"ImageObject\",\"inLanguage\":\"hr\",\"@id\":\"https:\/\/blog.racksweekend.com.br\/en\/#\/schema\/person\/image\/\",\"url\":\"https:\/\/blog.racksweekend.com.br\/wp-content\/litespeed\/avatar\/36c8d907748a1f26a93d4fe1aaa0002c.jpg?ver=1777449799\",\"contentUrl\":\"https:\/\/blog.racksweekend.com.br\/wp-content\/litespeed\/avatar\/36c8d907748a1f26a93d4fe1aaa0002c.jpg?ver=1777449799\",\"caption\":\"admin\"},\"sameAs\":[\"http:\/\/blog.racksweekend.com.br\"],\"url\":\"https:\/\/blog.racksweekend.com.br\/hr\/author\/admin\/\"}]}<\/script>\n<!-- \/ Yoast SEO plugin. -->","yoast_head_json":{"title":"Tecnologia e mercado de trabalho - Blog Racks","description":"A tecnologia tem assustado algumas pessoas no mercado de trabalho por conta do medo que as pessoas tem de perderem...","robots":{"index":"index","follow":"follow","max-snippet":"max-snippet:-1","max-image-preview":"max-image-preview:large","max-video-preview":"max-video-preview:-1"},"canonical":"https:\/\/blog.racksweekend.com.br\/hr\/524\/tecnologia-e-mercado-de-trabalho\/","og_locale":"hr_HR","og_type":"article","og_title":"Tecnologia e mercado de trabalho - Blog Racks","og_description":"A tecnologia tem assustado algumas pessoas no mercado de trabalho por conta do medo que as pessoas tem de perderem...","og_url":"https:\/\/blog.racksweekend.com.br\/hr\/524\/tecnologia-e-mercado-de-trabalho\/","og_site_name":"Blog Racks","article_published_time":"2024-09-24T22:34:42+00:00","article_modified_time":"2024-09-24T22:34:43+00:00","og_image":[{"width":800,"height":600,"url":"http:\/\/blog.racksweekend.com.br\/wp-content\/uploads\/2024\/09\/mercado-de-trabalho.webp","type":"image\/webp"}],"author":"admin","twitter_card":"summary_large_image","twitter_misc":{"Napisao\/la":"admin","Procijenjeno vrijeme \u010ditanja":"9 minuta"},"schema":{"@context":"https:\/\/schema.org","@graph":[{"@type":"Article","@id":"https:\/\/blog.racksweekend.com.br\/524\/tecnologia-e-mercado-de-trabalho\/#article","isPartOf":{"@id":"https:\/\/blog.racksweekend.com.br\/524\/tecnologia-e-mercado-de-trabalho\/"},"author":{"name":"admin","@id":"https:\/\/blog.racksweekend.com.br\/en\/#\/schema\/person\/b505dffaec1ce6ec9c47ca74400f2167"},"headline":"Tecnologia e mercado de trabalho","datePublished":"2024-09-24T22:34:42+00:00","dateModified":"2024-09-24T22:34:43+00:00","mainEntityOfPage":{"@id":"https:\/\/blog.racksweekend.com.br\/524\/tecnologia-e-mercado-de-trabalho\/"},"wordCount":1699,"publisher":{"@id":"https:\/\/blog.racksweekend.com.br\/en\/#organization"},"image":{"@id":"https:\/\/blog.racksweekend.com.br\/524\/tecnologia-e-mercado-de-trabalho\/#primaryimage"},"thumbnailUrl":"https:\/\/blog.racksweekend.com.br\/wp-content\/uploads\/2024\/09\/mercado-de-trabalho.webp","keywords":["mercado de trabalho","novidades"],"articleSection":["Novidades"],"inLanguage":"hr"},{"@type":"WebPage","@id":"https:\/\/blog.racksweekend.com.br\/524\/tecnologia-e-mercado-de-trabalho\/","url":"https:\/\/blog.racksweekend.com.br\/524\/tecnologia-e-mercado-de-trabalho\/","name":"Tecnologia e mercado de trabalho - Blog Racks","isPartOf":{"@id":"https:\/\/blog.racksweekend.com.br\/en\/#website"},"primaryImageOfPage":{"@id":"https:\/\/blog.racksweekend.com.br\/524\/tecnologia-e-mercado-de-trabalho\/#primaryimage"},"image":{"@id":"https:\/\/blog.racksweekend.com.br\/524\/tecnologia-e-mercado-de-trabalho\/#primaryimage"},"thumbnailUrl":"https:\/\/blog.racksweekend.com.br\/wp-content\/uploads\/2024\/09\/mercado-de-trabalho.webp","datePublished":"2024-09-24T22:34:42+00:00","dateModified":"2024-09-24T22:34:43+00:00","description":"A tecnologia tem assustado algumas pessoas no mercado de trabalho por conta do medo que as pessoas tem de perderem...","breadcrumb":{"@id":"https:\/\/blog.racksweekend.com.br\/524\/tecnologia-e-mercado-de-trabalho\/#breadcrumb"},"inLanguage":"hr","potentialAction":[{"@type":"ReadAction","target":["https:\/\/blog.racksweekend.com.br\/524\/tecnologia-e-mercado-de-trabalho\/"]}]},{"@type":"ImageObject","inLanguage":"hr","@id":"https:\/\/blog.racksweekend.com.br\/524\/tecnologia-e-mercado-de-trabalho\/#primaryimage","url":"https:\/\/blog.racksweekend.com.br\/wp-content\/uploads\/2024\/09\/mercado-de-trabalho.webp","contentUrl":"https:\/\/blog.racksweekend.com.br\/wp-content\/uploads\/2024\/09\/mercado-de-trabalho.webp","width":800,"height":600,"caption":"mercado-de-trabalho"},{"@type":"BreadcrumbList","@id":"https:\/\/blog.racksweekend.com.br\/524\/tecnologia-e-mercado-de-trabalho\/#breadcrumb","itemListElement":[{"@type":"ListItem","position":1,"name":"Home","item":"https:\/\/blog.racksweekend.com.br\/en\/"},{"@type":"ListItem","position":2,"name":"Tecnologia e mercado de trabalho"}]},{"@type":"WebSite","@id":"https:\/\/blog.racksweekend.com.br\/en\/#website","url":"https:\/\/blog.racksweekend.com.br\/en\/","name":"Stalci za blogove","description":"Vikend","publisher":{"@id":"https:\/\/blog.racksweekend.com.br\/en\/#organization"},"potentialAction":[{"@type":"SearchAction","target":{"@type":"EntryPoint","urlTemplate":"https:\/\/blog.racksweekend.com.br\/en\/?s={search_term_string}"},"query-input":{"@type":"PropertyValueSpecification","valueRequired":true,"valueName":"search_term_string"}}],"inLanguage":"hr"},{"@type":"Organization","@id":"https:\/\/blog.racksweekend.com.br\/en\/#organization","name":"Stalci za blogove","url":"https:\/\/blog.racksweekend.com.br\/en\/","logo":{"@type":"ImageObject","inLanguage":"hr","@id":"https:\/\/blog.racksweekend.com.br\/en\/#\/schema\/logo\/image\/","url":"https:\/\/blog.racksweekend.com.br\/wp-content\/uploads\/2024\/02\/cropped-BLOG.png","contentUrl":"https:\/\/blog.racksweekend.com.br\/wp-content\/uploads\/2024\/02\/cropped-BLOG.png","width":1248,"height":771,"caption":"Blog Racks"},"image":{"@id":"https:\/\/blog.racksweekend.com.br\/en\/#\/schema\/logo\/image\/"}},{"@type":"Person","@id":"https:\/\/blog.racksweekend.com.br\/en\/#\/schema\/person\/b505dffaec1ce6ec9c47ca74400f2167","name":"admin","image":{"@type":"ImageObject","inLanguage":"hr","@id":"https:\/\/blog.racksweekend.com.br\/en\/#\/schema\/person\/image\/","url":"https:\/\/blog.racksweekend.com.br\/wp-content\/litespeed\/avatar\/36c8d907748a1f26a93d4fe1aaa0002c.jpg?ver=1777449799","contentUrl":"https:\/\/blog.racksweekend.com.br\/wp-content\/litespeed\/avatar\/36c8d907748a1f26a93d4fe1aaa0002c.jpg?ver=1777449799","caption":"admin"},"sameAs":["http:\/\/blog.racksweekend.com.br"],"url":"https:\/\/blog.racksweekend.com.br\/hr\/author\/admin\/"}]}},"_links":{"self":[{"href":"https:\/\/blog.racksweekend.com.br\/hr\/wp-json\/wp\/v2\/posts\/524","targetHints":{"allow":["GET"]}}],"collection":[{"href":"https:\/\/blog.racksweekend.com.br\/hr\/wp-json\/wp\/v2\/posts"}],"about":[{"href":"https:\/\/blog.racksweekend.com.br\/hr\/wp-json\/wp\/v2\/types\/post"}],"author":[{"embeddable":true,"href":"https:\/\/blog.racksweekend.com.br\/hr\/wp-json\/wp\/v2\/users\/1"}],"replies":[{"embeddable":true,"href":"https:\/\/blog.racksweekend.com.br\/hr\/wp-json\/wp\/v2\/comments?post=524"}],"version-history":[{"count":3,"href":"https:\/\/blog.racksweekend.com.br\/hr\/wp-json\/wp\/v2\/posts\/524\/revisions"}],"predecessor-version":[{"id":533,"href":"https:\/\/blog.racksweekend.com.br\/hr\/wp-json\/wp\/v2\/posts\/524\/revisions\/533"}],"wp:featuredmedia":[{"embeddable":true,"href":"https:\/\/blog.racksweekend.com.br\/hr\/wp-json\/wp\/v2\/media\/532"}],"wp:attachment":[{"href":"https:\/\/blog.racksweekend.com.br\/hr\/wp-json\/wp\/v2\/media?parent=524"}],"wp:term":[{"taxonomy":"category","embeddable":true,"href":"https:\/\/blog.racksweekend.com.br\/hr\/wp-json\/wp\/v2\/categories?post=524"},{"taxonomy":"post_tag","embeddable":true,"href":"https:\/\/blog.racksweekend.com.br\/hr\/wp-json\/wp\/v2\/tags?post=524"}],"curies":[{"name":"radni list","href":"https:\/\/api.w.org\/{rel}","templated":true}]}}