{"id":110,"date":"2024-02-10T16:34:21","date_gmt":"2024-02-10T16:34:21","guid":{"rendered":"https:\/\/blog.racksweekend.com.br\/?p=110"},"modified":"2025-04-16T13:03:54","modified_gmt":"2025-04-16T13:03:54","slug":"melhores-aplicativos-para-mudar-a-cor-do-cabelo","status":"publish","type":"post","link":"https:\/\/blog.racksweekend.com.br\/hu\/110\/melhores-aplicativos-para-mudar-a-cor-do-cabelo\/","title":{"rendered":"A legjobb alkalmaz\u00e1sok a hajsz\u00edn megv\u00e1ltoztat\u00e1s\u00e1hoz"},"content":{"rendered":"<p>Szeretett volna valaha is l\u00e1tni, hogy n\u00e9zel ki, miel\u0151tt gy\u00f6keresen megv\u00e1ltoztatn\u00e1 a megjelen\u00e9s\u00e9t? N\u00e9zze meg, hogyan <strong>legjobb alkalmaz\u00e1sok a hajsz\u00edn megv\u00e1ltoztat\u00e1s\u00e1hoz<\/strong>.<\/p>\n\n\n\n<p>Szerencs\u00e9re a technol\u00f3giai fejl\u0151d\u00e9s minden eddigin\u00e9l egyszer\u0171bb\u00e9 tette ezt <strong>tesztelje a k\u00fcl\u00f6nb\u00f6z\u0151 hajsz\u00edneket<\/strong> miel\u0151tt elk\u00f6telezn\u00e9 mag\u00e1t a radik\u00e1lis v\u00e1ltoz\u00e1s mellett.<\/p>\n\n\n\n<p>\u00cdgy az el\u00e9rhet\u0151 alkalmaz\u00e1sok sz\u00e9les v\u00e1laszt\u00e9k\u00e1val a sz\u00ednek \u00e9s st\u00edlusok sz\u00e9les v\u00e1laszt\u00e9k\u00e1val k\u00eds\u00e9rletezhet. <strong>an\u00e9lk\u00fcl, hogy elhagyn\u00e1 otthon\u00e1t<\/strong>.<\/p>\n\n\n\n<p>Ebben a cikkben megvizsg\u00e1ljuk a <strong>legjobb alkalmaz\u00e1sok a hajsz\u00edn megv\u00e1ltoztat\u00e1s\u00e1hoz<\/strong>, seg\u00edt megtal\u00e1lni a szem\u00e9lyis\u00e9gedhez \u00e9s st\u00edlusodhoz ill\u0151 t\u00f6k\u00e9letes megjelen\u00e9st.<\/p>\n\n\n\n<p>Term\u00e9szetesen a hajsz\u00edn megv\u00e1ltoztat\u00e1sa izgalmas m\u00f3dja annak, hogy friss\u00edtse megjelen\u00e9s\u00e9t \u00e9s kifejezze egy\u00e9nis\u00e9g\u00e9t.<\/p>\n\n\n\n<p>A helyes d\u00f6nt\u00e9s meghozatala azonban kih\u00edv\u00e1st jelenthet, k\u00fcl\u00f6n\u00f6sen, ha k\u00fcl\u00f6nb\u00f6z\u0151 sz\u00ednekr\u0151l \u00e9s \u00e1rnyalatokr\u00f3l van sz\u00f3.<\/p>\n\n\n\n<p>Szerencs\u00e9re a <strong>hajsz\u00edn megv\u00e1ltoztat\u00f3 alkalmaz\u00e1sok<\/strong> k\u00e9nyelmes \u00e9s kock\u00e1zatmentes megold\u00e1st k\u00edn\u00e1l <strong>pr\u00f3b\u00e1lj ki \u00faj st\u00edlusokat<\/strong> v\u00e9gleges v\u00e1ltoztat\u00e1s el\u0151tt.<\/p>\n\n\n\n<p>\u00cdgy a k\u00fcl\u00f6nf\u00e9le testreszabhat\u00f3 funkci\u00f3kkal \u00e9s opci\u00f3kkal ezek az alkalmaz\u00e1sok lehet\u0151v\u00e9 teszik a felfedez\u00e9st <strong>\u00faj megjelen\u00e9s\u00e9t k\u00f6nnyed\u00e9n \u00e9s magabiztosan<\/strong>.<\/p>\n\n\n\n<h2 class=\"wp-block-heading\">Hajsz\u00edn<\/h2>\n\n\n\n<p>Az alkalmaz\u00e1s <strong>Hajsz\u00edn<\/strong> hajsz\u00ednek sz\u00e9les v\u00e1laszt\u00e9k\u00e1t k\u00edn\u00e1lja, amelyeket kipr\u00f3b\u00e1lhat, a term\u00e9szetes t\u00f3nusokt\u00f3l az \u00e9l\u00e9nk, mer\u00e9sz sz\u00ednekig.<\/p>\n\n\n\n<p>\u00cdgy egy intuit\u00edv \u00e9s k\u00f6nnyen haszn\u00e1lhat\u00f3 kezel\u0151fel\u00fclettel felt\u00f6lthet egy fot\u00f3t mag\u00e1r\u00f3l, \u00e9s virtu\u00e1lisan jelentkezhet <strong>k\u00fcl\u00f6nb\u00f6z\u0151 hajsz\u00ednek<\/strong> hogy l\u00e1ssam, hogyan n\u00e9znek r\u00e1d.<\/p>\n\n\n\n<p>Ezenk\u00edv\u00fcl az alkalmaz\u00e1s szerkeszt\u00e9si lehet\u0151s\u00e9geket k\u00edn\u00e1l, p\u00e9ld\u00e1ul a f\u00e9nyer\u0151, a kontraszt \u00e9s a tel\u00edtetts\u00e9g be\u00e1ll\u00edt\u00e1sait, hogy tov\u00e1bb testreszabhassa megjelen\u00e9s\u00e9t.<\/p>\n\n\n\n<h2 class=\"wp-block-heading\">YouCam smink<\/h2>\n\n\n\n<p>B\u00e1r els\u0151sorban virtu\u00e1lis sminkfunkci\u00f3ir\u00f3l ismert, a <strong>YouCam smink<\/strong> is t\u00f6bbf\u00e9le lehet\u0151s\u00e9get k\u00edn\u00e1l <strong>hajsz\u00edn v\u00e1ltoz\u00e1s<\/strong>.<\/p>\n\n\n\n<p>Ezen t\u00falmen\u0151en a hangsz\u00ednek \u00e9s frizur\u00e1k kiterjedt k\u00f6nyvt\u00e1r\u00e1val rendelkezik <strong>k\u00eds\u00e9rletezzen k\u00fcl\u00f6nb\u00f6z\u0151 sz\u00ednekkel \u00e9s szab\u00e1sokkal, hogy megtal\u00e1lja a t\u00f6k\u00e9letes megjelen\u00e9st<\/strong>.<\/p>\n\n\n\n<p>Mindenesetre az alkalmaz\u00e1s fejlett szerkeszt\u0151eszk\u00f6z\u00f6ket is k\u00edn\u00e1l, p\u00e9ld\u00e1ul sz\u00edn- \u00e9s f\u00e9nyer\u0151-be\u00e1ll\u00edt\u00e1sokat, hogy az \u00faj haja t\u00f6k\u00e9letesen illeszkedjen a b\u0151r\u00e9hez \u00e9s st\u00edlus\u00e1hoz.<\/p>\n\n\n\n<h2 class=\"wp-block-heading\">Style My Hair<\/h2>\n\n\n\n<p>\u00c1ltal kifejlesztett <strong>L&#039;Or\u00e9al<\/strong>, az alkalmaz\u00e1s <strong>Style My Hair<\/strong> szem\u00e9lyre szabott \u00e9lm\u00e9nyt k\u00edn\u00e1l <strong>hajsz\u00edn v\u00e1ltoz\u00e1s<\/strong>.<\/p>\n\n\n\n<p>A k\u00fcl\u00f6nf\u00e9le eszk\u00f6z\u00f6k \u00e9s funkci\u00f3k seg\u00edts\u00e9g\u00e9vel a sz\u00ednek \u00e9s st\u00edlusok sz\u00e9les sk\u00e1l\u00e1j\u00e1val k\u00eds\u00e9rletezhet, bele\u00e9rtve a kiemel\u00e9seket, <strong>hombre<\/strong> Ez <strong>balayage<\/strong>.<\/p>\n\n\n\n<p>\u00cdgy az alkalmaz\u00e1s l\u00e9p\u00e9sr\u0151l l\u00e9p\u00e9sre oktat\u00f3anyagokat \u00e9s szak\u00e9rt\u0151i tippeket is k\u00edn\u00e1l a megfelel\u0151 kiv\u00e1laszt\u00e1s\u00e1hoz.<strong> t\u00f6k\u00e9letes sz\u00edn \u00e9s st\u00edlus az \u00d6n sz\u00e1m\u00e1ra<\/strong>.<\/p>\n\n\n\n<h2 class=\"wp-block-heading\">Hajsz\u00ednez\u0151 f\u00fclke<\/h2>\n\n\n\n<p>O <strong>Hajsz\u00ednez\u0151 f\u00fclke<\/strong> egy sz\u00f3rakoztat\u00f3 \u00e9s k\u00f6nnyen haszn\u00e1lhat\u00f3 alkalmaz\u00e1s, amellyel gyorsan \u00e9s egyszer\u0171en pr\u00f3b\u00e1lhat ki k\u00fcl\u00f6nb\u00f6z\u0151 hajsz\u00edneket.<\/p>\n\n\n\n<p>Teh\u00e1t egyszer\u0171en t\u00f6lts\u00f6n fel egy fot\u00f3t mag\u00e1r\u00f3l, v\u00e1lassza ki a haj\u00e1nak azt a ter\u00fclet\u00e9t, amelyet sz\u00ednezni szeretne, \u00e9s v\u00e1lasszon a k\u00fcl\u00f6nf\u00e9le \u00e1rnyalatok \u00e9s st\u00edlusok k\u00f6z\u00fcl.<\/p>\n\n\n\n<p>Az intuit\u00edv szerkeszt\u00e9si lehet\u0151s\u00e9gekkel \u00e9s a felhaszn\u00e1l\u00f3bar\u00e1t fel\u00fclettel <strong>Hajsz\u00ednez\u0151 f\u00fclke<\/strong> t\u00f6k\u00e9letes azok sz\u00e1m\u00e1ra, akik \u00fajat szeretn\u00e9nek kipr\u00f3b\u00e1lni <strong>gyorsan \u00e9s komplik\u00e1ci\u00f3k n\u00e9lk\u00fcl sz\u00ednezi a hajat<\/strong>.<\/p>\n\n\n\n<h2 class=\"wp-block-heading\">K\u00f6vetkeztet\u00e9s<\/h2>\n\n\n\n<p>Seg\u00edts\u00e9g\u00e9vel <strong>legjobb alkalmaz\u00e1sok a hajsz\u00edn megv\u00e1ltoztat\u00e1s\u00e1hoz<\/strong>, sz\u00ednek \u00e9s st\u00edlusok sz\u00e9les sk\u00e1l\u00e1j\u00e1t pr\u00f3b\u00e1lhatja ki, miel\u0151tt v\u00e9gleges v\u00e1ltoztat\u00e1st hajtana v\u00e9gre.<\/p>\n\n\n\n<p>Mindenesetre a term\u00e9szetes t\u00f3nusokt\u00f3l az \u00e9l\u00e9nk \u00e9s mer\u00e9sz sz\u00ednekig ezek az alkalmaz\u00e1sok sz\u00e1mos lehet\u0151s\u00e9get k\u00edn\u00e1lnak, amelyeket felfedezhet. <strong>\u00faj megjelen\u00e9s\u00e9t k\u00f6nnyed\u00e9n \u00e9s magabiztosan<\/strong>.<\/p>\n\n\n\n<p>Hajsz\u00edn Androidon<\/p>\n\n\n\n<p>YouCam smink&nbsp;&nbsp;&nbsp;&nbsp;&nbsp;&nbsp;&nbsp;&nbsp;&nbsp;&nbsp;&nbsp;&nbsp;&nbsp;&nbsp;&nbsp;&nbsp;&nbsp;&nbsp;&nbsp;&nbsp;&nbsp;&nbsp;&nbsp;&nbsp;&nbsp;&nbsp; &nbsp;&nbsp;&nbsp;&nbsp;&nbsp;&nbsp;&nbsp;&nbsp;&nbsp;&nbsp;&nbsp;&nbsp;&nbsp;&nbsp;&nbsp; &nbsp;&nbsp;&nbsp;&nbsp;&nbsp;&nbsp;&nbsp;&nbsp;&nbsp;&nbsp;&nbsp;&nbsp;&nbsp;&nbsp;&nbsp; <a href=\"https:\/\/play.google.com\/store\/apps\/details?id=com.cyberlink.youcammakeup&amp;hl=pt_BR&amp;gl=US\">Android<\/a> \/ <a href=\"https:\/\/apps.apple.com\/br\/app\/youcam-makeup-editor-de-fotos\/id863844475\">iOS<\/a><\/p>\n\n\n\n<p>Hajform\u00e1z\u00e1s Androidon\/iOS-en<\/p>\n\n\n\n<p>Hajsz\u00ednez\u0151 f\u00fclke&nbsp;&nbsp;&nbsp;&nbsp;&nbsp;&nbsp;&nbsp;&nbsp;&nbsp;&nbsp;&nbsp; &nbsp;&nbsp;&nbsp;&nbsp;&nbsp;&nbsp;&nbsp;&nbsp;&nbsp;&nbsp;&nbsp;&nbsp;&nbsp;&nbsp;&nbsp; &nbsp;&nbsp;&nbsp;&nbsp;&nbsp;&nbsp;&nbsp;&nbsp;&nbsp;&nbsp;&nbsp;&nbsp;&nbsp;&nbsp;&nbsp;&nbsp;&nbsp;&nbsp;&nbsp;&nbsp;&nbsp;&nbsp;&nbsp;&nbsp;&nbsp;&nbsp;&nbsp;&nbsp;&nbsp;&nbsp; <a href=\"https:\/\/apps.apple.com\/br\/app\/hair-color-booth\/id449512733\">iOS<\/a><\/p>\n\n\n\n<p>Teh\u00e1t t\u00f6lts\u00f6n le n\u00e9h\u00e1ny ilyen alkalmaz\u00e1st m\u00e9g ma, \u00e9s tegye meg az els\u0151 l\u00e9p\u00e9st a fel\u00e9 <strong>haj \u00e1talak\u00edt\u00e1sa<\/strong> izgalmas \u00e9s st\u00edlusos.<\/p>","protected":false},"excerpt":{"rendered":"<p>Szeretett volna valaha is l\u00e1tni, hogy n\u00e9zel ki, miel\u0151tt gy\u00f6keresen megv\u00e1ltoztatn\u00e1 a megjelen\u00e9s\u00e9t? N\u00e9zze meg, hogyan v\u00e1ltoztathatja meg a hajsz\u00ednt a legjobb alkalmaz\u00e1sokkal. Szerencs\u00e9re a technol\u00f3giai fejl\u0151d\u00e9s minden eddigin\u00e9l egyszer\u0171bb\u00e9 tette a k\u00fcl\u00f6nb\u00f6z\u0151 hajt\u00f3nusok kipr\u00f3b\u00e1l\u00e1s\u00e1t, miel\u0151tt gy\u00f6keres v\u00e1ltoztat\u00e1sra v\u00e1llalkozn\u00e1nk. Teh\u00e1t sokf\u00e9le alkalmaz\u00e1ssal\u2026 <\/p>","protected":false},"author":1,"featured_media":178,"comment_status":"closed","ping_status":"open","sticky":false,"template":"","format":"standard","meta":{"footnotes":""},"categories":[184],"tags":[81,84,80,83,82],"class_list":["post-110","post","type-post","status-publish","format-standard","has-post-thumbnail","hentry","category-novidades","tag-hair-color","tag-hair-color-booth","tag-melhores-aplicativos-para-mudar-a-cor-do-cabelo","tag-style-my-hair","tag-youcam-makeup","latest_post"],"yoast_head":"<!-- This site is optimized with the Yoast SEO plugin v27.1.1 - https:\/\/yoast.com\/product\/yoast-seo-wordpress\/ -->\n<title>Melhores Aplicativos para Mudar a Cor do Cabelo - Blog Racks<\/title>\n<meta name=\"description\" content=\"J\u00e1 quis ver como voc\u00ea fica antes de fazer uma mudan\u00e7a radical no visual? Veja como com os melhores aplicativos para mudar a cor do cabelo.\" \/>\n<meta name=\"robots\" content=\"index, follow, max-snippet:-1, max-image-preview:large, max-video-preview:-1\" \/>\n<link rel=\"canonical\" href=\"https:\/\/blog.racksweekend.com.br\/hu\/110\/melhores-aplicativos-para-mudar-a-cor-do-cabelo\/\" \/>\n<meta property=\"og:locale\" content=\"hu_HU\" \/>\n<meta property=\"og:type\" content=\"article\" \/>\n<meta property=\"og:title\" content=\"Melhores Aplicativos para Mudar a Cor do Cabelo - Blog Racks\" \/>\n<meta property=\"og:description\" content=\"J\u00e1 quis ver como voc\u00ea fica antes de fazer uma mudan\u00e7a radical no visual? Veja como com os melhores aplicativos para mudar a cor do cabelo.\" \/>\n<meta property=\"og:url\" content=\"https:\/\/blog.racksweekend.com.br\/hu\/110\/melhores-aplicativos-para-mudar-a-cor-do-cabelo\/\" \/>\n<meta property=\"og:site_name\" content=\"Blog Racks\" \/>\n<meta property=\"article:published_time\" content=\"2024-02-10T16:34:21+00:00\" \/>\n<meta property=\"article:modified_time\" content=\"2025-04-16T13:03:54+00:00\" \/>\n<meta property=\"og:image\" content=\"http:\/\/blog.racksweekend.com.br\/wp-content\/uploads\/2024\/02\/haircolor-virtual-tryon-tool-image-e1707939007568.webp\" \/>\n\t<meta property=\"og:image:width\" content=\"1000\" \/>\n\t<meta property=\"og:image:height\" content=\"800\" \/>\n\t<meta property=\"og:image:type\" content=\"image\/webp\" \/>\n<meta name=\"author\" content=\"admin\" \/>\n<meta name=\"twitter:card\" content=\"summary_large_image\" \/>\n<meta name=\"twitter:label1\" content=\"Szerz\u0151:\" \/>\n\t<meta name=\"twitter:data1\" content=\"admin\" \/>\n\t<meta name=\"twitter:label2\" content=\"Becs\u00fclt olvas\u00e1si id\u0151\" \/>\n\t<meta name=\"twitter:data2\" content=\"4 perc\" \/>\n<script type=\"application\/ld+json\" class=\"yoast-schema-graph\">{\"@context\":\"https:\/\/schema.org\",\"@graph\":[{\"@type\":\"Article\",\"@id\":\"https:\/\/blog.racksweekend.com.br\/110\/melhores-aplicativos-para-mudar-a-cor-do-cabelo\/#article\",\"isPartOf\":{\"@id\":\"https:\/\/blog.racksweekend.com.br\/110\/melhores-aplicativos-para-mudar-a-cor-do-cabelo\/\"},\"author\":{\"name\":\"admin\",\"@id\":\"https:\/\/blog.racksweekend.com.br\/en\/#\/schema\/person\/b505dffaec1ce6ec9c47ca74400f2167\"},\"headline\":\"Melhores Aplicativos para Mudar a Cor do Cabelo\",\"datePublished\":\"2024-02-10T16:34:21+00:00\",\"dateModified\":\"2025-04-16T13:03:54+00:00\",\"mainEntityOfPage\":{\"@id\":\"https:\/\/blog.racksweekend.com.br\/110\/melhores-aplicativos-para-mudar-a-cor-do-cabelo\/\"},\"wordCount\":745,\"publisher\":{\"@id\":\"https:\/\/blog.racksweekend.com.br\/en\/#organization\"},\"image\":{\"@id\":\"https:\/\/blog.racksweekend.com.br\/110\/melhores-aplicativos-para-mudar-a-cor-do-cabelo\/#primaryimage\"},\"thumbnailUrl\":\"https:\/\/blog.racksweekend.com.br\/wp-content\/uploads\/2024\/02\/haircolor-virtual-tryon-tool-image-e1707939007568.webp\",\"keywords\":[\"Hair Color\",\"Hair Color Booth\",\"Melhores Aplicativos para Mudar a Cor do Cabelo\",\"Style My Hair\",\"YouCam Makeup\"],\"articleSection\":[\"Novidades\"],\"inLanguage\":\"hu\"},{\"@type\":\"WebPage\",\"@id\":\"https:\/\/blog.racksweekend.com.br\/110\/melhores-aplicativos-para-mudar-a-cor-do-cabelo\/\",\"url\":\"https:\/\/blog.racksweekend.com.br\/110\/melhores-aplicativos-para-mudar-a-cor-do-cabelo\/\",\"name\":\"Melhores Aplicativos para Mudar a Cor do Cabelo - Blog Racks\",\"isPartOf\":{\"@id\":\"https:\/\/blog.racksweekend.com.br\/en\/#website\"},\"primaryImageOfPage\":{\"@id\":\"https:\/\/blog.racksweekend.com.br\/110\/melhores-aplicativos-para-mudar-a-cor-do-cabelo\/#primaryimage\"},\"image\":{\"@id\":\"https:\/\/blog.racksweekend.com.br\/110\/melhores-aplicativos-para-mudar-a-cor-do-cabelo\/#primaryimage\"},\"thumbnailUrl\":\"https:\/\/blog.racksweekend.com.br\/wp-content\/uploads\/2024\/02\/haircolor-virtual-tryon-tool-image-e1707939007568.webp\",\"datePublished\":\"2024-02-10T16:34:21+00:00\",\"dateModified\":\"2025-04-16T13:03:54+00:00\",\"description\":\"J\u00e1 quis ver como voc\u00ea fica antes de fazer uma mudan\u00e7a radical no visual? Veja como com os melhores aplicativos para mudar a cor do cabelo.\",\"breadcrumb\":{\"@id\":\"https:\/\/blog.racksweekend.com.br\/110\/melhores-aplicativos-para-mudar-a-cor-do-cabelo\/#breadcrumb\"},\"inLanguage\":\"hu\",\"potentialAction\":[{\"@type\":\"ReadAction\",\"target\":[\"https:\/\/blog.racksweekend.com.br\/110\/melhores-aplicativos-para-mudar-a-cor-do-cabelo\/\"]}]},{\"@type\":\"ImageObject\",\"inLanguage\":\"hu\",\"@id\":\"https:\/\/blog.racksweekend.com.br\/110\/melhores-aplicativos-para-mudar-a-cor-do-cabelo\/#primaryimage\",\"url\":\"https:\/\/blog.racksweekend.com.br\/wp-content\/uploads\/2024\/02\/haircolor-virtual-tryon-tool-image-e1707939007568.webp\",\"contentUrl\":\"https:\/\/blog.racksweekend.com.br\/wp-content\/uploads\/2024\/02\/haircolor-virtual-tryon-tool-image-e1707939007568.webp\",\"width\":1000,\"height\":800,\"caption\":\"Melhores Aplicativos para Mudar a Cor do Cabelo\"},{\"@type\":\"BreadcrumbList\",\"@id\":\"https:\/\/blog.racksweekend.com.br\/110\/melhores-aplicativos-para-mudar-a-cor-do-cabelo\/#breadcrumb\",\"itemListElement\":[{\"@type\":\"ListItem\",\"position\":1,\"name\":\"Home\",\"item\":\"https:\/\/blog.racksweekend.com.br\/en\/\"},{\"@type\":\"ListItem\",\"position\":2,\"name\":\"Melhores Aplicativos para Mudar a Cor do Cabelo\"}]},{\"@type\":\"WebSite\",\"@id\":\"https:\/\/blog.racksweekend.com.br\/en\/#website\",\"url\":\"https:\/\/blog.racksweekend.com.br\/en\/\",\"name\":\"Blog Racks\",\"description\":\"Weekend\",\"publisher\":{\"@id\":\"https:\/\/blog.racksweekend.com.br\/en\/#organization\"},\"potentialAction\":[{\"@type\":\"SearchAction\",\"target\":{\"@type\":\"EntryPoint\",\"urlTemplate\":\"https:\/\/blog.racksweekend.com.br\/en\/?s={search_term_string}\"},\"query-input\":{\"@type\":\"PropertyValueSpecification\",\"valueRequired\":true,\"valueName\":\"search_term_string\"}}],\"inLanguage\":\"hu\"},{\"@type\":\"Organization\",\"@id\":\"https:\/\/blog.racksweekend.com.br\/en\/#organization\",\"name\":\"Blog Racks\",\"url\":\"https:\/\/blog.racksweekend.com.br\/en\/\",\"logo\":{\"@type\":\"ImageObject\",\"inLanguage\":\"hu\",\"@id\":\"https:\/\/blog.racksweekend.com.br\/en\/#\/schema\/logo\/image\/\",\"url\":\"https:\/\/blog.racksweekend.com.br\/wp-content\/uploads\/2024\/02\/cropped-BLOG.png\",\"contentUrl\":\"https:\/\/blog.racksweekend.com.br\/wp-content\/uploads\/2024\/02\/cropped-BLOG.png\",\"width\":1248,\"height\":771,\"caption\":\"Blog Racks\"},\"image\":{\"@id\":\"https:\/\/blog.racksweekend.com.br\/en\/#\/schema\/logo\/image\/\"}},{\"@type\":\"Person\",\"@id\":\"https:\/\/blog.racksweekend.com.br\/en\/#\/schema\/person\/b505dffaec1ce6ec9c47ca74400f2167\",\"name\":\"admin\",\"image\":{\"@type\":\"ImageObject\",\"inLanguage\":\"hu\",\"@id\":\"https:\/\/blog.racksweekend.com.br\/en\/#\/schema\/person\/image\/\",\"url\":\"https:\/\/blog.racksweekend.com.br\/wp-content\/litespeed\/avatar\/36c8d907748a1f26a93d4fe1aaa0002c.jpg?ver=1776844880\",\"contentUrl\":\"https:\/\/blog.racksweekend.com.br\/wp-content\/litespeed\/avatar\/36c8d907748a1f26a93d4fe1aaa0002c.jpg?ver=1776844880\",\"caption\":\"admin\"},\"sameAs\":[\"http:\/\/blog.racksweekend.com.br\"],\"url\":\"https:\/\/blog.racksweekend.com.br\/hu\/author\/admin\/\"}]}<\/script>\n<!-- \/ Yoast SEO plugin. -->","yoast_head_json":{"title":"Melhores Aplicativos para Mudar a Cor do Cabelo - Blog Racks","description":"J\u00e1 quis ver como voc\u00ea fica antes de fazer uma mudan\u00e7a radical no visual? Veja como com os melhores aplicativos para mudar a cor do cabelo.","robots":{"index":"index","follow":"follow","max-snippet":"max-snippet:-1","max-image-preview":"max-image-preview:large","max-video-preview":"max-video-preview:-1"},"canonical":"https:\/\/blog.racksweekend.com.br\/hu\/110\/melhores-aplicativos-para-mudar-a-cor-do-cabelo\/","og_locale":"hu_HU","og_type":"article","og_title":"Melhores Aplicativos para Mudar a Cor do Cabelo - Blog Racks","og_description":"J\u00e1 quis ver como voc\u00ea fica antes de fazer uma mudan\u00e7a radical no visual? Veja como com os melhores aplicativos para mudar a cor do cabelo.","og_url":"https:\/\/blog.racksweekend.com.br\/hu\/110\/melhores-aplicativos-para-mudar-a-cor-do-cabelo\/","og_site_name":"Blog Racks","article_published_time":"2024-02-10T16:34:21+00:00","article_modified_time":"2025-04-16T13:03:54+00:00","og_image":[{"width":1000,"height":800,"url":"http:\/\/blog.racksweekend.com.br\/wp-content\/uploads\/2024\/02\/haircolor-virtual-tryon-tool-image-e1707939007568.webp","type":"image\/webp"}],"author":"admin","twitter_card":"summary_large_image","twitter_misc":{"Szerz\u0151:":"admin","Becs\u00fclt olvas\u00e1si id\u0151":"4 perc"},"schema":{"@context":"https:\/\/schema.org","@graph":[{"@type":"Article","@id":"https:\/\/blog.racksweekend.com.br\/110\/melhores-aplicativos-para-mudar-a-cor-do-cabelo\/#article","isPartOf":{"@id":"https:\/\/blog.racksweekend.com.br\/110\/melhores-aplicativos-para-mudar-a-cor-do-cabelo\/"},"author":{"name":"admin","@id":"https:\/\/blog.racksweekend.com.br\/en\/#\/schema\/person\/b505dffaec1ce6ec9c47ca74400f2167"},"headline":"Melhores Aplicativos para Mudar a Cor do Cabelo","datePublished":"2024-02-10T16:34:21+00:00","dateModified":"2025-04-16T13:03:54+00:00","mainEntityOfPage":{"@id":"https:\/\/blog.racksweekend.com.br\/110\/melhores-aplicativos-para-mudar-a-cor-do-cabelo\/"},"wordCount":745,"publisher":{"@id":"https:\/\/blog.racksweekend.com.br\/en\/#organization"},"image":{"@id":"https:\/\/blog.racksweekend.com.br\/110\/melhores-aplicativos-para-mudar-a-cor-do-cabelo\/#primaryimage"},"thumbnailUrl":"https:\/\/blog.racksweekend.com.br\/wp-content\/uploads\/2024\/02\/haircolor-virtual-tryon-tool-image-e1707939007568.webp","keywords":["Hair Color","Hair Color Booth","Melhores Aplicativos para Mudar a Cor do Cabelo","Style My Hair","YouCam Makeup"],"articleSection":["Novidades"],"inLanguage":"hu"},{"@type":"WebPage","@id":"https:\/\/blog.racksweekend.com.br\/110\/melhores-aplicativos-para-mudar-a-cor-do-cabelo\/","url":"https:\/\/blog.racksweekend.com.br\/110\/melhores-aplicativos-para-mudar-a-cor-do-cabelo\/","name":"Melhores Aplicativos para Mudar a Cor do Cabelo - Blog Racks","isPartOf":{"@id":"https:\/\/blog.racksweekend.com.br\/en\/#website"},"primaryImageOfPage":{"@id":"https:\/\/blog.racksweekend.com.br\/110\/melhores-aplicativos-para-mudar-a-cor-do-cabelo\/#primaryimage"},"image":{"@id":"https:\/\/blog.racksweekend.com.br\/110\/melhores-aplicativos-para-mudar-a-cor-do-cabelo\/#primaryimage"},"thumbnailUrl":"https:\/\/blog.racksweekend.com.br\/wp-content\/uploads\/2024\/02\/haircolor-virtual-tryon-tool-image-e1707939007568.webp","datePublished":"2024-02-10T16:34:21+00:00","dateModified":"2025-04-16T13:03:54+00:00","description":"J\u00e1 quis ver como voc\u00ea fica antes de fazer uma mudan\u00e7a radical no visual? Veja como com os melhores aplicativos para mudar a cor do cabelo.","breadcrumb":{"@id":"https:\/\/blog.racksweekend.com.br\/110\/melhores-aplicativos-para-mudar-a-cor-do-cabelo\/#breadcrumb"},"inLanguage":"hu","potentialAction":[{"@type":"ReadAction","target":["https:\/\/blog.racksweekend.com.br\/110\/melhores-aplicativos-para-mudar-a-cor-do-cabelo\/"]}]},{"@type":"ImageObject","inLanguage":"hu","@id":"https:\/\/blog.racksweekend.com.br\/110\/melhores-aplicativos-para-mudar-a-cor-do-cabelo\/#primaryimage","url":"https:\/\/blog.racksweekend.com.br\/wp-content\/uploads\/2024\/02\/haircolor-virtual-tryon-tool-image-e1707939007568.webp","contentUrl":"https:\/\/blog.racksweekend.com.br\/wp-content\/uploads\/2024\/02\/haircolor-virtual-tryon-tool-image-e1707939007568.webp","width":1000,"height":800,"caption":"Melhores Aplicativos para Mudar a Cor do Cabelo"},{"@type":"BreadcrumbList","@id":"https:\/\/blog.racksweekend.com.br\/110\/melhores-aplicativos-para-mudar-a-cor-do-cabelo\/#breadcrumb","itemListElement":[{"@type":"ListItem","position":1,"name":"Home","item":"https:\/\/blog.racksweekend.com.br\/en\/"},{"@type":"ListItem","position":2,"name":"Melhores Aplicativos para Mudar a Cor do Cabelo"}]},{"@type":"WebSite","@id":"https:\/\/blog.racksweekend.com.br\/en\/#website","url":"https:\/\/blog.racksweekend.com.br\/en\/","name":"Blogtart\u00f3k","description":"H\u00e9tv\u00e9ge","publisher":{"@id":"https:\/\/blog.racksweekend.com.br\/en\/#organization"},"potentialAction":[{"@type":"SearchAction","target":{"@type":"EntryPoint","urlTemplate":"https:\/\/blog.racksweekend.com.br\/en\/?s={search_term_string}"},"query-input":{"@type":"PropertyValueSpecification","valueRequired":true,"valueName":"search_term_string"}}],"inLanguage":"hu"},{"@type":"Organization","@id":"https:\/\/blog.racksweekend.com.br\/en\/#organization","name":"Blogtart\u00f3k","url":"https:\/\/blog.racksweekend.com.br\/en\/","logo":{"@type":"ImageObject","inLanguage":"hu","@id":"https:\/\/blog.racksweekend.com.br\/en\/#\/schema\/logo\/image\/","url":"https:\/\/blog.racksweekend.com.br\/wp-content\/uploads\/2024\/02\/cropped-BLOG.png","contentUrl":"https:\/\/blog.racksweekend.com.br\/wp-content\/uploads\/2024\/02\/cropped-BLOG.png","width":1248,"height":771,"caption":"Blog Racks"},"image":{"@id":"https:\/\/blog.racksweekend.com.br\/en\/#\/schema\/logo\/image\/"}},{"@type":"Person","@id":"https:\/\/blog.racksweekend.com.br\/en\/#\/schema\/person\/b505dffaec1ce6ec9c47ca74400f2167","name":"admin","image":{"@type":"ImageObject","inLanguage":"hu","@id":"https:\/\/blog.racksweekend.com.br\/en\/#\/schema\/person\/image\/","url":"https:\/\/blog.racksweekend.com.br\/wp-content\/litespeed\/avatar\/36c8d907748a1f26a93d4fe1aaa0002c.jpg?ver=1776844880","contentUrl":"https:\/\/blog.racksweekend.com.br\/wp-content\/litespeed\/avatar\/36c8d907748a1f26a93d4fe1aaa0002c.jpg?ver=1776844880","caption":"admin"},"sameAs":["http:\/\/blog.racksweekend.com.br"],"url":"https:\/\/blog.racksweekend.com.br\/hu\/author\/admin\/"}]}},"_links":{"self":[{"href":"https:\/\/blog.racksweekend.com.br\/hu\/wp-json\/wp\/v2\/posts\/110","targetHints":{"allow":["GET"]}}],"collection":[{"href":"https:\/\/blog.racksweekend.com.br\/hu\/wp-json\/wp\/v2\/posts"}],"about":[{"href":"https:\/\/blog.racksweekend.com.br\/hu\/wp-json\/wp\/v2\/types\/post"}],"author":[{"embeddable":true,"href":"https:\/\/blog.racksweekend.com.br\/hu\/wp-json\/wp\/v2\/users\/1"}],"replies":[{"embeddable":true,"href":"https:\/\/blog.racksweekend.com.br\/hu\/wp-json\/wp\/v2\/comments?post=110"}],"version-history":[{"count":3,"href":"https:\/\/blog.racksweekend.com.br\/hu\/wp-json\/wp\/v2\/posts\/110\/revisions"}],"predecessor-version":[{"id":1346,"href":"https:\/\/blog.racksweekend.com.br\/hu\/wp-json\/wp\/v2\/posts\/110\/revisions\/1346"}],"wp:featuredmedia":[{"embeddable":true,"href":"https:\/\/blog.racksweekend.com.br\/hu\/wp-json\/wp\/v2\/media\/178"}],"wp:attachment":[{"href":"https:\/\/blog.racksweekend.com.br\/hu\/wp-json\/wp\/v2\/media?parent=110"}],"wp:term":[{"taxonomy":"category","embeddable":true,"href":"https:\/\/blog.racksweekend.com.br\/hu\/wp-json\/wp\/v2\/categories?post=110"},{"taxonomy":"post_tag","embeddable":true,"href":"https:\/\/blog.racksweekend.com.br\/hu\/wp-json\/wp\/v2\/tags?post=110"}],"curies":[{"name":"munkaf\u00fczet","href":"https:\/\/api.w.org\/{rel}","templated":true}]}}