{"id":1287,"date":"2025-04-08T12:15:31","date_gmt":"2025-04-08T12:15:31","guid":{"rendered":"https:\/\/blog.racksweekend.com.br\/?p=1287"},"modified":"2025-04-22T15:18:13","modified_gmt":"2025-04-22T15:18:13","slug":"mudar-o-papel-de-parede-do-instagram","status":"publish","type":"post","link":"https:\/\/blog.racksweekend.com.br\/hu\/1287\/mudar-o-papel-de-parede-do-instagram\/","title":{"rendered":"Instagram h\u00e1tt\u00e9rk\u00e9p m\u00f3dos\u00edt\u00e1sa"},"content":{"rendered":"<p>Tudja meg, hogyan most <strong>Instagram h\u00e1tt\u00e9rk\u00e9p m\u00f3dos\u00edt\u00e1sa<\/strong>: Adj \u00faj k\u00fcls\u0151t alkalmaz\u00e1sodnak, olvasd el ezt a cikket, \u00e9s k\u00f6vesd l\u00e9p\u00e9sr\u0151l l\u00e9p\u00e9sre.<\/p>\n\n\n\n<style>\n.botao-container {\n    display: flex;\n    justify-content: center;\n    margin: 20px 0; \/* Espa\u00e7amento opcional *\/\n}\n\n.botao-estilizado {\n    display: inline-block;\n    padding: 12px 24px;\n    font-size: 18px;\n    font-weight: bold;\n    font-family: Arial, sans-serif; \/* Fonte Arial *\/\n    color: white;\n    background: linear-gradient(145deg, #FF3D00, #D32F2F); \/* Tons de vermelho vibrante *\/\n    border-radius: 8px;\n    box-shadow: 4px 4px 10px rgba(0, 0, 0, 0.2), \n                -2px -2px 5px rgba(255, 255, 255, 0.2);\n    text-decoration: none;\n    transition: all 0.3s ease-in-out;\n    text-align: center;\n}\n\n.botao-estilizado:hover {\n    background: linear-gradient(145deg, #D32F2F, #B71C1C); \/* Tom vermelho mais escuro no hover *\/\n    box-shadow: 2px 2px 8px rgba(0, 0, 0, 0.3), \n                -1px -1px 4px rgba(255, 255, 255, 0.1);\n    transform: translateY(-3px);\n}\n<\/style>\n\n<div class=\"botao-container\">\n    <a href=\"https:\/\/blog.racksweekend.com.br\/hu\/1284\/\" class=\"botao-estilizado\">A h\u00e1tt\u00e9r m\u00f3dos\u00edt\u00e1sa<\/a>\n<\/div>\n\n\n\n<h2 class=\"wp-block-heading\">Bevezet\u00e9s \u2013 Tedd szem\u00e9lyesebb\u00e9 az Instagramodat<\/h2>\n\n\n\n<p>A mobiltelefon kin\u00e9zet\u00e9nek testreszab\u00e1sa k\u00e9ts\u00e9gtelen\u00fcl egy sz\u00f3rakoztat\u00f3 m\u00f3dja annak, hogy mindent a saj\u00e1todd\u00e1 tedd.<\/p>\n\n\n\n<p>V\u00e9g\u00fcl is nem csak a kezd\u0151k\u00e9perny\u0151 h\u00e1tt\u00e9rk\u00e9p\u00e9t lehet megv\u00e1ltoztatni.<\/p>\n\n\n\n<p>Manaps\u00e1g sokan szeretn\u00e9k tudni <strong>hogyan lehet megv\u00e1ltoztatni az Instagram h\u00e1tt\u00e9rk\u00e9p\u00e9t<\/strong> vagy legal\u00e1bbis a fel\u00fcletet valami stiliz\u00e1ltabbra.<\/p>\n\n\n\n<p>Teh\u00e1t, ha te is azok k\u00f6z\u00e9 tartozol, akik szeretik k\u00fcl\u00f6nlegess\u00e9 tenni az alkalmaz\u00e1saikat, akkor ez a cikk neked sz\u00f3l!<\/p>\n\n\n\n<h2 class=\"wp-block-heading\">1. Lehets\u00e9ges megv\u00e1ltoztatni az Instagram h\u00e1tt\u00e9rk\u00e9p\u00e9t?<\/h2>\n\n\n\n<p>El\u0151sz\u00f6r a <strong>Instagram<\/strong> nem enged\u00e9lyezi a nat\u00edv testreszab\u00e1sokat, p\u00e9ld\u00e1ul az alkalmaz\u00e1s h\u00e1tter\u00e9nek megv\u00e1ltoztat\u00e1s\u00e1t.<\/p>\n\n\n\n<p>Vannak azonban alternat\u00edv m\u00f3dok is erre, p\u00e9ld\u00e1ul:<\/p>\n\n\n\n<ul class=\"wp-block-list\">\n<li>Haszn\u00e1lat <strong>android t\u00e9ma m\u00f3dos\u00edt\u00f3k<\/strong>.<\/li>\n\n\n\n<li>Harmadik f\u00e9lt\u0151l sz\u00e1rmaz\u00f3 alkalmaz\u00e1sok.<\/li>\n\n\n\n<li><strong>Egy\u00e9ni ind\u00edt\u00f3k<\/strong>.<\/li>\n\n\n\n<li><strong>Akad\u00e1lymentes\u00edt\u00e9si m\u00f3dos\u00edt\u00f3k<\/strong> iOS-en.<\/li>\n<\/ul>\n\n\n\n<h2 class=\"wp-block-heading\">2. S\u00f6t\u00e9t m\u00f3d \u00e9s rendszert\u00e9m\u00e1k haszn\u00e1lata<\/h2>\n\n\n\n<h3 class=\"wp-block-heading\">Androidra:<\/h3>\n\n\n\n<ol class=\"wp-block-list\">\n<li>Nyitott <strong>Be\u00e1ll\u00edt\u00e1sok<\/strong> &gt; <strong>K\u00e9perny\u0151<\/strong>.<\/li>\n\n\n\n<li>Aktiv\u00e1lja a <strong>s\u00f6t\u00e9t m\u00f3d<\/strong>.<\/li>\n\n\n\n<li>M\u00f3dos\u00edtsa a rendszer sz\u00edns\u00e9m\u00e1j\u00e1t.<\/li>\n<\/ol>\n\n\n\n<p>\u00cdgy az Instagram automatikusan k\u00f6vetni fogja ezt a t\u00e9m\u00e1t.<\/p>\n\n\n\n<h3 class=\"wp-block-heading\">iPhone-hoz:<\/h3>\n\n\n\n<ol class=\"wp-block-list\">\n<li>Nyitott <strong>Be\u00e1ll\u00edt\u00e1sok<\/strong> &gt; <strong>K\u00e9perny\u0151 \u00e9s f\u00e9nyer\u0151<\/strong>.<\/li>\n\n\n\n<li>M\u00f3d kiv\u00e1laszt\u00e1sa <strong>Term\u00e9szetesen<\/strong> vagy <strong>S\u00f6t\u00e9t<\/strong>.<\/li>\n<\/ol>\n\n\n\n<p>Ezzel az alkalmaz\u00e1s h\u00e1tter\u00e9t szem\u00e9lyre szabottabb, b\u00e1r korl\u00e1tozottabb megjelen\u00e9sre m\u00f3dos\u00edthatod.<\/p>\n\n\n\n<h2 class=\"wp-block-heading\">3. H\u00e1tt\u00e9rk\u00e9p m\u00f3dos\u00edt\u00e1sa ind\u00edt\u00f3programokkal (Android)<\/h2>\n\n\n\n<h3 class=\"wp-block-heading\">A Nova Launcher haszn\u00e1lata:<\/h3>\n\n\n\n<ol class=\"wp-block-list\">\n<li>T\u00f6ltsd le az alkalmaz\u00e1st: <a href=\"https:\/\/play.google.com\/store\/apps\/details?id=com.teslacoilsw.launcher\">Nova Launcher \u2013 Android<\/a>.<\/li>\n\n\n\n<li>Hozz\u00e1f\u00e9r\u00e9s a <strong>ind\u00edt\u00f3 be\u00e1ll\u00edt\u00e1sok<\/strong>.<\/li>\n\n\n\n<li>Testreszab\u00e1s <strong>t\u00e9m\u00e1k<\/strong> Ez <strong>dinamikus h\u00e1tt\u00e9rk\u00e9p<\/strong>.<\/li>\n\n\n\n<li>V\u00e1ltoztasd meg az Instagram ikont \u00e9s az \u00e1ltal\u00e1nos h\u00e1tteret.<\/li>\n<\/ol>\n\n\n\n<h3 class=\"wp-block-heading\">A Niagara Launcher haszn\u00e1lata:<\/h3>\n\n\n\n<ol class=\"wp-block-list\">\n<li>T\u00f6ltsd le az alkalmaz\u00e1st: <a href=\"https:\/\/play.google.com\/store\/apps\/details?id=bitpit.launcher\">Niagara Launcher \u2013 Android<\/a>.<\/li>\n\n\n\n<li>V\u00e1lassz minimalista elrendez\u00e9st.<\/li>\n\n\n\n<li>Interakt\u00edv h\u00e1tt\u00e9rk\u00e9pek beilleszt\u00e9se.<\/li>\n<\/ol>\n\n\n\n<h2 class=\"wp-block-heading\">4. Instagram-bor\u00edt\u00f3k\u00e9peket k\u00e9sz\u00edt\u0151 alkalmaz\u00e1sok<\/h2>\n\n\n\n<h3 class=\"wp-block-heading\">1. <strong>X ikonv\u00e1lt\u00f3<\/strong> (Android)<\/h3>\n\n\n\n<ul class=\"wp-block-list\">\n<li>Lehet\u0151v\u00e9 teszi az alkalmaz\u00e1s ikonj\u00e1nak \u00e9s h\u00e1tter\u00e9nek m\u00f3dos\u00edt\u00e1s\u00e1t.<\/li>\n\n\n\n<li>Link: <a href=\"https:\/\/play.google.com\/store\/apps\/details?id=io.hexman.xiconchanger\">https:\/\/play.google.com\/store\/apps\/details?id=io.hexman.xiconchanger<\/a><\/li>\n<\/ul>\n\n\n\n<h3 class=\"wp-block-heading\">2. <strong>Brass \u2013 Egyedi ikonok \u00e9s widgetek<\/strong> (iOS)<\/h3>\n\n\n\n<ul class=\"wp-block-list\">\n<li>Teljes t\u00e9m\u00e1kat k\u00edn\u00e1l Instagramhoz \u00e9s m\u00e1s alkalmaz\u00e1sokhoz.<\/li>\n\n\n\n<li>Link: https:\/\/apps.apple.com\/br\/app\/brass-custom-icons-widgets\/id1533708611<\/li>\n<\/ul>\n\n\n\n<h3 class=\"wp-block-heading\">3. <strong>Themify<\/strong> (iOS)<\/h3>\n\n\n\n<ul class=\"wp-block-list\">\n<li>Egy\u00e9ni t\u00e9m\u00e1kat \u00e9s h\u00e1tt\u00e9rk\u00e9peket hoz l\u00e9tre az Instagram parancsikonhoz.<\/li>\n\n\n\n<li>Link: https:\/\/apps.apple.com\/br\/app\/themify-widget-wallpapers-app\/id1552827413<\/li>\n<\/ul>\n\n\n\n<h2 class=\"wp-block-heading\">5. Extra testreszab\u00e1si tippek<\/h2>\n\n\n\n<ul class=\"wp-block-list\">\n<li>Haszn\u00e1ld a <strong>Widgetsmith<\/strong> (iOS) a kezd\u0151k\u00e9perny\u0151 szem\u00e9lyre szab\u00e1s\u00e1hoz parancsikonokkal \u00e9s t\u00e9m\u00e1kkal.<\/li>\n\n\n\n<li>Androidon kombin\u00e1ld <strong>KWGT<\/strong> anim\u00e1lt widgetekkel.<\/li>\n\n\n\n<li>Hozz\u00e1f\u00e9r\u00e9s olyan webhelyekhez, mint <a href=\"https:\/\/www.pinterest.com\/\">Pinterest<\/a> megtal\u00e1lni <strong>t\u00e9ma- \u00e9s h\u00e1tt\u00e9rk\u00e9p inspir\u00e1ci\u00f3k<\/strong>.<\/li>\n<\/ul>\n\n\n\n<h2 class=\"wp-block-heading\">Konkl\u00fazi\u00f3 \u2013 Az Instagramod az arcoddal<\/h2>\n\n\n\n<h3 class=\"wp-block-heading\">A szem\u00e9lyre szab\u00e1s a kifejez\u00e9s egyik form\u00e1ja<\/h3>\n\n\n\n<p>Az Instagram kin\u00e9zet\u00e9nek megv\u00e1ltoztat\u00e1sa minden bizonnyal egy m\u00f3dja annak, hogy a felhaszn\u00e1l\u00f3i \u00e9lm\u00e9ny szem\u00e9lyesebb\u00e9 \u00e9s kreat\u00edvabb\u00e1 v\u00e1ljon.<\/p>\n\n\n\n<p>V\u00e9g\u00fcl is a kezel\u0151fel\u00fclet az a hely, ahol a napunk \u00f3r\u00e1it t\u00f6ltj\u00fck, ez\u00e9rt csak igazs\u00e1gos, ha k\u00fcl\u00f6nleges figyelmet kap.<\/p>\n\n\n\n<h3 class=\"wp-block-heading\">Folytasd a felfedez\u00e9st<\/h3>\n\n\n\n<p>Azonban ne feledd, hogy mindig megb\u00edzhat\u00f3 alkalmaz\u00e1sokat t\u00f6lts le, ellen\u0151rizd az enged\u00e9lyeket, \u00e9s ker\u00fcld a nem hivatalos APK-kat.<\/p>\n\n\n\n<p>Teh\u00e1t haszn\u00e1ld ki a cikkben tal\u00e1lhat\u00f3 tippeket, \u00e9s pr\u00f3b\u00e1lj ki k\u00fcl\u00f6nb\u00f6z\u0151 st\u00edlusokat, am\u00edg meg nem tal\u00e1lod a sz\u00e1modra legmegfelel\u0151bbet.<\/p>\n\n\n\n<p>V\u00e9g\u00fcl oszd meg ezeket az \u00f6tleteket a bar\u00e1taiddal, \u00e9s seg\u00edts t\u00f6bb embernek st\u00edlusosabb\u00e1 \u00e9s szem\u00e9lyesebb\u00e9 tenni a telefonjukat! <\/p>\n\n\n\n<p><\/p>","protected":false},"excerpt":{"rendered":"<p>Tanuld meg most, hogyan v\u00e1ltoztathatod meg Instagram h\u00e1tt\u00e9rk\u00e9pedet: Adj \u00faj k\u00fcls\u0151t alkalmaz\u00e1sodnak, olvasd el ezt a cikket, \u00e9s k\u00f6vesd l\u00e9p\u00e9sr\u0151l l\u00e9p\u00e9sre. H\u00e1tt\u00e9r m\u00f3dos\u00edt\u00e1sa Bevezet\u00e9s \u2013 Alak\u00edtsd \u00e1t Instagramodat valami saj\u00e1tabb\u00e1 A telefonod kin\u00e9zet\u00e9nek testreszab\u00e1sa k\u00e9ts\u00e9gtelen\u00fcl egy sz\u00f3rakoztat\u00f3 m\u00f3dja annak, hogy mindent a saj\u00e1todd\u00e1 tedd\u2026 <\/p>","protected":false},"author":11,"featured_media":0,"comment_status":"closed","ping_status":"closed","sticky":false,"template":"","format":"standard","meta":{"footnotes":""},"categories":[1],"tags":[220,253,287,482,658],"class_list":["post-1287","post","type-post","status-publish","format-standard","hentry","category-uncategorized","tag-aplicativo-gratis","tag-assistir-gratis","tag-baixar-gratis","tag-instagram","tag-tutorial","latest_post"],"yoast_head":"<!-- This site is optimized with the Yoast SEO plugin v27.1.1 - https:\/\/yoast.com\/product\/yoast-seo-wordpress\/ -->\n<title>Mudar o Papel de Parede do Instagram - Blog Racks<\/title>\n<meta name=\"description\" content=\"Aprenda Agora Como Mudar o Papel de Parede do Instagram: D\u00ea um Visual Novo ao Seu App, Leia Este Artigo e Siga Passo a Passo.\" \/>\n<meta name=\"robots\" content=\"index, follow, max-snippet:-1, max-image-preview:large, max-video-preview:-1\" \/>\n<link rel=\"canonical\" href=\"https:\/\/blog.racksweekend.com.br\/hu\/1287\/mudar-o-papel-de-parede-do-instagram\/\" \/>\n<meta property=\"og:locale\" content=\"hu_HU\" \/>\n<meta property=\"og:type\" content=\"article\" \/>\n<meta property=\"og:title\" content=\"Mudar o Papel de Parede do Instagram - Blog Racks\" \/>\n<meta property=\"og:description\" content=\"Aprenda Agora Como Mudar o Papel de Parede do Instagram: D\u00ea um Visual Novo ao Seu App, Leia Este Artigo e Siga Passo a Passo.\" \/>\n<meta property=\"og:url\" content=\"https:\/\/blog.racksweekend.com.br\/hu\/1287\/mudar-o-papel-de-parede-do-instagram\/\" \/>\n<meta property=\"og:site_name\" content=\"Blog Racks\" \/>\n<meta property=\"article:published_time\" content=\"2025-04-08T12:15:31+00:00\" \/>\n<meta property=\"article:modified_time\" content=\"2025-04-22T15:18:13+00:00\" \/>\n<meta name=\"author\" content=\"Isaac\" \/>\n<meta name=\"twitter:card\" content=\"summary_large_image\" \/>\n<meta name=\"twitter:label1\" content=\"Szerz\u0151:\" \/>\n\t<meta name=\"twitter:data1\" content=\"Isaac\" \/>\n\t<meta name=\"twitter:label2\" content=\"Becs\u00fclt olvas\u00e1si id\u0151\" \/>\n\t<meta name=\"twitter:data2\" content=\"3 perc\" \/>\n<script type=\"application\/ld+json\" class=\"yoast-schema-graph\">{\"@context\":\"https:\/\/schema.org\",\"@graph\":[{\"@type\":\"Article\",\"@id\":\"https:\/\/blog.racksweekend.com.br\/1287\/mudar-o-papel-de-parede-do-instagram\/#article\",\"isPartOf\":{\"@id\":\"https:\/\/blog.racksweekend.com.br\/1287\/mudar-o-papel-de-parede-do-instagram\/\"},\"author\":{\"name\":\"Isaac\",\"@id\":\"https:\/\/blog.racksweekend.com.br\/en\/#\/schema\/person\/e8bce98e1bb2740907d9d40f82cee71b\"},\"headline\":\"Mudar o Papel de Parede do Instagram\",\"datePublished\":\"2025-04-08T12:15:31+00:00\",\"dateModified\":\"2025-04-22T15:18:13+00:00\",\"mainEntityOfPage\":{\"@id\":\"https:\/\/blog.racksweekend.com.br\/1287\/mudar-o-papel-de-parede-do-instagram\/\"},\"wordCount\":522,\"publisher\":{\"@id\":\"https:\/\/blog.racksweekend.com.br\/en\/#organization\"},\"keywords\":[\"aplicativo gr\u00e1tis\",\"assistir Gr\u00e1tis\",\"baixar gr\u00e1tis\",\"instagram\",\"tutorial\"],\"articleSection\":[\"Aplicativos\"],\"inLanguage\":\"hu\"},{\"@type\":\"WebPage\",\"@id\":\"https:\/\/blog.racksweekend.com.br\/1287\/mudar-o-papel-de-parede-do-instagram\/\",\"url\":\"https:\/\/blog.racksweekend.com.br\/1287\/mudar-o-papel-de-parede-do-instagram\/\",\"name\":\"Mudar o Papel de Parede do Instagram - Blog Racks\",\"isPartOf\":{\"@id\":\"https:\/\/blog.racksweekend.com.br\/en\/#website\"},\"datePublished\":\"2025-04-08T12:15:31+00:00\",\"dateModified\":\"2025-04-22T15:18:13+00:00\",\"description\":\"Aprenda Agora Como Mudar o Papel de Parede do Instagram: D\u00ea um Visual Novo ao Seu App, Leia Este Artigo e Siga Passo a Passo.\",\"breadcrumb\":{\"@id\":\"https:\/\/blog.racksweekend.com.br\/1287\/mudar-o-papel-de-parede-do-instagram\/#breadcrumb\"},\"inLanguage\":\"hu\",\"potentialAction\":[{\"@type\":\"ReadAction\",\"target\":[\"https:\/\/blog.racksweekend.com.br\/1287\/mudar-o-papel-de-parede-do-instagram\/\"]}]},{\"@type\":\"BreadcrumbList\",\"@id\":\"https:\/\/blog.racksweekend.com.br\/1287\/mudar-o-papel-de-parede-do-instagram\/#breadcrumb\",\"itemListElement\":[{\"@type\":\"ListItem\",\"position\":1,\"name\":\"Home\",\"item\":\"https:\/\/blog.racksweekend.com.br\/en\/\"},{\"@type\":\"ListItem\",\"position\":2,\"name\":\"Mudar o Papel de Parede do Instagram\"}]},{\"@type\":\"WebSite\",\"@id\":\"https:\/\/blog.racksweekend.com.br\/en\/#website\",\"url\":\"https:\/\/blog.racksweekend.com.br\/en\/\",\"name\":\"Blog Racks\",\"description\":\"Weekend\",\"publisher\":{\"@id\":\"https:\/\/blog.racksweekend.com.br\/en\/#organization\"},\"potentialAction\":[{\"@type\":\"SearchAction\",\"target\":{\"@type\":\"EntryPoint\",\"urlTemplate\":\"https:\/\/blog.racksweekend.com.br\/en\/?s={search_term_string}\"},\"query-input\":{\"@type\":\"PropertyValueSpecification\",\"valueRequired\":true,\"valueName\":\"search_term_string\"}}],\"inLanguage\":\"hu\"},{\"@type\":\"Organization\",\"@id\":\"https:\/\/blog.racksweekend.com.br\/en\/#organization\",\"name\":\"Blog Racks\",\"url\":\"https:\/\/blog.racksweekend.com.br\/en\/\",\"logo\":{\"@type\":\"ImageObject\",\"inLanguage\":\"hu\",\"@id\":\"https:\/\/blog.racksweekend.com.br\/en\/#\/schema\/logo\/image\/\",\"url\":\"https:\/\/blog.racksweekend.com.br\/wp-content\/uploads\/2024\/02\/cropped-BLOG.png\",\"contentUrl\":\"https:\/\/blog.racksweekend.com.br\/wp-content\/uploads\/2024\/02\/cropped-BLOG.png\",\"width\":1248,\"height\":771,\"caption\":\"Blog Racks\"},\"image\":{\"@id\":\"https:\/\/blog.racksweekend.com.br\/en\/#\/schema\/logo\/image\/\"}},{\"@type\":\"Person\",\"@id\":\"https:\/\/blog.racksweekend.com.br\/en\/#\/schema\/person\/e8bce98e1bb2740907d9d40f82cee71b\",\"name\":\"Isaac\",\"image\":{\"@type\":\"ImageObject\",\"inLanguage\":\"hu\",\"@id\":\"https:\/\/blog.racksweekend.com.br\/en\/#\/schema\/person\/image\/\",\"url\":\"https:\/\/blog.racksweekend.com.br\/wp-content\/litespeed\/avatar\/394da628e0e367b1790570a93fe58e9b.jpg?ver=1777408957\",\"contentUrl\":\"https:\/\/blog.racksweekend.com.br\/wp-content\/litespeed\/avatar\/394da628e0e367b1790570a93fe58e9b.jpg?ver=1777408957\",\"caption\":\"Isaac\"},\"url\":\"https:\/\/blog.racksweekend.com.br\/hu\/author\/isaac\/\"}]}<\/script>\n<!-- \/ Yoast SEO plugin. -->","yoast_head_json":{"title":"Mudar o Papel de Parede do Instagram - Blog Racks","description":"Aprenda Agora Como Mudar o Papel de Parede do Instagram: D\u00ea um Visual Novo ao Seu App, Leia Este Artigo e Siga Passo a Passo.","robots":{"index":"index","follow":"follow","max-snippet":"max-snippet:-1","max-image-preview":"max-image-preview:large","max-video-preview":"max-video-preview:-1"},"canonical":"https:\/\/blog.racksweekend.com.br\/hu\/1287\/mudar-o-papel-de-parede-do-instagram\/","og_locale":"hu_HU","og_type":"article","og_title":"Mudar o Papel de Parede do Instagram - Blog Racks","og_description":"Aprenda Agora Como Mudar o Papel de Parede do Instagram: D\u00ea um Visual Novo ao Seu App, Leia Este Artigo e Siga Passo a Passo.","og_url":"https:\/\/blog.racksweekend.com.br\/hu\/1287\/mudar-o-papel-de-parede-do-instagram\/","og_site_name":"Blog Racks","article_published_time":"2025-04-08T12:15:31+00:00","article_modified_time":"2025-04-22T15:18:13+00:00","author":"Isaac","twitter_card":"summary_large_image","twitter_misc":{"Szerz\u0151:":"Isaac","Becs\u00fclt olvas\u00e1si id\u0151":"3 perc"},"schema":{"@context":"https:\/\/schema.org","@graph":[{"@type":"Article","@id":"https:\/\/blog.racksweekend.com.br\/1287\/mudar-o-papel-de-parede-do-instagram\/#article","isPartOf":{"@id":"https:\/\/blog.racksweekend.com.br\/1287\/mudar-o-papel-de-parede-do-instagram\/"},"author":{"name":"Isaac","@id":"https:\/\/blog.racksweekend.com.br\/en\/#\/schema\/person\/e8bce98e1bb2740907d9d40f82cee71b"},"headline":"Mudar o Papel de Parede do Instagram","datePublished":"2025-04-08T12:15:31+00:00","dateModified":"2025-04-22T15:18:13+00:00","mainEntityOfPage":{"@id":"https:\/\/blog.racksweekend.com.br\/1287\/mudar-o-papel-de-parede-do-instagram\/"},"wordCount":522,"publisher":{"@id":"https:\/\/blog.racksweekend.com.br\/en\/#organization"},"keywords":["aplicativo gr\u00e1tis","assistir Gr\u00e1tis","baixar gr\u00e1tis","instagram","tutorial"],"articleSection":["Aplicativos"],"inLanguage":"hu"},{"@type":"WebPage","@id":"https:\/\/blog.racksweekend.com.br\/1287\/mudar-o-papel-de-parede-do-instagram\/","url":"https:\/\/blog.racksweekend.com.br\/1287\/mudar-o-papel-de-parede-do-instagram\/","name":"Mudar o Papel de Parede do Instagram - Blog Racks","isPartOf":{"@id":"https:\/\/blog.racksweekend.com.br\/en\/#website"},"datePublished":"2025-04-08T12:15:31+00:00","dateModified":"2025-04-22T15:18:13+00:00","description":"Aprenda Agora Como Mudar o Papel de Parede do Instagram: D\u00ea um Visual Novo ao Seu App, Leia Este Artigo e Siga Passo a Passo.","breadcrumb":{"@id":"https:\/\/blog.racksweekend.com.br\/1287\/mudar-o-papel-de-parede-do-instagram\/#breadcrumb"},"inLanguage":"hu","potentialAction":[{"@type":"ReadAction","target":["https:\/\/blog.racksweekend.com.br\/1287\/mudar-o-papel-de-parede-do-instagram\/"]}]},{"@type":"BreadcrumbList","@id":"https:\/\/blog.racksweekend.com.br\/1287\/mudar-o-papel-de-parede-do-instagram\/#breadcrumb","itemListElement":[{"@type":"ListItem","position":1,"name":"Home","item":"https:\/\/blog.racksweekend.com.br\/en\/"},{"@type":"ListItem","position":2,"name":"Mudar o Papel de Parede do Instagram"}]},{"@type":"WebSite","@id":"https:\/\/blog.racksweekend.com.br\/en\/#website","url":"https:\/\/blog.racksweekend.com.br\/en\/","name":"Blogtart\u00f3k","description":"H\u00e9tv\u00e9ge","publisher":{"@id":"https:\/\/blog.racksweekend.com.br\/en\/#organization"},"potentialAction":[{"@type":"SearchAction","target":{"@type":"EntryPoint","urlTemplate":"https:\/\/blog.racksweekend.com.br\/en\/?s={search_term_string}"},"query-input":{"@type":"PropertyValueSpecification","valueRequired":true,"valueName":"search_term_string"}}],"inLanguage":"hu"},{"@type":"Organization","@id":"https:\/\/blog.racksweekend.com.br\/en\/#organization","name":"Blogtart\u00f3k","url":"https:\/\/blog.racksweekend.com.br\/en\/","logo":{"@type":"ImageObject","inLanguage":"hu","@id":"https:\/\/blog.racksweekend.com.br\/en\/#\/schema\/logo\/image\/","url":"https:\/\/blog.racksweekend.com.br\/wp-content\/uploads\/2024\/02\/cropped-BLOG.png","contentUrl":"https:\/\/blog.racksweekend.com.br\/wp-content\/uploads\/2024\/02\/cropped-BLOG.png","width":1248,"height":771,"caption":"Blog Racks"},"image":{"@id":"https:\/\/blog.racksweekend.com.br\/en\/#\/schema\/logo\/image\/"}},{"@type":"Person","@id":"https:\/\/blog.racksweekend.com.br\/en\/#\/schema\/person\/e8bce98e1bb2740907d9d40f82cee71b","name":"Isaac","image":{"@type":"ImageObject","inLanguage":"hu","@id":"https:\/\/blog.racksweekend.com.br\/en\/#\/schema\/person\/image\/","url":"https:\/\/blog.racksweekend.com.br\/wp-content\/litespeed\/avatar\/394da628e0e367b1790570a93fe58e9b.jpg?ver=1777408957","contentUrl":"https:\/\/blog.racksweekend.com.br\/wp-content\/litespeed\/avatar\/394da628e0e367b1790570a93fe58e9b.jpg?ver=1777408957","caption":"Isaac"},"url":"https:\/\/blog.racksweekend.com.br\/hu\/author\/isaac\/"}]}},"_links":{"self":[{"href":"https:\/\/blog.racksweekend.com.br\/hu\/wp-json\/wp\/v2\/posts\/1287","targetHints":{"allow":["GET"]}}],"collection":[{"href":"https:\/\/blog.racksweekend.com.br\/hu\/wp-json\/wp\/v2\/posts"}],"about":[{"href":"https:\/\/blog.racksweekend.com.br\/hu\/wp-json\/wp\/v2\/types\/post"}],"author":[{"embeddable":true,"href":"https:\/\/blog.racksweekend.com.br\/hu\/wp-json\/wp\/v2\/users\/11"}],"replies":[{"embeddable":true,"href":"https:\/\/blog.racksweekend.com.br\/hu\/wp-json\/wp\/v2\/comments?post=1287"}],"version-history":[{"count":3,"href":"https:\/\/blog.racksweekend.com.br\/hu\/wp-json\/wp\/v2\/posts\/1287\/revisions"}],"predecessor-version":[{"id":1428,"href":"https:\/\/blog.racksweekend.com.br\/hu\/wp-json\/wp\/v2\/posts\/1287\/revisions\/1428"}],"wp:attachment":[{"href":"https:\/\/blog.racksweekend.com.br\/hu\/wp-json\/wp\/v2\/media?parent=1287"}],"wp:term":[{"taxonomy":"category","embeddable":true,"href":"https:\/\/blog.racksweekend.com.br\/hu\/wp-json\/wp\/v2\/categories?post=1287"},{"taxonomy":"post_tag","embeddable":true,"href":"https:\/\/blog.racksweekend.com.br\/hu\/wp-json\/wp\/v2\/tags?post=1287"}],"curies":[{"name":"munkaf\u00fczet","href":"https:\/\/api.w.org\/{rel}","templated":true}]}}