{"id":210,"date":"2024-02-15T14:30:35","date_gmt":"2024-02-15T14:30:35","guid":{"rendered":"https:\/\/blog.racksweekend.com.br\/?p=210"},"modified":"2024-02-15T18:15:52","modified_gmt":"2024-02-15T18:15:52","slug":"destinos-de-viagem-para-amantes-do-inverno","status":"publish","type":"post","link":"https:\/\/blog.racksweekend.com.br\/hu\/210\/destinos-de-viagem-para-amantes-do-inverno\/","title":{"rendered":"\u00datic\u00e9lok a t\u00e9l szerelmeseinek"},"content":{"rendered":"<p class=\"wp-block-paragraph\">Ha szereted a hideg \u00e9vszakot Braz\u00edli\u00e1ban, \u00e9s megb\u00e1nod, amikor elm\u00falik, akkor ezeket im\u00e1dni fogod <strong>\u00datic\u00e9lok a t\u00e9l szerelmeseinek<\/strong>.<\/p>\n\n\n\n<p class=\"wp-block-paragraph\">Term\u00e9szetesen azoknak, akik megtal\u00e1lj\u00e1k a sz\u00e9ps\u00e9get \u00e9s a kalandot <strong>hideg \u00e9s h\u00f3<\/strong>, a t\u00e9l sokas\u00e1g\u00e1t k\u00edn\u00e1lja<strong> izgalmas utaz\u00e1si c\u00e9lpontok<\/strong> \u00e9s fest\u0151i helyek szerte a vil\u00e1gon. <\/p>\n\n\n\n<p class=\"wp-block-paragraph\">Teh\u00e1t a b\u00e1jos h\u00f3f\u00f6dte falvakt\u00f3l a <strong>leny\u0171g\u00f6z\u0151 hegyi t\u00e1jak<\/strong>, van valami var\u00e1zslatos a vil\u00e1g jeges \u00fatic\u00e9ljainak felfedez\u00e9s\u00e9ben. <\/p>\n\n\n\n<p class=\"wp-block-paragraph\">Ebben az \u00fatmutat\u00f3ban kiemel\u00fcnk n\u00e9h\u00e1nyat <strong>legjobb utaz\u00e1si c\u00e9lpontok azoknak, akik szeretik a hideget \u00e9s a havat<\/strong>, ahol egyed\u00fcl\u00e1ll\u00f3 \u00e9s felejthetetlen \u00e9lm\u00e9nyekben lehet r\u00e9sze.<\/p>\n\n\n\n<h2 class=\"wp-block-heading\">1. Troms\u00f8, Norv\u00e9gia:<\/h2>\n\n\n\n<p class=\"wp-block-paragraph\">\u201e<strong>a sarkvid\u00e9k f\u0151v\u00e1rosa<\/strong>\u201c, <strong>Troms\u00f8 <\/strong>kihagyhatatlan \u00fati c\u00e9l mindenkinek, aki meg akarja tapasztalni a <strong>igazi \u00e9szak-eur\u00f3pai t\u00e9l<\/strong>. <\/p>\n\n\n\n<p class=\"wp-block-paragraph\">Az \u00c9szaki-sarkk\u00f6r felett elhelyezked\u0151 fest\u0151i v\u00e1ros sz\u00e1mos izgalmas tev\u00e9kenys\u00e9get k\u00edn\u00e1l, mint pl <strong>\u00e9szaki f\u00e9ny<\/strong>, <strong>sz\u00e1nk\u00f3z\u00e1s<\/strong> kuty\u00e1k h\u00fazz\u00e1k, \u00e9s <strong>t\u00far\u00e1z\u00e1s havas \u00f6sv\u00e9nyeken<\/strong>. <\/p>\n\n\n\n<figure class=\"wp-block-image size-large\"><img fetchpriority=\"high\" decoding=\"async\" width=\"1024\" height=\"512\" src=\"https:\/\/blog.racksweekend.com.br\/wp-content\/uploads\/2024\/02\/northern-lights-1024x512.webp\" alt=\"\" class=\"wp-image-237\" style=\"aspect-ratio:16\/9;object-fit:cover\" srcset=\"https:\/\/blog.racksweekend.com.br\/wp-content\/uploads\/2024\/02\/northern-lights-1024x512.webp 1024w, https:\/\/blog.racksweekend.com.br\/wp-content\/uploads\/2024\/02\/northern-lights-300x150.webp 300w, https:\/\/blog.racksweekend.com.br\/wp-content\/uploads\/2024\/02\/northern-lights-768x384.webp 768w, https:\/\/blog.racksweekend.com.br\/wp-content\/uploads\/2024\/02\/northern-lights-1536x768.webp 1536w, https:\/\/blog.racksweekend.com.br\/wp-content\/uploads\/2024\/02\/northern-lights-18x9.webp 18w, https:\/\/blog.racksweekend.com.br\/wp-content\/uploads\/2024\/02\/northern-lights-120x60.webp 120w, https:\/\/blog.racksweekend.com.br\/wp-content\/uploads\/2024\/02\/northern-lights.webp 1600w\" sizes=\"(max-width: 1024px) 100vw, 1024px\" \/><figcaption class=\"wp-element-caption\">\u00c9szaki f\u00e9ny Troms\u00f8-ben<\/figcaption><\/figure>\n\n\n\n<p class=\"wp-block-paragraph\">Tov\u00e1bb\u00e1, <strong>Troms\u00f8 <\/strong>Ny\u00fczsg\u0151 \u00e9jszakai \u00e9lettel \u00e9s gazdag kultur\u00e1lis t\u00f6rt\u00e9nelemmel rendelkezik, \u00edgy eg\u00e9sz \u00e9vben soksz\u00edn\u0171 \u00e9s mag\u00e1val ragad\u00f3 \u00fati c\u00e9l.<\/p>\n\n\n\n<h2 class=\"wp-block-heading\">2. Reykjav\u00edk, Izland:<\/h2>\n\n\n\n<p class=\"wp-block-paragraph\">A <strong>Izland<\/strong> a leny\u0171g\u00f6z\u0151 t\u00e1jak \u00e9s leny\u0171g\u00f6z\u0151 kontrasztok orsz\u00e1ga, \u00e9s f\u0151v\u00e1rosa, <strong>Reykjav\u00edk<\/strong>, t\u00f6k\u00e9letes kiindul\u00f3pont az orsz\u00e1g minden k\u00edn\u00e1lat\u00e1nak felfedez\u00e9s\u00e9hez. <\/p>\n\n\n\n<p class=\"wp-block-paragraph\">\u00cdgy t\u00e9len az utaz\u00f3k olyan tev\u00e9kenys\u00e9geket \u00e9lvezhetnek, mint az \u00e9szaki f\u00e9ny, <strong>f\u00fcrd\u0151z\u00e9s meleg forr\u00e1sokban<\/strong>.<\/p>\n\n\n\n<p class=\"wp-block-paragraph\">\u00c9s azt is, t\u00far\u00e1k kereszt\u00fcl <strong>h\u00f3val bor\u00edtott t\u00e1jak<\/strong>, bele\u00e9rtve <strong>gleccserek<\/strong>, <strong>fagyott v\u00edzes\u00e9sek<\/strong> Ez <strong>fekete homokos strandok<\/strong>. <\/p>\n\n\n\n<p class=\"wp-block-paragraph\">A v\u00e9g\u00e9n. \u00e9l\u00e9nk kultur\u00e1lis sz\u00ednt\u00e9rrel, <strong>vil\u00e1gsz\u00ednvonal\u00fa \u00e9ttermek<\/strong> \u00e9s bar\u00e1ts\u00e1gos l\u00e9gk\u00f6r, <strong>Reykjav\u00edk <\/strong>Ez egy olyan \u00fati c\u00e9l, amely eg\u00e9sz \u00e9vben lebilincseli az utaz\u00f3kat.<\/p>\n\n\n\n<h2 class=\"wp-block-heading\">3. Aspen, Colorado, USA:<\/h2>\n\n\n\n<p class=\"wp-block-paragraph\">Szerelmeseinek <strong>s\u00ed <\/strong>Ez <strong>h\u00f3deszka<\/strong>, nincs olyan hely, mint <strong>Aspen<\/strong>, <strong>Colorado<\/strong>. <\/p>\n\n\n\n<p class=\"wp-block-paragraph\">Ez a v\u00e1ros<strong> hegyi \u00fcd\u00fcl\u0151hely<\/strong> h\u00edres arr\u00f3l<strong> vil\u00e1gsz\u00ednvonal\u00fa s\u00edp\u00e1ly\u00e1k<\/strong>, <strong>leny\u0171g\u00f6z\u0151 t\u00e1jak<\/strong> \u00e9s kifinomult l\u00e9gk\u00f6r. <\/p>\n\n\n\n<p class=\"wp-block-paragraph\">A t\u00e9li tev\u00e9kenys\u00e9gek mellett azonban a l\u00e1togat\u00f3k a <strong>Aspen <\/strong>k\u00fcl\u00f6nf\u00e9le sz\u00f3rakoz\u00e1si lehet\u0151s\u00e9geket \u00e9lvezhet, mint pl <strong>luxus v\u00e1s\u00e1rl\u00e1s<\/strong>, <strong>\u00ednyenc vacsor\u00e1k<\/strong> Ez <strong>kultur\u00e1lis esem\u00e9ny<\/strong>. <\/p>\n\n\n\n<p class=\"wp-block-paragraph\">V\u00e9g\u00fcl bar\u00e1ts\u00e1gos l\u00e9gk\u00f6rrel \u00e9s k\u00fcl\u00f6nf\u00e9le sz\u00e1ll\u00e1slehet\u0151s\u00e9gekkel, t\u00f3l <strong>fah\u00e1zak <\/strong>A <strong>butikhotelek<\/strong>, <strong>Aspen <\/strong>a t\u00f6k\u00e9letes \u00fati c\u00e9l egy kiruccan\u00e1shoz <strong>eml\u00e9kezetes t\u00e9l<\/strong>.<\/p>\n\n\n\n<h2 class=\"wp-block-heading\">4. Quebec City, Kanada:<\/h2>\n\n\n\n<p class=\"wp-block-paragraph\">T\u00f6rt\u00e9nelmi \u00e9p\u00edt\u00e9szet\u00e9vel, macskak\u00f6ves utc\u00e1ival \u00e9s elb\u0171v\u00f6l\u0151 eur\u00f3pai hangulat\u00e1val <strong>Quebec City<\/strong> Ez egy t\u00e9li \u00fatic\u00e9l, amely \u00fagy n\u00e9z ki, mintha egyenesen a mes\u00e9b\u0151l sz\u00e1rmazna. <\/p>\n\n\n\n<p class=\"wp-block-paragraph\">Azt\u00e1n a hidegebb h\u00f3napokban a v\u00e1ros \u00e9letre kel <strong>t\u00e9li fesztiv\u00e1lok<\/strong>, <strong>kar\u00e1csonyi v\u00e1s\u00e1rok<\/strong> \u00e9s szabadt\u00e9ri tev\u00e9kenys\u00e9gek, mint pl <strong>J\u00e9gkorcsoly\u00e1z\u00e1s <\/strong>Ez <strong>havas t\u00far\u00e1z\u00e1s<\/strong>Ez. <\/p>\n\n\n\n<p class=\"wp-block-paragraph\">Tov\u00e1bb\u00e1, <strong>Quebec City<\/strong> arr\u00f3l ismert <strong>finom konyha<\/strong>, amely olyan vigasztal\u00f3 \u00e9teleket tartalmaz, mint <strong>poutine<\/strong>, <strong>h\u00fasos pite<\/strong> Ez <strong>sajtos fond\u00fc<\/strong>. <\/p>\n\n\n\n<figure class=\"wp-block-image size-large\"><img decoding=\"async\" width=\"1024\" height=\"576\" src=\"https:\/\/blog.racksweekend.com.br\/wp-content\/uploads\/2024\/02\/703-2c41eb02d8be405aa7437d5c95084cbd-1024x576.webp\" alt=\"\" class=\"wp-image-238\" srcset=\"https:\/\/blog.racksweekend.com.br\/wp-content\/uploads\/2024\/02\/703-2c41eb02d8be405aa7437d5c95084cbd-1024x576.webp 1024w, https:\/\/blog.racksweekend.com.br\/wp-content\/uploads\/2024\/02\/703-2c41eb02d8be405aa7437d5c95084cbd-300x169.webp 300w, https:\/\/blog.racksweekend.com.br\/wp-content\/uploads\/2024\/02\/703-2c41eb02d8be405aa7437d5c95084cbd-768x432.webp 768w, https:\/\/blog.racksweekend.com.br\/wp-content\/uploads\/2024\/02\/703-2c41eb02d8be405aa7437d5c95084cbd-18x10.webp 18w, https:\/\/blog.racksweekend.com.br\/wp-content\/uploads\/2024\/02\/703-2c41eb02d8be405aa7437d5c95084cbd-107x60.webp 107w, https:\/\/blog.racksweekend.com.br\/wp-content\/uploads\/2024\/02\/703-2c41eb02d8be405aa7437d5c95084cbd.webp 1400w\" sizes=\"(max-width: 1024px) 100vw, 1024px\" \/><figcaption class=\"wp-element-caption\">T\u00e9li Fesztiv\u00e1l Quebec Cityben<\/figcaption><\/figure>\n\n\n\n<p class=\"wp-block-paragraph\">Romantikus \u00e9s b\u00e1jos hangulat\u00e1val <strong>Quebec City<\/strong> t\u00f6k\u00e9letes \u00fati c\u00e9l mindazok sz\u00e1m\u00e1ra, akik hiteles \u00e9s eml\u00e9kezetes t\u00e9li \u00e9lm\u00e9nyre v\u00e1gynak.<\/p>\n\n\n\n<h2 class=\"wp-block-heading\">5. Niseko, Jap\u00e1n:<\/h2>\n\n\n\n<p class=\"wp-block-paragraph\">A rajong\u00f3k sz\u00e1m\u00e1ra <strong>s\u00ed <\/strong>B\u00f3l van <strong>h\u00f3deszka <\/strong>akik egyedi \u00e9lm\u00e9nyre v\u00e1gynak, <strong>Niseko<\/strong>, a <strong>Jap\u00e1n<\/strong>, az ide\u00e1lis \u00fatic\u00e9l. <\/p>\n\n\n\n<p class=\"wp-block-paragraph\">\u00cdgy a szigeten tal\u00e1lhat\u00f3 <strong>Hokkaido<\/strong>, <strong>Niseko <\/strong>h\u00edres hatalmas kiterjed\u00e9s\u0171 porh\u00f3j\u00e1r\u00f3l, amelyet \u201e<strong>pezsg\u0151por<\/strong>\u201c&quot;.<\/p>\n\n\n\n<p class=\"wp-block-paragraph\">A t\u00e9li tev\u00e9kenys\u00e9gek mellett Niseko l\u00e1togat\u00f3i \u00e9lvezhetik a <strong>autentikus jap\u00e1n konyha<\/strong>, bele\u00e9rtve <strong>friss sushi<\/strong>, vigasztal\u00f3 ramen \u00e9s <strong>grillezett h\u00fas\u00e9telek<\/strong>. <\/p>\n\n\n\n<p class=\"wp-block-paragraph\">Nos, bar\u00e1ts\u00e1gos l\u00e9gk\u00f6rrel \u00e9s leny\u0171g\u00f6z\u0151 t\u00e1jjal, <strong>Niseko <\/strong>egyed\u00fcl\u00e1ll\u00f3 t\u00e9li \u00e9lm\u00e9nyt k\u00edn\u00e1l, amely mag\u00e1val ragadja az utaz\u00f3kat a vil\u00e1g minden t\u00e1j\u00e1r\u00f3l.<\/p>\n\n\n\n<h2 class=\"wp-block-heading\">6. Ushuaia, Argent\u00edna:<\/h2>\n\n\n\n<p class=\"wp-block-paragraph\">Ismert, mint &quot;<strong>a v\u00e1ros a vil\u00e1g v\u00e9g\u00e9n<\/strong>\u201c, <strong>Ushuaia <\/strong>ez a vil\u00e1g legd\u00e9libb v\u00e1rosa, \u00e9s igaz\u00e1n egyedi t\u00e9li \u00e9lm\u00e9nyt ny\u00fajt. <\/p>\n\n\n\n<p class=\"wp-block-paragraph\">Nos, a Tierra del Fuego-ban tal\u00e1lhat\u00f3 <strong>Argent\u00edna<\/strong>, <strong>Ushuaia <\/strong>leny\u0171g\u00f6z\u0151 t\u00e1j veszi k\u00f6r\u00fcl <strong>h\u00f3val bor\u00edtott hegyek<\/strong>, buja erd\u0151k \u00e9s impoz\u00e1ns gleccserek.<\/p>\n\n\n\n<p class=\"wp-block-paragraph\">\u00cdgy t\u00e9len a l\u00e1togat\u00f3k a <strong>Ushuaia <\/strong>k\u00fcl\u00f6nf\u00e9le szabadt\u00e9ri tev\u00e9kenys\u00e9geket \u00e9lvezhet.<\/p>\n\n\n\n<figure class=\"wp-block-image size-large\"><img decoding=\"async\" width=\"1024\" height=\"683\" src=\"https:\/\/blog.racksweekend.com.br\/wp-content\/uploads\/2024\/02\/mountain-3050472-1920-1024x683.webp\" alt=\"\" class=\"wp-image-239\" srcset=\"https:\/\/blog.racksweekend.com.br\/wp-content\/uploads\/2024\/02\/mountain-3050472-1920-1024x683.webp 1024w, https:\/\/blog.racksweekend.com.br\/wp-content\/uploads\/2024\/02\/mountain-3050472-1920-300x200.webp 300w, https:\/\/blog.racksweekend.com.br\/wp-content\/uploads\/2024\/02\/mountain-3050472-1920-768x512.webp 768w, https:\/\/blog.racksweekend.com.br\/wp-content\/uploads\/2024\/02\/mountain-3050472-1920-1536x1024.webp 1536w, https:\/\/blog.racksweekend.com.br\/wp-content\/uploads\/2024\/02\/mountain-3050472-1920-18x12.webp 18w, https:\/\/blog.racksweekend.com.br\/wp-content\/uploads\/2024\/02\/mountain-3050472-1920-90x60.webp 90w, https:\/\/blog.racksweekend.com.br\/wp-content\/uploads\/2024\/02\/mountain-3050472-1920.webp 1920w\" sizes=\"(max-width: 1024px) 100vw, 1024px\" \/><figcaption class=\"wp-element-caption\">H\u00f3f\u00f6dte hegyek Ushuai\u00e1ban<\/figcaption><\/figure>\n\n\n\n<p class=\"wp-block-paragraph\">\u00c9lvezheted <strong>olyan tev\u00e9kenys\u00e9gek, mint a s\u00edel\u00e9s, snowboardoz\u00e1s, t\u00far\u00e1z\u00e1s havas \u00f6sv\u00e9nyeken \u00e9s haj\u00f3kir\u00e1ndul\u00e1sok a Beagle-csatorna jeges v\u00edzi \u00fatjain<\/strong>. <\/p>\n\n\n\n<p class=\"wp-block-paragraph\">Tov\u00e1bb\u00e1, <strong>Ushuaia <\/strong>gazdag t\u00f6rt\u00e9nelm\u00e9r\u0151l \u00e9s kult\u00far\u00e1j\u00e1r\u00f3l ismert <strong>leny\u0171g\u00f6z\u0151 m\u00fazeumok<\/strong>, <strong>\u00edzletes tenger gy\u00fcm\u00f6lcseit k\u00edn\u00e1l\u00f3 \u00e9ttermek<\/strong> \u00e9s bar\u00e1ts\u00e1gos l\u00e9gk\u00f6r. <\/p>\n\n\n\n<p class=\"wp-block-paragraph\">Leny\u0171g\u00f6z\u0151 t\u00e1j\u00e1val \u00e9s izgalmas kalandjaival, <strong>Ushuaia <\/strong>egy t\u00e9li c\u00e9lpont, amely term\u00e9szeti sz\u00e9ps\u00e9g\u00e9vel \u00e9s egyedi var\u00e1zs\u00e1val elb\u0171v\u00f6li az utaz\u00f3kat.<\/p>\n\n\n\n<figure class=\"wp-block-pullquote\"><blockquote><p><a href=\"https:\/\/blog.racksweekend.com.br\/hu\/209\/melhores-restaurantes-de-comida-brasileira-ao-redor-do-mundo\/\">A legjobb brazil \u00e9ttermek a vil\u00e1gon<\/a><\/p><cite>\u00daJ<\/cite><\/blockquote><\/figure>\n\n\n\n<h2 class=\"wp-block-heading\">K\u00f6vetkeztet\u00e9s: Fedezze fel a t\u00e9l var\u00e1zs\u00e1t a var\u00e1zslatos \u00fatic\u00e9lokon<\/h2>\n\n\n\n<p class=\"wp-block-paragraph\">V\u00e9gs\u0151 soron azoknak <strong>a hideg \u00e9s a h\u00f3 szerelmesei<\/strong>, a t\u00e9l izgalmas \u00e9s fest\u0151i utaz\u00e1si c\u00e9lpontok sokas\u00e1g\u00e1t k\u00edn\u00e1lja szerte a vil\u00e1gon. <\/p>\n\n\n\n<p class=\"wp-block-paragraph\">A b\u00e1jos eur\u00f3pai v\u00e1rosokt\u00f3l a <strong>kifinomult hegyi \u00fcd\u00fcl\u0151helyek<\/strong>, van valami var\u00e1zslatos abban, ha felfedezz\u00fck a vil\u00e1g jeges \u00fati c\u00e9ljait a leghidegebb h\u00f3napokban. <\/p>\n\n\n\n<p class=\"wp-block-paragraph\">Teh\u00e1t amikor legk\u00f6zelebb t\u00e9li kir\u00e1ndul\u00e1st tervez, fontolja meg ezen elb\u0171v\u00f6l\u0151 \u00fati c\u00e9lok valamelyik\u00e9nek megl\u00e1togat\u00e1s\u00e1t, \u00e9s fedezze fel a t\u00e9l sz\u00e9ps\u00e9g\u00e9t \u00e9s kalandj\u00e1t.<\/p>","protected":false},"excerpt":{"rendered":"<p>Ha szereti a hideg \u00e9vszakot Braz\u00edli\u00e1ban, \u00e9s megb\u00e1nja, amikor elm\u00falik, akkor im\u00e1dni fogja ezeket az utaz\u00e1si c\u00e9lpontokat a t\u00e9l szerelmeseinek. Azok sz\u00e1m\u00e1ra, akik sz\u00e9ps\u00e9get \u00e9s kalandot tal\u00e1lnak a hidegben \u00e9s a h\u00f3ban, a t\u00e9l izgalmas \u00e9s fest\u0151i utaz\u00e1si c\u00e9lpontok sokas\u00e1g\u00e1t k\u00edn\u00e1lja szerte a vil\u00e1gon. \u2026 <\/p>","protected":false},"author":1,"featured_media":236,"comment_status":"open","ping_status":"open","sticky":false,"template":"","format":"standard","meta":{"footnotes":""},"categories":[186],"tags":[152,158,156,157,149,159,161,154,163,155,160,162,150],"class_list":["post-210","post","type-post","status-publish","format-standard","has-post-thumbnail","hentry","category-viagens-internacionais","tag-argentina","tag-aspen","tag-canada","tag-colorado","tag-destinos-de-viagem-para-amantes-do-inverno","tag-eua","tag-islandia","tag-japao","tag-noruega","tag-quebec-city","tag-reykjavik","tag-tromso","tag-ushuaia","latest_post"],"yoast_head":"<!-- This site is optimized with the Yoast SEO plugin v27.8 - https:\/\/yoast.com\/product\/yoast-seo-wordpress\/ -->\n<title>Destinos de Viagem para Amantes do Inverno - Blog Racks<\/title>\n<meta name=\"description\" content=\"Se voc\u00ea ama o per\u00edodo de frio no brasil e lamenta quando ele vai embora, voc\u00ea vai adorar estes Destinos de Viagem para Amantes do Inverno.\" \/>\n<meta name=\"robots\" content=\"index, follow, max-snippet:-1, max-image-preview:large, max-video-preview:-1\" \/>\n<link rel=\"canonical\" href=\"https:\/\/blog.racksweekend.com.br\/hu\/210\/destinos-de-viagem-para-amantes-do-inverno\/\" \/>\n<meta property=\"og:locale\" content=\"hu_HU\" \/>\n<meta property=\"og:type\" content=\"article\" \/>\n<meta property=\"og:title\" content=\"Destinos de Viagem para Amantes do Inverno - Blog Racks\" \/>\n<meta property=\"og:description\" content=\"Se voc\u00ea ama o per\u00edodo de frio no brasil e lamenta quando ele vai embora, voc\u00ea vai adorar estes Destinos de Viagem para Amantes do Inverno.\" \/>\n<meta property=\"og:url\" content=\"https:\/\/blog.racksweekend.com.br\/hu\/210\/destinos-de-viagem-para-amantes-do-inverno\/\" \/>\n<meta property=\"og:site_name\" content=\"Blog Racks\" \/>\n<meta property=\"article:published_time\" content=\"2024-02-15T14:30:35+00:00\" \/>\n<meta property=\"article:modified_time\" content=\"2024-02-15T18:15:52+00:00\" \/>\n<meta property=\"og:image\" content=\"https:\/\/blog.racksweekend.com.br\/wp-content\/uploads\/2024\/02\/design-sem-nome-2.webp\" \/>\n\t<meta property=\"og:image:width\" content=\"1000\" \/>\n\t<meta property=\"og:image:height\" content=\"800\" \/>\n\t<meta property=\"og:image:type\" content=\"image\/webp\" \/>\n<meta name=\"author\" content=\"admin\" \/>\n<meta name=\"twitter:card\" content=\"summary_large_image\" \/>\n<meta name=\"twitter:label1\" content=\"Szerz\u0151:\" \/>\n\t<meta name=\"twitter:data1\" content=\"admin\" \/>\n\t<meta name=\"twitter:label2\" content=\"Becs\u00fclt olvas\u00e1si id\u0151\" \/>\n\t<meta name=\"twitter:data2\" content=\"6 perc\" \/>\n<script type=\"application\/ld+json\" class=\"yoast-schema-graph\">{\"@context\":\"https:\\\/\\\/schema.org\",\"@graph\":[{\"@type\":\"Article\",\"@id\":\"https:\\\/\\\/blog.racksweekend.com.br\\\/210\\\/destinos-de-viagem-para-amantes-do-inverno\\\/#article\",\"isPartOf\":{\"@id\":\"https:\\\/\\\/blog.racksweekend.com.br\\\/210\\\/destinos-de-viagem-para-amantes-do-inverno\\\/\"},\"author\":{\"name\":\"admin\",\"@id\":\"https:\\\/\\\/blog.racksweekend.com.br\\\/#\\\/schema\\\/person\\\/b505dffaec1ce6ec9c47ca74400f2167\"},\"headline\":\"Destinos de Viagem para Amantes do Inverno\",\"datePublished\":\"2024-02-15T14:30:35+00:00\",\"dateModified\":\"2024-02-15T18:15:52+00:00\",\"mainEntityOfPage\":{\"@id\":\"https:\\\/\\\/blog.racksweekend.com.br\\\/210\\\/destinos-de-viagem-para-amantes-do-inverno\\\/\"},\"wordCount\":871,\"commentCount\":0,\"publisher\":{\"@id\":\"https:\\\/\\\/blog.racksweekend.com.br\\\/#organization\"},\"image\":{\"@id\":\"https:\\\/\\\/blog.racksweekend.com.br\\\/210\\\/destinos-de-viagem-para-amantes-do-inverno\\\/#primaryimage\"},\"thumbnailUrl\":\"https:\\\/\\\/blog.racksweekend.com.br\\\/wp-content\\\/uploads\\\/2024\\\/02\\\/design-sem-nome-2.webp\",\"keywords\":[\"Argentina\",\"Aspen\",\"Canad\u00e1\",\"Colorado\",\"Destinos de Viagem para Amantes do Inverno\",\"EUA\",\"Isl\u00e2ndia\",\"Jap\u00e3o\",\"Noruega\",\"Quebec City\",\"Reykjavik\",\"Troms\u00f8\",\"Ushuaia\"],\"articleSection\":[\"Viagens Internacionais\"],\"inLanguage\":\"hu\",\"potentialAction\":[{\"@type\":\"CommentAction\",\"name\":\"Comment\",\"target\":[\"https:\\\/\\\/blog.racksweekend.com.br\\\/210\\\/destinos-de-viagem-para-amantes-do-inverno\\\/#respond\"]}]},{\"@type\":\"WebPage\",\"@id\":\"https:\\\/\\\/blog.racksweekend.com.br\\\/210\\\/destinos-de-viagem-para-amantes-do-inverno\\\/\",\"url\":\"https:\\\/\\\/blog.racksweekend.com.br\\\/210\\\/destinos-de-viagem-para-amantes-do-inverno\\\/\",\"name\":\"Destinos de Viagem para Amantes do Inverno - Blog Racks\",\"isPartOf\":{\"@id\":\"https:\\\/\\\/blog.racksweekend.com.br\\\/#website\"},\"primaryImageOfPage\":{\"@id\":\"https:\\\/\\\/blog.racksweekend.com.br\\\/210\\\/destinos-de-viagem-para-amantes-do-inverno\\\/#primaryimage\"},\"image\":{\"@id\":\"https:\\\/\\\/blog.racksweekend.com.br\\\/210\\\/destinos-de-viagem-para-amantes-do-inverno\\\/#primaryimage\"},\"thumbnailUrl\":\"https:\\\/\\\/blog.racksweekend.com.br\\\/wp-content\\\/uploads\\\/2024\\\/02\\\/design-sem-nome-2.webp\",\"datePublished\":\"2024-02-15T14:30:35+00:00\",\"dateModified\":\"2024-02-15T18:15:52+00:00\",\"description\":\"Se voc\u00ea ama o per\u00edodo de frio no brasil e lamenta quando ele vai embora, voc\u00ea vai adorar estes Destinos de Viagem para Amantes do Inverno.\",\"breadcrumb\":{\"@id\":\"https:\\\/\\\/blog.racksweekend.com.br\\\/210\\\/destinos-de-viagem-para-amantes-do-inverno\\\/#breadcrumb\"},\"inLanguage\":\"hu\",\"potentialAction\":[{\"@type\":\"ReadAction\",\"target\":[\"https:\\\/\\\/blog.racksweekend.com.br\\\/210\\\/destinos-de-viagem-para-amantes-do-inverno\\\/\"]}]},{\"@type\":\"ImageObject\",\"inLanguage\":\"hu\",\"@id\":\"https:\\\/\\\/blog.racksweekend.com.br\\\/210\\\/destinos-de-viagem-para-amantes-do-inverno\\\/#primaryimage\",\"url\":\"https:\\\/\\\/blog.racksweekend.com.br\\\/wp-content\\\/uploads\\\/2024\\\/02\\\/design-sem-nome-2.webp\",\"contentUrl\":\"https:\\\/\\\/blog.racksweekend.com.br\\\/wp-content\\\/uploads\\\/2024\\\/02\\\/design-sem-nome-2.webp\",\"width\":1000,\"height\":800,\"caption\":\"Destinos de Viagem para Amantes do Inverno\"},{\"@type\":\"BreadcrumbList\",\"@id\":\"https:\\\/\\\/blog.racksweekend.com.br\\\/210\\\/destinos-de-viagem-para-amantes-do-inverno\\\/#breadcrumb\",\"itemListElement\":[{\"@type\":\"ListItem\",\"position\":1,\"name\":\"Home\",\"item\":\"https:\\\/\\\/blog.racksweekend.com.br\\\/\"},{\"@type\":\"ListItem\",\"position\":2,\"name\":\"Destinos de Viagem para Amantes do Inverno\"}]},{\"@type\":\"WebSite\",\"@id\":\"https:\\\/\\\/blog.racksweekend.com.br\\\/#website\",\"url\":\"https:\\\/\\\/blog.racksweekend.com.br\\\/\",\"name\":\"Blog Racks\",\"description\":\"Weekend\",\"publisher\":{\"@id\":\"https:\\\/\\\/blog.racksweekend.com.br\\\/#organization\"},\"potentialAction\":[{\"@type\":\"SearchAction\",\"target\":{\"@type\":\"EntryPoint\",\"urlTemplate\":\"https:\\\/\\\/blog.racksweekend.com.br\\\/?s={search_term_string}\"},\"query-input\":{\"@type\":\"PropertyValueSpecification\",\"valueRequired\":true,\"valueName\":\"search_term_string\"}}],\"inLanguage\":\"hu\"},{\"@type\":\"Organization\",\"@id\":\"https:\\\/\\\/blog.racksweekend.com.br\\\/#organization\",\"name\":\"Blog Racks\",\"url\":\"https:\\\/\\\/blog.racksweekend.com.br\\\/\",\"logo\":{\"@type\":\"ImageObject\",\"inLanguage\":\"hu\",\"@id\":\"https:\\\/\\\/blog.racksweekend.com.br\\\/#\\\/schema\\\/logo\\\/image\\\/\",\"url\":\"https:\\\/\\\/blog.racksweekend.com.br\\\/wp-content\\\/uploads\\\/2024\\\/02\\\/cropped-BLOG.png\",\"contentUrl\":\"https:\\\/\\\/blog.racksweekend.com.br\\\/wp-content\\\/uploads\\\/2024\\\/02\\\/cropped-BLOG.png\",\"width\":1248,\"height\":771,\"caption\":\"Blog Racks\"},\"image\":{\"@id\":\"https:\\\/\\\/blog.racksweekend.com.br\\\/#\\\/schema\\\/logo\\\/image\\\/\"}},{\"@type\":\"Person\",\"@id\":\"https:\\\/\\\/blog.racksweekend.com.br\\\/#\\\/schema\\\/person\\\/b505dffaec1ce6ec9c47ca74400f2167\",\"name\":\"admin\",\"image\":{\"@type\":\"ImageObject\",\"inLanguage\":\"hu\",\"@id\":\"https:\\\/\\\/blog.racksweekend.com.br\\\/wp-content\\\/litespeed\\\/avatar\\\/36c8d907748a1f26a93d4fe1aaa0002c.jpg?ver=1787757056\",\"url\":\"https:\\\/\\\/blog.racksweekend.com.br\\\/wp-content\\\/litespeed\\\/avatar\\\/36c8d907748a1f26a93d4fe1aaa0002c.jpg?ver=1787757056\",\"contentUrl\":\"https:\\\/\\\/blog.racksweekend.com.br\\\/wp-content\\\/litespeed\\\/avatar\\\/36c8d907748a1f26a93d4fe1aaa0002c.jpg?ver=1787757056\",\"caption\":\"admin\"},\"sameAs\":[\"http:\\\/\\\/blog.racksweekend.com.br\"],\"url\":\"https:\\\/\\\/blog.racksweekend.com.br\\\/hu\\\/author\\\/admin\\\/\"}]}<\/script>\n<!-- \/ Yoast SEO plugin. -->","yoast_head_json":{"title":"Destinos de Viagem para Amantes do Inverno - Blog Racks","description":"Se voc\u00ea ama o per\u00edodo de frio no brasil e lamenta quando ele vai embora, voc\u00ea vai adorar estes Destinos de Viagem para Amantes do Inverno.","robots":{"index":"index","follow":"follow","max-snippet":"max-snippet:-1","max-image-preview":"max-image-preview:large","max-video-preview":"max-video-preview:-1"},"canonical":"https:\/\/blog.racksweekend.com.br\/hu\/210\/destinos-de-viagem-para-amantes-do-inverno\/","og_locale":"hu_HU","og_type":"article","og_title":"Destinos de Viagem para Amantes do Inverno - Blog Racks","og_description":"Se voc\u00ea ama o per\u00edodo de frio no brasil e lamenta quando ele vai embora, voc\u00ea vai adorar estes Destinos de Viagem para Amantes do Inverno.","og_url":"https:\/\/blog.racksweekend.com.br\/hu\/210\/destinos-de-viagem-para-amantes-do-inverno\/","og_site_name":"Blog Racks","article_published_time":"2024-02-15T14:30:35+00:00","article_modified_time":"2024-02-15T18:15:52+00:00","og_image":[{"width":1000,"height":800,"url":"https:\/\/blog.racksweekend.com.br\/wp-content\/uploads\/2024\/02\/design-sem-nome-2.webp","type":"image\/webp"}],"author":"admin","twitter_card":"summary_large_image","twitter_misc":{"Szerz\u0151:":"admin","Becs\u00fclt olvas\u00e1si id\u0151":"6 perc"},"schema":{"@context":"https:\/\/schema.org","@graph":[{"@type":"Article","@id":"https:\/\/blog.racksweekend.com.br\/210\/destinos-de-viagem-para-amantes-do-inverno\/#article","isPartOf":{"@id":"https:\/\/blog.racksweekend.com.br\/210\/destinos-de-viagem-para-amantes-do-inverno\/"},"author":{"name":"admin","@id":"https:\/\/blog.racksweekend.com.br\/#\/schema\/person\/b505dffaec1ce6ec9c47ca74400f2167"},"headline":"Destinos de Viagem para Amantes do Inverno","datePublished":"2024-02-15T14:30:35+00:00","dateModified":"2024-02-15T18:15:52+00:00","mainEntityOfPage":{"@id":"https:\/\/blog.racksweekend.com.br\/210\/destinos-de-viagem-para-amantes-do-inverno\/"},"wordCount":871,"commentCount":0,"publisher":{"@id":"https:\/\/blog.racksweekend.com.br\/#organization"},"image":{"@id":"https:\/\/blog.racksweekend.com.br\/210\/destinos-de-viagem-para-amantes-do-inverno\/#primaryimage"},"thumbnailUrl":"https:\/\/blog.racksweekend.com.br\/wp-content\/uploads\/2024\/02\/design-sem-nome-2.webp","keywords":["Argentina","Aspen","Canad\u00e1","Colorado","Destinos de Viagem para Amantes do Inverno","EUA","Isl\u00e2ndia","Jap\u00e3o","Noruega","Quebec City","Reykjavik","Troms\u00f8","Ushuaia"],"articleSection":["Viagens Internacionais"],"inLanguage":"hu","potentialAction":[{"@type":"CommentAction","name":"Comment","target":["https:\/\/blog.racksweekend.com.br\/210\/destinos-de-viagem-para-amantes-do-inverno\/#respond"]}]},{"@type":"WebPage","@id":"https:\/\/blog.racksweekend.com.br\/210\/destinos-de-viagem-para-amantes-do-inverno\/","url":"https:\/\/blog.racksweekend.com.br\/210\/destinos-de-viagem-para-amantes-do-inverno\/","name":"Destinos de Viagem para Amantes do Inverno - Blog Racks","isPartOf":{"@id":"https:\/\/blog.racksweekend.com.br\/#website"},"primaryImageOfPage":{"@id":"https:\/\/blog.racksweekend.com.br\/210\/destinos-de-viagem-para-amantes-do-inverno\/#primaryimage"},"image":{"@id":"https:\/\/blog.racksweekend.com.br\/210\/destinos-de-viagem-para-amantes-do-inverno\/#primaryimage"},"thumbnailUrl":"https:\/\/blog.racksweekend.com.br\/wp-content\/uploads\/2024\/02\/design-sem-nome-2.webp","datePublished":"2024-02-15T14:30:35+00:00","dateModified":"2024-02-15T18:15:52+00:00","description":"Se voc\u00ea ama o per\u00edodo de frio no brasil e lamenta quando ele vai embora, voc\u00ea vai adorar estes Destinos de Viagem para Amantes do Inverno.","breadcrumb":{"@id":"https:\/\/blog.racksweekend.com.br\/210\/destinos-de-viagem-para-amantes-do-inverno\/#breadcrumb"},"inLanguage":"hu","potentialAction":[{"@type":"ReadAction","target":["https:\/\/blog.racksweekend.com.br\/210\/destinos-de-viagem-para-amantes-do-inverno\/"]}]},{"@type":"ImageObject","inLanguage":"hu","@id":"https:\/\/blog.racksweekend.com.br\/210\/destinos-de-viagem-para-amantes-do-inverno\/#primaryimage","url":"https:\/\/blog.racksweekend.com.br\/wp-content\/uploads\/2024\/02\/design-sem-nome-2.webp","contentUrl":"https:\/\/blog.racksweekend.com.br\/wp-content\/uploads\/2024\/02\/design-sem-nome-2.webp","width":1000,"height":800,"caption":"Destinos de Viagem para Amantes do Inverno"},{"@type":"BreadcrumbList","@id":"https:\/\/blog.racksweekend.com.br\/210\/destinos-de-viagem-para-amantes-do-inverno\/#breadcrumb","itemListElement":[{"@type":"ListItem","position":1,"name":"Home","item":"https:\/\/blog.racksweekend.com.br\/"},{"@type":"ListItem","position":2,"name":"Destinos de Viagem para Amantes do Inverno"}]},{"@type":"WebSite","@id":"https:\/\/blog.racksweekend.com.br\/#website","url":"https:\/\/blog.racksweekend.com.br\/","name":"Blogtart\u00f3k","description":"H\u00e9tv\u00e9ge","publisher":{"@id":"https:\/\/blog.racksweekend.com.br\/#organization"},"potentialAction":[{"@type":"SearchAction","target":{"@type":"EntryPoint","urlTemplate":"https:\/\/blog.racksweekend.com.br\/?s={search_term_string}"},"query-input":{"@type":"PropertyValueSpecification","valueRequired":true,"valueName":"search_term_string"}}],"inLanguage":"hu"},{"@type":"Organization","@id":"https:\/\/blog.racksweekend.com.br\/#organization","name":"Blogtart\u00f3k","url":"https:\/\/blog.racksweekend.com.br\/","logo":{"@type":"ImageObject","inLanguage":"hu","@id":"https:\/\/blog.racksweekend.com.br\/#\/schema\/logo\/image\/","url":"https:\/\/blog.racksweekend.com.br\/wp-content\/uploads\/2024\/02\/cropped-BLOG.png","contentUrl":"https:\/\/blog.racksweekend.com.br\/wp-content\/uploads\/2024\/02\/cropped-BLOG.png","width":1248,"height":771,"caption":"Blog Racks"},"image":{"@id":"https:\/\/blog.racksweekend.com.br\/#\/schema\/logo\/image\/"}},{"@type":"Person","@id":"https:\/\/blog.racksweekend.com.br\/#\/schema\/person\/b505dffaec1ce6ec9c47ca74400f2167","name":"admin","image":{"@type":"ImageObject","inLanguage":"hu","@id":"https:\/\/blog.racksweekend.com.br\/wp-content\/litespeed\/avatar\/36c8d907748a1f26a93d4fe1aaa0002c.jpg?ver=1787757056","url":"https:\/\/blog.racksweekend.com.br\/wp-content\/litespeed\/avatar\/36c8d907748a1f26a93d4fe1aaa0002c.jpg?ver=1787757056","contentUrl":"https:\/\/blog.racksweekend.com.br\/wp-content\/litespeed\/avatar\/36c8d907748a1f26a93d4fe1aaa0002c.jpg?ver=1787757056","caption":"admin"},"sameAs":["http:\/\/blog.racksweekend.com.br"],"url":"https:\/\/blog.racksweekend.com.br\/hu\/author\/admin\/"}]}},"_links":{"self":[{"href":"https:\/\/blog.racksweekend.com.br\/hu\/wp-json\/wp\/v2\/posts\/210","targetHints":{"allow":["GET"]}}],"collection":[{"href":"https:\/\/blog.racksweekend.com.br\/hu\/wp-json\/wp\/v2\/posts"}],"about":[{"href":"https:\/\/blog.racksweekend.com.br\/hu\/wp-json\/wp\/v2\/types\/post"}],"author":[{"embeddable":true,"href":"https:\/\/blog.racksweekend.com.br\/hu\/wp-json\/wp\/v2\/users\/1"}],"replies":[{"embeddable":true,"href":"https:\/\/blog.racksweekend.com.br\/hu\/wp-json\/wp\/v2\/comments?post=210"}],"version-history":[{"count":3,"href":"https:\/\/blog.racksweekend.com.br\/hu\/wp-json\/wp\/v2\/posts\/210\/revisions"}],"predecessor-version":[{"id":240,"href":"https:\/\/blog.racksweekend.com.br\/hu\/wp-json\/wp\/v2\/posts\/210\/revisions\/240"}],"wp:featuredmedia":[{"embeddable":true,"href":"https:\/\/blog.racksweekend.com.br\/hu\/wp-json\/wp\/v2\/media\/236"}],"wp:attachment":[{"href":"https:\/\/blog.racksweekend.com.br\/hu\/wp-json\/wp\/v2\/media?parent=210"}],"wp:term":[{"taxonomy":"category","embeddable":true,"href":"https:\/\/blog.racksweekend.com.br\/hu\/wp-json\/wp\/v2\/categories?post=210"},{"taxonomy":"post_tag","embeddable":true,"href":"https:\/\/blog.racksweekend.com.br\/hu\/wp-json\/wp\/v2\/tags?post=210"}],"curies":[{"name":"munkaf\u00fczet","href":"https:\/\/api.w.org\/{rel}","templated":true}]}}