{"id":211,"date":"2024-02-15T15:37:50","date_gmt":"2024-02-15T15:37:50","guid":{"rendered":"https:\/\/blog.racksweekend.com.br\/?p=211"},"modified":"2024-02-15T18:15:29","modified_gmt":"2024-02-15T18:15:29","slug":"destinos-no-brasil-para-quem-nao-quer-praia","status":"publish","type":"post","link":"https:\/\/blog.racksweekend.com.br\/hu\/211\/destinos-no-brasil-para-quem-nao-quer-praia\/","title":{"rendered":"\u00datic\u00e9lok Braz\u00edli\u00e1ban azok sz\u00e1m\u00e1ra, akik nem v\u00e1gynak a tengerpartra"},"content":{"rendered":"<p>Ha hozz\u00e1m hasonl\u00f3an nem vagy nagy rajong\u00f3ja a s\u00f3s v\u00edznek \u00e9s a homoknak az eg\u00e9sz test\u00e9ben, ismerje meg a <strong>\u00datic\u00e9lok Braz\u00edli\u00e1ban azok sz\u00e1m\u00e1ra, akik nem v\u00e1gynak a tengerpartra<\/strong>.<\/p>\n\n\n\n<p>Term\u00e9szetesen, m\u00edg Braz\u00edlia strandjai vil\u00e1gh\u00edr\u0171ek leny\u0171g\u00f6z\u0151 sz\u00e9ps\u00e9g\u00fckr\u0151l \u00e9s <strong>tr\u00f3pusi id\u0151j\u00e1r\u00e1s<\/strong>, az orsz\u00e1g sz\u00e1mos m\u00e1s hihetetlen c\u00e9lpontot is k\u00edn\u00e1l.<\/p>\n\n\n\n<p>Nos, vannak, akik sz\u00edvesebben fedeznek fel m\u00e1s c\u00e9lpontokat, mindkett\u0151t <strong>T\u00f6rt\u00e9nelmi helyek<\/strong>, mint <strong>gasztron\u00f3miai \u00e9lm\u00e9nyek<\/strong>. <\/p>\n\n\n\n<p>Teh\u00e1t nem sz\u00e1m\u00edt a c\u00e9l, <strong>oiapoque <\/strong>hoz <strong>chu\u00ed<\/strong>, Braz\u00edli\u00e1ban mindig van valami minden \u00edzl\u00e9snek.<\/p>\n\n\n\n<p> Ebben az \u00fatmutat\u00f3ban kiemel\u00fcnk n\u00e9h\u00e1nyat <strong>legjobb hely Braz\u00edli\u00e1ban<\/strong> azoknak, akik nem csak pihenni szeretn\u00e9nek a tengerparton, hanem szeretn\u00e9k felfedezni ennek a soksz\u00edn\u0171 \u00e9s leny\u0171g\u00f6z\u0151 orsz\u00e1gnak a t\u00f6bbi oldal\u00e1t is.<\/p>\n\n\n\n<h2 class=\"wp-block-heading\">1. Chapada Diamantina, Bahia:<\/h2>\n\n\n\n<p>sz\u00edv\u00e9ben tal\u00e1lhat\u00f3 <strong>Bahia<\/strong>, A <strong>Chapada Diamantina<\/strong> r\u00e9gi\u00f3ja <strong>leny\u0171g\u00f6z\u0151 term\u00e9szeti sz\u00e9ps\u00e9g<\/strong>, val vel <strong>kanyonok<\/strong>, <strong>v\u00edzes\u00e9sek<\/strong>, <strong>barlangok <\/strong>Ez <strong>hegyi t\u00e1jak<\/strong> l\u00e9legzetel\u00e1ll\u00edt\u00f3. <\/p>\n\n\n\n<p>\u00cdgy a l\u00e1togat\u00f3k felfedezhetik <strong>fest\u0151i \u00f6sv\u00e9nyek<\/strong>,<strong> \u00faszni krist\u00e1lytiszta viz\u0171 kutakban<\/strong>, \u00e9s csod\u00e1ljuk <strong>leny\u0171g\u00f6z\u0151 panor\u00e1ma<\/strong>. <\/p>\n\n\n\n<p>Tov\u00e1bb\u00e1 <strong>Chapada Diamantina<\/strong> h\u00e1zak a <strong>gazdag biol\u00f3giai sokf\u00e9les\u00e9g<\/strong>, v\u00e1ltozatos \u00e1llat- \u00e9s n\u00f6v\u00e9nyfajokkal, \u00edgy \u00fati c\u00e9l <strong>kihagyhatatlan a term\u00e9szet szerelmeseinek<\/strong>.<\/p>\n\n\n\n<h2 class=\"wp-block-heading\">2. Pantanal, Mato Grosso \u00e9s Mato Grosso do Sul:<\/h2>\n\n\n\n<p>A vil\u00e1g legnagyobb tr\u00f3pusi mocsarak\u00e9nt sz\u00e1mon tartott <strong>Pantanal <\/strong>A vadon \u00e9l\u0151 \u00e1llatok \u00e9s a mad\u00e1rmegfigyel\u0151k paradicsoma. <\/p>\n\n\n\n<p>V\u00e9gt\u00e9re is, ez az \u00e1rterek \u00e9s szavann\u00e1k hatalmas ter\u00fclete hihetetlen\u00fcl sokf\u00e9le \u00e1llatnak ad otthont, k\u00f6zt\u00fck <strong>alig\u00e1torok<\/strong>, <strong>capybaras<\/strong>, <strong>jagu\u00e1rok <\/strong>\u00e9s sokf\u00e9le <strong>egzotikus madarak<\/strong>. <\/p>\n\n\n\n<p>Ez\u00e9rt a l\u00e1togat\u00f3k felfedezhetik a <strong>Pantanal haj\u00f3s szafarikon<\/strong>, t\u00far\u00e1z\u00e1s \u00e9s <strong>lovagl\u00e1s<\/strong>\u00e9s egyed\u00fcl\u00e1ll\u00f3 \u00e9lm\u00e9nyben lehet r\u00e9sze a vad term\u00e9szettel val\u00f3 \u00e9rintkez\u00e9sben.<\/p>\n\n\n\n<h2 class=\"wp-block-heading\">3. Ouro Preto, Minas Gerais:<\/h2>\n\n\n\n<p>J\u00f3l meg\u0151rz\u00f6tt gyarmati \u00e9p\u00edt\u00e9szet\u00e9vel \u00e9s gazdag kult\u00fart\u00f6rt\u00e9net\u00e9vel, <strong>Fekete arany<\/strong> A brazil gyarmati id\u0151szak \u00e9kk\u00f6ve. <\/p>\n\n\n\n<p>\u00cdgy ez a t\u00f6rt\u00e9nelmi v\u00e1ros, amely az \u00e1llamban tal\u00e1lhat\u00f3 <strong>Minas Gerais<\/strong>, h\u00edres arr\u00f3l <strong>barokk templomok<\/strong>, macskak\u00f6ves utc\u00e1k \u00e9s <strong>leny\u0171g\u00f6z\u0151 m\u00fazeumok<\/strong>. <\/p>\n\n\n\n<figure class=\"wp-block-image size-large\"><img fetchpriority=\"high\" decoding=\"async\" width=\"1024\" height=\"683\" src=\"https:\/\/blog.racksweekend.com.br\/wp-content\/uploads\/2024\/02\/ouro-preto-praca-tiradentes-1024x683.webp\" alt=\"\" class=\"wp-image-242\" style=\"aspect-ratio:16\/9;object-fit:cover\" srcset=\"https:\/\/blog.racksweekend.com.br\/wp-content\/uploads\/2024\/02\/ouro-preto-praca-tiradentes-1024x683.webp 1024w, https:\/\/blog.racksweekend.com.br\/wp-content\/uploads\/2024\/02\/ouro-preto-praca-tiradentes-300x200.webp 300w, https:\/\/blog.racksweekend.com.br\/wp-content\/uploads\/2024\/02\/ouro-preto-praca-tiradentes-768x512.webp 768w, https:\/\/blog.racksweekend.com.br\/wp-content\/uploads\/2024\/02\/ouro-preto-praca-tiradentes-1536x1024.webp 1536w, https:\/\/blog.racksweekend.com.br\/wp-content\/uploads\/2024\/02\/ouro-preto-praca-tiradentes-18x12.webp 18w, https:\/\/blog.racksweekend.com.br\/wp-content\/uploads\/2024\/02\/ouro-preto-praca-tiradentes-90x60.webp 90w, https:\/\/blog.racksweekend.com.br\/wp-content\/uploads\/2024\/02\/ouro-preto-praca-tiradentes.webp 1800w\" sizes=\"(max-width: 1024px) 100vw, 1024px\" \/><figcaption class=\"wp-element-caption\">Tiradentes t\u00e9r \u2013 Ouro Preto<\/figcaption><\/figure>\n\n\n\n<p>A l\u00e1togat\u00f3k felfedezhetik a<strong> a v\u00e1ros t\u00f6rt\u00e9nelmi eml\u00e9kei<\/strong>, t\u00e1j\u00e9koz\u00f3djon az aranyb\u00e1ny\u00e1szatr\u00f3l a r\u00e9gi\u00f3ban \u00e9s <strong>megtapasztalhatja Minas Gerais kult\u00far\u00e1j\u00e1t konyh\u00e1j\u00e1n \u00e9s k\u00e9zm\u0171vesen kereszt\u00fcl<\/strong>.<\/p>\n\n\n\n<h2 class=\"wp-block-heading\">4. Gramado \u00e9s Canela, Rio Grande do Sul:<\/h2>\n\n\n\n<p>A hegyvid\u00e9ki r\u00e9gi\u00f3ban tal\u00e1lhat\u00f3 <strong>Rio Grande do Sul<\/strong>, a v\u00e1rosok <strong>Gyep <\/strong>Ez <strong>Fah\u00e9j <\/strong>b\u00e1jos \u00fati c\u00e9lok, amelyekr\u0151l ismertek <strong>Eur\u00f3pai \u00e9p\u00edt\u00e9szet \u00e9s hideg \u00e9ghajlat<\/strong>. <\/p>\n\n\n\n<p>Mert a t\u00e9l folyam\u00e1n ezek a v\u00e1rosok \u00e1talakulnak <strong>kar\u00e1csonyi paradicsom<\/strong>, \u00fcnnepi d\u00edszekkel, kar\u00e1csonyi v\u00e1s\u00e1rokkal \u00e9s <strong>t\u00e9li fesztiv\u00e1lok<\/strong>. <\/p>\n\n\n\n<figure class=\"wp-block-image size-large\"><img decoding=\"async\" width=\"1024\" height=\"768\" src=\"https:\/\/blog.racksweekend.com.br\/wp-content\/uploads\/2024\/02\/Gramado-Rio-Grande-do-Sul-Brasil-Marden-Couto-42-1024x768.webp\" alt=\"\" class=\"wp-image-243\" style=\"aspect-ratio:16\/9;object-fit:cover\" srcset=\"https:\/\/blog.racksweekend.com.br\/wp-content\/uploads\/2024\/02\/Gramado-Rio-Grande-do-Sul-Brasil-Marden-Couto-42-1024x768.webp 1024w, https:\/\/blog.racksweekend.com.br\/wp-content\/uploads\/2024\/02\/Gramado-Rio-Grande-do-Sul-Brasil-Marden-Couto-42-300x225.webp 300w, https:\/\/blog.racksweekend.com.br\/wp-content\/uploads\/2024\/02\/Gramado-Rio-Grande-do-Sul-Brasil-Marden-Couto-42-768x576.webp 768w, https:\/\/blog.racksweekend.com.br\/wp-content\/uploads\/2024\/02\/Gramado-Rio-Grande-do-Sul-Brasil-Marden-Couto-42-1536x1152.webp 1536w, https:\/\/blog.racksweekend.com.br\/wp-content\/uploads\/2024\/02\/Gramado-Rio-Grande-do-Sul-Brasil-Marden-Couto-42-16x12.webp 16w, https:\/\/blog.racksweekend.com.br\/wp-content\/uploads\/2024\/02\/Gramado-Rio-Grande-do-Sul-Brasil-Marden-Couto-42-80x60.webp 80w, https:\/\/blog.racksweekend.com.br\/wp-content\/uploads\/2024\/02\/Gramado-Rio-Grande-do-Sul-Brasil-Marden-Couto-42.webp 1980w\" sizes=\"(max-width: 1024px) 100vw, 1024px\" \/><figcaption class=\"wp-element-caption\">Bej\u00e1rat a v\u00e1rosba \u2013 Gramado<\/figcaption><\/figure>\n\n\n\n<p>Ezen k\u00edv\u00fcl a l\u00e1togat\u00f3k k\u00fcl\u00f6nf\u00e9le tev\u00e9kenys\u00e9geket \u00e9lvezhetnek, mint pl<strong> vonatoz\u00e1sok<\/strong>, <strong>bork\u00f3stol\u00f3k<\/strong> Ez <strong>t\u00far\u00e1z\u00e1s a tan\u00f6sv\u00e9nyeken<\/strong>.<\/p>\n\n\n\n<h2 class=\"wp-block-heading\">5. Jalap\u00e3o, Tocantins:<\/h2>\n\n\n\n<p>\u201e<strong>Jalap\u00e3o sivatag<\/strong>\u201c, ez a t\u00e1voli \u00e9s \u00e9rintetlen vid\u00e9k a term\u00e9szet \u00e9s az extr\u00e9m sportok szerelmeseinek paradicsoma. <\/p>\n\n\n\n<p>Sz\u00f3val a ti\u00e9ddel<strong> arany homokd\u0171n\u00e9k<\/strong>, egyedi sziklak\u00e9pz\u0151dm\u00e9nyek \u00e9s <strong>krist\u00e1lytiszta viz\u0171 foly\u00f3k<\/strong>.<\/p>\n\n\n\n<p>M\u00e9gis, a <strong>Jalap\u00e3o <\/strong>sz\u00e1mos izgalmas tev\u00e9kenys\u00e9get k\u00edn\u00e1l, mint pl <strong>trekking<\/strong>, <strong>rappel<\/strong>, <strong>kenuz\u00e1s <\/strong>Ez <strong>fot\u00f3 szafari<\/strong>. <\/p>\n\n\n\n<p>Ezen k\u00edv\u00fcl a l\u00e1togat\u00f3k pihenhetnek <strong>term\u00e9szetes medenc\u00e9k<\/strong>, felfedezni <strong>rejtett v\u00edzes\u00e9sek<\/strong> Ez <strong>t\u00e1boroz\u00e1s a csillagos \u00e9g alatt<\/strong>, \u00edgy a <strong>Jalap\u00e3o <\/strong>egy igaz\u00e1n felejthetetlen kalandhelysz\u00edn.<\/p>\n\n\n\n<h2 class=\"wp-block-heading\">6. Bonito, Mato Grosso do Sul:<\/h2>\n\n\n\n<p><strong>Sz\u00e9p<\/strong>, \u00e1llapot\u00e1ban <strong>Mato Grosso do Sul<\/strong>, a term\u00e9szet \u00e9s a kaland szerelmeseinek kihagyhatatlan \u00fati c\u00e9lja. <\/p>\n\n\n\n<p>Nos, arr\u00f3l ismert <strong>krist\u00e1lytiszta vizek<\/strong>, <strong>leny\u0171g\u00f6z\u0151 v\u00edzes\u00e9sek<\/strong> Ez <strong>v\u00edz alatti barlangok<\/strong>, ez a r\u00e9gi\u00f3 sz\u00e1mos izgalmas tev\u00e9kenys\u00e9get k\u00edn\u00e1l a l\u00e1togat\u00f3k sz\u00e1m\u00e1ra. <\/p>\n\n\n\n<p>Ezenk\u00edv\u00fcl az utaz\u00f3k felfedezhetik a r\u00e9gi\u00f3 foly\u00f3it \u00e9s tavait <strong>\u00fasz\u00f3 t\u00far\u00e1k<\/strong>\u00f3, <strong>b\u00fav\u00e1rkod\u00e1s<\/strong> Ez <strong>b\u00fav\u00e1rkod\u00e1s<\/strong>, \u00e9s megcsod\u00e1lja a gazdag, egyed\u00fcl\u00e1ll\u00f3 tengeri \u00e9l\u0151vil\u00e1got. <\/p>\n\n\n\n<figure class=\"wp-block-image size-large\"><img decoding=\"async\" width=\"1024\" height=\"683\" src=\"https:\/\/blog.racksweekend.com.br\/wp-content\/uploads\/2024\/02\/1200px-Abismo_Anhumas_Bonito_MS-1024x683.webp\" alt=\"\" class=\"wp-image-244\" style=\"aspect-ratio:16\/9;object-fit:cover\" srcset=\"https:\/\/blog.racksweekend.com.br\/wp-content\/uploads\/2024\/02\/1200px-Abismo_Anhumas_Bonito_MS-1024x683.webp 1024w, https:\/\/blog.racksweekend.com.br\/wp-content\/uploads\/2024\/02\/1200px-Abismo_Anhumas_Bonito_MS-300x200.webp 300w, https:\/\/blog.racksweekend.com.br\/wp-content\/uploads\/2024\/02\/1200px-Abismo_Anhumas_Bonito_MS-768x512.webp 768w, https:\/\/blog.racksweekend.com.br\/wp-content\/uploads\/2024\/02\/1200px-Abismo_Anhumas_Bonito_MS-18x12.webp 18w, https:\/\/blog.racksweekend.com.br\/wp-content\/uploads\/2024\/02\/1200px-Abismo_Anhumas_Bonito_MS-90x60.webp 90w, https:\/\/blog.racksweekend.com.br\/wp-content\/uploads\/2024\/02\/1200px-Abismo_Anhumas_Bonito_MS.webp 1200w\" sizes=\"(max-width: 1024px) 100vw, 1024px\" \/><figcaption class=\"wp-element-caption\">Anhumas Abyss \u2013 Bonito<\/figcaption><\/figure>\n\n\n\n<p>Azonban \u00e9rintetlen term\u00e9szeti sz\u00e9ps\u00e9g\u00e9vel \u00e9s egyedi \u00e9lm\u00e9nyeivel <strong>Sz\u00e9p <\/strong>olyan utaz\u00e1si c\u00e9lpont, amely mag\u00e1val ragadja a l\u00e1togat\u00f3kat <strong>var\u00e1zslatos \u00e9s var\u00e1zslatos l\u00e9gk\u00f6r<\/strong>.<\/p>\n\n\n\n<figure class=\"wp-block-pullquote\"><blockquote><p><a href=\"https:\/\/blog.racksweekend.com.br\/hu\/210\/destinos-de-viagem-para-amantes-do-inverno\/\">\u00datic\u00e9lok a t\u00e9l szerelmeseinek<\/a><\/p><cite>\u00daJ<\/cite><\/blockquote><\/figure>\n\n\n\n<h2 class=\"wp-block-heading\">K\u00f6vetkeztet\u00e9s: Fedezze fel Braz\u00edlia soksz\u00edn\u0171s\u00e9g\u00e9t a strandokon t\u00fal<\/h2>\n\n\n\n<p>V\u00e9g\u00fcl, m\u00edg a <strong>strandok Braz\u00edli\u00e1ban<\/strong> vitathatatlanul gy\u00f6ny\u00f6r\u0171ek, az orsz\u00e1g rengeteg alternat\u00edv \u00fatic\u00e9lt k\u00edn\u00e1l, amelyek egyar\u00e1nt \u00e9rdemesek felfedez\u00e9sre. <\/p>\n\n\n\n<p>V\u00e9g\u00fcl is, ha \u00fagy tetszik <strong>hegyi t\u00e1jak<\/strong>, <strong>buja \u00e9l\u0151vil\u00e1g<\/strong>, <strong>t\u00f6rt\u00e9nelmi \u00e9p\u00edt\u00e9szet<\/strong> vagy <strong>szabadt\u00e9ri kalandok<\/strong>, Braz\u00edli\u00e1ban minden \u00edzl\u00e9snek tal\u00e1l valamit. <\/p>\n\n\n\n<p>Teh\u00e1t, ha legk\u00f6zelebb braz\u00edliai utaz\u00e1st tervez, fontolja meg n\u00e9h\u00e1ny kihagyhatatlan \u00fati c\u00e9l felfedez\u00e9s\u00e9t, \u00e9s fedezze fel ennek a leny\u0171g\u00f6z\u0151 orsz\u00e1gnak a soksz\u00edn\u0171s\u00e9g\u00e9t \u00e9s sz\u00e9ps\u00e9g\u00e9t.<\/p>","protected":false},"excerpt":{"rendered":"<p>Ha hozz\u00e1m hasonl\u00f3an nem rajong a s\u00f3s v\u00edz\u00e9rt \u00e9s a homok\u00e9rt, fedezze fel a braz\u00edliai \u00fatic\u00e9lokat azok sz\u00e1m\u00e1ra, akik nem v\u00e1gynak a tengerpartra. Term\u00e9szetesen, m\u00edg Braz\u00edlia strandjai vil\u00e1gh\u00edr\u0171ek leny\u0171g\u00f6z\u0151 sz\u00e9ps\u00e9g\u00fckr\u0151l \u00e9s tr\u00f3pusi \u00e9ghajlatukr\u00f3l, az orsz\u00e1g sz\u00e1mos m\u00e1s hihetetlen c\u00e9lpontot is k\u00edn\u00e1l. Akkor, \u2026 <\/p>","protected":false},"author":1,"featured_media":241,"comment_status":"closed","ping_status":"open","sticky":false,"template":"","format":"standard","meta":{"footnotes":""},"categories":[185],"tags":[177,176,164,169,175,166,173,171,174,170,168],"class_list":["post-211","post","type-post","status-publish","format-standard","has-post-thumbnail","hentry","category-viagens-nacionais","tag-bahia","tag-chapada-diamantina","tag-destinos-no-brasil-para-quem-nao-quer-praia","tag-gramado-e-canela","tag-mato-grosso","tag-mato-grosso-do-sul","tag-minas-gerais","tag-ouro-preto","tag-pantanal","tag-rio-grande-do-sul","tag-tocantins","latest_post"],"yoast_head":"<!-- This site is optimized with the Yoast SEO plugin v27.1.1 - https:\/\/yoast.com\/product\/yoast-seo-wordpress\/ -->\n<title>Destinos no Brasil para Quem N\u00e3o Quer Praia - Blog Racks<\/title>\n<meta name=\"description\" content=\"Se assim como eu voc\u00ea n\u00e3o \u00e9 muito f\u00e3 de agua salgada e areia por todo o corpo, conhe\u00e7a os Destinos no Brasil para Quem N\u00e3o Quer Praia.\" \/>\n<meta name=\"robots\" content=\"index, follow, max-snippet:-1, max-image-preview:large, max-video-preview:-1\" \/>\n<link rel=\"canonical\" href=\"https:\/\/blog.racksweekend.com.br\/hu\/211\/destinos-no-brasil-para-quem-nao-quer-praia\/\" \/>\n<meta property=\"og:locale\" content=\"hu_HU\" \/>\n<meta property=\"og:type\" content=\"article\" \/>\n<meta property=\"og:title\" content=\"Destinos no Brasil para Quem N\u00e3o Quer Praia - Blog Racks\" \/>\n<meta property=\"og:description\" content=\"Se assim como eu voc\u00ea n\u00e3o \u00e9 muito f\u00e3 de agua salgada e areia por todo o corpo, conhe\u00e7a os Destinos no Brasil para Quem N\u00e3o Quer Praia.\" \/>\n<meta property=\"og:url\" content=\"https:\/\/blog.racksweekend.com.br\/hu\/211\/destinos-no-brasil-para-quem-nao-quer-praia\/\" \/>\n<meta property=\"og:site_name\" content=\"Blog Racks\" \/>\n<meta property=\"article:published_time\" content=\"2024-02-15T15:37:50+00:00\" \/>\n<meta property=\"article:modified_time\" content=\"2024-02-15T18:15:29+00:00\" \/>\n<meta property=\"og:image\" content=\"https:\/\/blog.racksweekend.com.br\/wp-content\/uploads\/2024\/02\/Duna-Dourada-scaled-1.webp\" \/>\n\t<meta property=\"og:image:width\" content=\"1000\" \/>\n\t<meta property=\"og:image:height\" content=\"800\" \/>\n\t<meta property=\"og:image:type\" content=\"image\/webp\" \/>\n<meta name=\"author\" content=\"admin\" \/>\n<meta name=\"twitter:card\" content=\"summary_large_image\" \/>\n<meta name=\"twitter:label1\" content=\"Szerz\u0151:\" \/>\n\t<meta name=\"twitter:data1\" content=\"admin\" \/>\n\t<meta name=\"twitter:label2\" content=\"Becs\u00fclt olvas\u00e1si id\u0151\" \/>\n\t<meta name=\"twitter:data2\" content=\"5 perc\" \/>\n<script type=\"application\/ld+json\" class=\"yoast-schema-graph\">{\"@context\":\"https:\/\/schema.org\",\"@graph\":[{\"@type\":\"Article\",\"@id\":\"https:\/\/blog.racksweekend.com.br\/211\/destinos-no-brasil-para-quem-nao-quer-praia\/#article\",\"isPartOf\":{\"@id\":\"https:\/\/blog.racksweekend.com.br\/211\/destinos-no-brasil-para-quem-nao-quer-praia\/\"},\"author\":{\"name\":\"admin\",\"@id\":\"https:\/\/blog.racksweekend.com.br\/en\/#\/schema\/person\/b505dffaec1ce6ec9c47ca74400f2167\"},\"headline\":\"Destinos no Brasil para Quem N\u00e3o Quer Praia\",\"datePublished\":\"2024-02-15T15:37:50+00:00\",\"dateModified\":\"2024-02-15T18:15:29+00:00\",\"mainEntityOfPage\":{\"@id\":\"https:\/\/blog.racksweekend.com.br\/211\/destinos-no-brasil-para-quem-nao-quer-praia\/\"},\"wordCount\":797,\"publisher\":{\"@id\":\"https:\/\/blog.racksweekend.com.br\/en\/#organization\"},\"image\":{\"@id\":\"https:\/\/blog.racksweekend.com.br\/211\/destinos-no-brasil-para-quem-nao-quer-praia\/#primaryimage\"},\"thumbnailUrl\":\"https:\/\/blog.racksweekend.com.br\/wp-content\/uploads\/2024\/02\/Duna-Dourada-scaled-1.webp\",\"keywords\":[\"Bahia\",\"Chapada Diamantina\",\"Destinos no Brasil para Quem N\u00e3o Quer Praia\",\"Gramado e Canela\",\"Mato Grosso\",\"Mato Grosso do Sul\",\"Minas Gerais\",\"Ouro Preto\",\"Pantanal\",\"Rio Grande do Sul\",\"Tocantins\"],\"articleSection\":[\"Viagens Nacionais\"],\"inLanguage\":\"hu\"},{\"@type\":\"WebPage\",\"@id\":\"https:\/\/blog.racksweekend.com.br\/211\/destinos-no-brasil-para-quem-nao-quer-praia\/\",\"url\":\"https:\/\/blog.racksweekend.com.br\/211\/destinos-no-brasil-para-quem-nao-quer-praia\/\",\"name\":\"Destinos no Brasil para Quem N\u00e3o Quer Praia - Blog Racks\",\"isPartOf\":{\"@id\":\"https:\/\/blog.racksweekend.com.br\/en\/#website\"},\"primaryImageOfPage\":{\"@id\":\"https:\/\/blog.racksweekend.com.br\/211\/destinos-no-brasil-para-quem-nao-quer-praia\/#primaryimage\"},\"image\":{\"@id\":\"https:\/\/blog.racksweekend.com.br\/211\/destinos-no-brasil-para-quem-nao-quer-praia\/#primaryimage\"},\"thumbnailUrl\":\"https:\/\/blog.racksweekend.com.br\/wp-content\/uploads\/2024\/02\/Duna-Dourada-scaled-1.webp\",\"datePublished\":\"2024-02-15T15:37:50+00:00\",\"dateModified\":\"2024-02-15T18:15:29+00:00\",\"description\":\"Se assim como eu voc\u00ea n\u00e3o \u00e9 muito f\u00e3 de agua salgada e areia por todo o corpo, conhe\u00e7a os Destinos no Brasil para Quem N\u00e3o Quer Praia.\",\"breadcrumb\":{\"@id\":\"https:\/\/blog.racksweekend.com.br\/211\/destinos-no-brasil-para-quem-nao-quer-praia\/#breadcrumb\"},\"inLanguage\":\"hu\",\"potentialAction\":[{\"@type\":\"ReadAction\",\"target\":[\"https:\/\/blog.racksweekend.com.br\/211\/destinos-no-brasil-para-quem-nao-quer-praia\/\"]}]},{\"@type\":\"ImageObject\",\"inLanguage\":\"hu\",\"@id\":\"https:\/\/blog.racksweekend.com.br\/211\/destinos-no-brasil-para-quem-nao-quer-praia\/#primaryimage\",\"url\":\"https:\/\/blog.racksweekend.com.br\/wp-content\/uploads\/2024\/02\/Duna-Dourada-scaled-1.webp\",\"contentUrl\":\"https:\/\/blog.racksweekend.com.br\/wp-content\/uploads\/2024\/02\/Duna-Dourada-scaled-1.webp\",\"width\":1000,\"height\":800,\"caption\":\"Chapada Diamantina, Bahia\"},{\"@type\":\"BreadcrumbList\",\"@id\":\"https:\/\/blog.racksweekend.com.br\/211\/destinos-no-brasil-para-quem-nao-quer-praia\/#breadcrumb\",\"itemListElement\":[{\"@type\":\"ListItem\",\"position\":1,\"name\":\"Home\",\"item\":\"https:\/\/blog.racksweekend.com.br\/en\/\"},{\"@type\":\"ListItem\",\"position\":2,\"name\":\"Destinos no Brasil para Quem N\u00e3o Quer Praia\"}]},{\"@type\":\"WebSite\",\"@id\":\"https:\/\/blog.racksweekend.com.br\/en\/#website\",\"url\":\"https:\/\/blog.racksweekend.com.br\/en\/\",\"name\":\"Blog Racks\",\"description\":\"Weekend\",\"publisher\":{\"@id\":\"https:\/\/blog.racksweekend.com.br\/en\/#organization\"},\"potentialAction\":[{\"@type\":\"SearchAction\",\"target\":{\"@type\":\"EntryPoint\",\"urlTemplate\":\"https:\/\/blog.racksweekend.com.br\/en\/?s={search_term_string}\"},\"query-input\":{\"@type\":\"PropertyValueSpecification\",\"valueRequired\":true,\"valueName\":\"search_term_string\"}}],\"inLanguage\":\"hu\"},{\"@type\":\"Organization\",\"@id\":\"https:\/\/blog.racksweekend.com.br\/en\/#organization\",\"name\":\"Blog Racks\",\"url\":\"https:\/\/blog.racksweekend.com.br\/en\/\",\"logo\":{\"@type\":\"ImageObject\",\"inLanguage\":\"hu\",\"@id\":\"https:\/\/blog.racksweekend.com.br\/en\/#\/schema\/logo\/image\/\",\"url\":\"https:\/\/blog.racksweekend.com.br\/wp-content\/uploads\/2024\/02\/cropped-BLOG.png\",\"contentUrl\":\"https:\/\/blog.racksweekend.com.br\/wp-content\/uploads\/2024\/02\/cropped-BLOG.png\",\"width\":1248,\"height\":771,\"caption\":\"Blog Racks\"},\"image\":{\"@id\":\"https:\/\/blog.racksweekend.com.br\/en\/#\/schema\/logo\/image\/\"}},{\"@type\":\"Person\",\"@id\":\"https:\/\/blog.racksweekend.com.br\/en\/#\/schema\/person\/b505dffaec1ce6ec9c47ca74400f2167\",\"name\":\"admin\",\"image\":{\"@type\":\"ImageObject\",\"inLanguage\":\"hu\",\"@id\":\"https:\/\/blog.racksweekend.com.br\/en\/#\/schema\/person\/image\/\",\"url\":\"https:\/\/blog.racksweekend.com.br\/wp-content\/litespeed\/avatar\/36c8d907748a1f26a93d4fe1aaa0002c.jpg?ver=1776844880\",\"contentUrl\":\"https:\/\/blog.racksweekend.com.br\/wp-content\/litespeed\/avatar\/36c8d907748a1f26a93d4fe1aaa0002c.jpg?ver=1776844880\",\"caption\":\"admin\"},\"sameAs\":[\"http:\/\/blog.racksweekend.com.br\"],\"url\":\"https:\/\/blog.racksweekend.com.br\/hu\/author\/admin\/\"}]}<\/script>\n<!-- \/ Yoast SEO plugin. -->","yoast_head_json":{"title":"Destinos no Brasil para Quem N\u00e3o Quer Praia - Blog Racks","description":"Se assim como eu voc\u00ea n\u00e3o \u00e9 muito f\u00e3 de agua salgada e areia por todo o corpo, conhe\u00e7a os Destinos no Brasil para Quem N\u00e3o Quer Praia.","robots":{"index":"index","follow":"follow","max-snippet":"max-snippet:-1","max-image-preview":"max-image-preview:large","max-video-preview":"max-video-preview:-1"},"canonical":"https:\/\/blog.racksweekend.com.br\/hu\/211\/destinos-no-brasil-para-quem-nao-quer-praia\/","og_locale":"hu_HU","og_type":"article","og_title":"Destinos no Brasil para Quem N\u00e3o Quer Praia - Blog Racks","og_description":"Se assim como eu voc\u00ea n\u00e3o \u00e9 muito f\u00e3 de agua salgada e areia por todo o corpo, conhe\u00e7a os Destinos no Brasil para Quem N\u00e3o Quer Praia.","og_url":"https:\/\/blog.racksweekend.com.br\/hu\/211\/destinos-no-brasil-para-quem-nao-quer-praia\/","og_site_name":"Blog Racks","article_published_time":"2024-02-15T15:37:50+00:00","article_modified_time":"2024-02-15T18:15:29+00:00","og_image":[{"width":1000,"height":800,"url":"https:\/\/blog.racksweekend.com.br\/wp-content\/uploads\/2024\/02\/Duna-Dourada-scaled-1.webp","type":"image\/webp"}],"author":"admin","twitter_card":"summary_large_image","twitter_misc":{"Szerz\u0151:":"admin","Becs\u00fclt olvas\u00e1si id\u0151":"5 perc"},"schema":{"@context":"https:\/\/schema.org","@graph":[{"@type":"Article","@id":"https:\/\/blog.racksweekend.com.br\/211\/destinos-no-brasil-para-quem-nao-quer-praia\/#article","isPartOf":{"@id":"https:\/\/blog.racksweekend.com.br\/211\/destinos-no-brasil-para-quem-nao-quer-praia\/"},"author":{"name":"admin","@id":"https:\/\/blog.racksweekend.com.br\/en\/#\/schema\/person\/b505dffaec1ce6ec9c47ca74400f2167"},"headline":"Destinos no Brasil para Quem N\u00e3o Quer Praia","datePublished":"2024-02-15T15:37:50+00:00","dateModified":"2024-02-15T18:15:29+00:00","mainEntityOfPage":{"@id":"https:\/\/blog.racksweekend.com.br\/211\/destinos-no-brasil-para-quem-nao-quer-praia\/"},"wordCount":797,"publisher":{"@id":"https:\/\/blog.racksweekend.com.br\/en\/#organization"},"image":{"@id":"https:\/\/blog.racksweekend.com.br\/211\/destinos-no-brasil-para-quem-nao-quer-praia\/#primaryimage"},"thumbnailUrl":"https:\/\/blog.racksweekend.com.br\/wp-content\/uploads\/2024\/02\/Duna-Dourada-scaled-1.webp","keywords":["Bahia","Chapada Diamantina","Destinos no Brasil para Quem N\u00e3o Quer Praia","Gramado e Canela","Mato Grosso","Mato Grosso do Sul","Minas Gerais","Ouro Preto","Pantanal","Rio Grande do Sul","Tocantins"],"articleSection":["Viagens Nacionais"],"inLanguage":"hu"},{"@type":"WebPage","@id":"https:\/\/blog.racksweekend.com.br\/211\/destinos-no-brasil-para-quem-nao-quer-praia\/","url":"https:\/\/blog.racksweekend.com.br\/211\/destinos-no-brasil-para-quem-nao-quer-praia\/","name":"Destinos no Brasil para Quem N\u00e3o Quer Praia - Blog Racks","isPartOf":{"@id":"https:\/\/blog.racksweekend.com.br\/en\/#website"},"primaryImageOfPage":{"@id":"https:\/\/blog.racksweekend.com.br\/211\/destinos-no-brasil-para-quem-nao-quer-praia\/#primaryimage"},"image":{"@id":"https:\/\/blog.racksweekend.com.br\/211\/destinos-no-brasil-para-quem-nao-quer-praia\/#primaryimage"},"thumbnailUrl":"https:\/\/blog.racksweekend.com.br\/wp-content\/uploads\/2024\/02\/Duna-Dourada-scaled-1.webp","datePublished":"2024-02-15T15:37:50+00:00","dateModified":"2024-02-15T18:15:29+00:00","description":"Se assim como eu voc\u00ea n\u00e3o \u00e9 muito f\u00e3 de agua salgada e areia por todo o corpo, conhe\u00e7a os Destinos no Brasil para Quem N\u00e3o Quer Praia.","breadcrumb":{"@id":"https:\/\/blog.racksweekend.com.br\/211\/destinos-no-brasil-para-quem-nao-quer-praia\/#breadcrumb"},"inLanguage":"hu","potentialAction":[{"@type":"ReadAction","target":["https:\/\/blog.racksweekend.com.br\/211\/destinos-no-brasil-para-quem-nao-quer-praia\/"]}]},{"@type":"ImageObject","inLanguage":"hu","@id":"https:\/\/blog.racksweekend.com.br\/211\/destinos-no-brasil-para-quem-nao-quer-praia\/#primaryimage","url":"https:\/\/blog.racksweekend.com.br\/wp-content\/uploads\/2024\/02\/Duna-Dourada-scaled-1.webp","contentUrl":"https:\/\/blog.racksweekend.com.br\/wp-content\/uploads\/2024\/02\/Duna-Dourada-scaled-1.webp","width":1000,"height":800,"caption":"Chapada Diamantina, Bahia"},{"@type":"BreadcrumbList","@id":"https:\/\/blog.racksweekend.com.br\/211\/destinos-no-brasil-para-quem-nao-quer-praia\/#breadcrumb","itemListElement":[{"@type":"ListItem","position":1,"name":"Home","item":"https:\/\/blog.racksweekend.com.br\/en\/"},{"@type":"ListItem","position":2,"name":"Destinos no Brasil para Quem N\u00e3o Quer Praia"}]},{"@type":"WebSite","@id":"https:\/\/blog.racksweekend.com.br\/en\/#website","url":"https:\/\/blog.racksweekend.com.br\/en\/","name":"Blogtart\u00f3k","description":"H\u00e9tv\u00e9ge","publisher":{"@id":"https:\/\/blog.racksweekend.com.br\/en\/#organization"},"potentialAction":[{"@type":"SearchAction","target":{"@type":"EntryPoint","urlTemplate":"https:\/\/blog.racksweekend.com.br\/en\/?s={search_term_string}"},"query-input":{"@type":"PropertyValueSpecification","valueRequired":true,"valueName":"search_term_string"}}],"inLanguage":"hu"},{"@type":"Organization","@id":"https:\/\/blog.racksweekend.com.br\/en\/#organization","name":"Blogtart\u00f3k","url":"https:\/\/blog.racksweekend.com.br\/en\/","logo":{"@type":"ImageObject","inLanguage":"hu","@id":"https:\/\/blog.racksweekend.com.br\/en\/#\/schema\/logo\/image\/","url":"https:\/\/blog.racksweekend.com.br\/wp-content\/uploads\/2024\/02\/cropped-BLOG.png","contentUrl":"https:\/\/blog.racksweekend.com.br\/wp-content\/uploads\/2024\/02\/cropped-BLOG.png","width":1248,"height":771,"caption":"Blog Racks"},"image":{"@id":"https:\/\/blog.racksweekend.com.br\/en\/#\/schema\/logo\/image\/"}},{"@type":"Person","@id":"https:\/\/blog.racksweekend.com.br\/en\/#\/schema\/person\/b505dffaec1ce6ec9c47ca74400f2167","name":"admin","image":{"@type":"ImageObject","inLanguage":"hu","@id":"https:\/\/blog.racksweekend.com.br\/en\/#\/schema\/person\/image\/","url":"https:\/\/blog.racksweekend.com.br\/wp-content\/litespeed\/avatar\/36c8d907748a1f26a93d4fe1aaa0002c.jpg?ver=1776844880","contentUrl":"https:\/\/blog.racksweekend.com.br\/wp-content\/litespeed\/avatar\/36c8d907748a1f26a93d4fe1aaa0002c.jpg?ver=1776844880","caption":"admin"},"sameAs":["http:\/\/blog.racksweekend.com.br"],"url":"https:\/\/blog.racksweekend.com.br\/hu\/author\/admin\/"}]}},"_links":{"self":[{"href":"https:\/\/blog.racksweekend.com.br\/hu\/wp-json\/wp\/v2\/posts\/211","targetHints":{"allow":["GET"]}}],"collection":[{"href":"https:\/\/blog.racksweekend.com.br\/hu\/wp-json\/wp\/v2\/posts"}],"about":[{"href":"https:\/\/blog.racksweekend.com.br\/hu\/wp-json\/wp\/v2\/types\/post"}],"author":[{"embeddable":true,"href":"https:\/\/blog.racksweekend.com.br\/hu\/wp-json\/wp\/v2\/users\/1"}],"replies":[{"embeddable":true,"href":"https:\/\/blog.racksweekend.com.br\/hu\/wp-json\/wp\/v2\/comments?post=211"}],"version-history":[{"count":3,"href":"https:\/\/blog.racksweekend.com.br\/hu\/wp-json\/wp\/v2\/posts\/211\/revisions"}],"predecessor-version":[{"id":245,"href":"https:\/\/blog.racksweekend.com.br\/hu\/wp-json\/wp\/v2\/posts\/211\/revisions\/245"}],"wp:featuredmedia":[{"embeddable":true,"href":"https:\/\/blog.racksweekend.com.br\/hu\/wp-json\/wp\/v2\/media\/241"}],"wp:attachment":[{"href":"https:\/\/blog.racksweekend.com.br\/hu\/wp-json\/wp\/v2\/media?parent=211"}],"wp:term":[{"taxonomy":"category","embeddable":true,"href":"https:\/\/blog.racksweekend.com.br\/hu\/wp-json\/wp\/v2\/categories?post=211"},{"taxonomy":"post_tag","embeddable":true,"href":"https:\/\/blog.racksweekend.com.br\/hu\/wp-json\/wp\/v2\/tags?post=211"}],"curies":[{"name":"munkaf\u00fczet","href":"https:\/\/api.w.org\/{rel}","templated":true}]}}