{"id":1071,"date":"2025-03-07T00:17:51","date_gmt":"2025-03-07T00:17:51","guid":{"rendered":"https:\/\/blog.racksweekend.com.br\/?p=1071"},"modified":"2025-04-17T12:10:51","modified_gmt":"2025-04-17T12:10:51","slug":"personalize-o-visual-do-facebook","status":"publish","type":"post","link":"https:\/\/blog.racksweekend.com.br\/it\/1071\/personalize-o-visual-do-facebook\/","title":{"rendered":"Personalizza l&#039;aspetto di Facebook"},"content":{"rendered":"<p>Tu che vuoi <strong>Personalizza l&#039;aspetto di Facebook<\/strong>: Scopri come cambiare i colori sul tuo PC e sul tuo cellulare, leggi la guida passo dopo passo e cambialo subito.<\/p>\n\n\n\n<style>\n.botao-container {\n    display: flex;\n    justify-content: center;\n    margin: 20px 0; \/* Espa\u00e7amento opcional *\/\n}\n\n.botao-estilizado {\n    display: inline-block;\n    padding: 12px 24px;\n    font-size: 18px;\n    font-weight: bold;\n    font-family: Arial, sans-serif; \/* Fonte alterada para Arial *\/\n    color: white;\n    background: linear-gradient(145deg, #007bff, #0056b3);\n    border-radius: 8px;\n    box-shadow: 4px 4px 10px rgba(0, 0, 0, 0.2), \n                -2px -2px 5px rgba(255, 255, 255, 0.2);\n    text-decoration: none;\n    transition: all 0.3s ease-in-out;\n    text-align: center;\n}\n\n.botao-estilizado:hover {\n    background: linear-gradient(145deg, #0056b3, #004095);\n    box-shadow: 2px 2px 8px rgba(0, 0, 0, 0.3), \n                -1px -1px 4px rgba(255, 255, 255, 0.1);\n    transform: translateY(-3px);\n}\n<\/style>\n\n<div class=\"botao-container\">\n    <a href=\"https:\/\/blog.racksweekend.com.br\/it\/1090\/\" class=\"botao-estilizado\">Cambia il colore di Facebook<\/a>\n<\/div>\n\n\n\n<h2 class=\"wp-block-heading\">Introduzione<\/h2>\n\n\n\n<p>IL <strong>Facebook<\/strong> \u00c8 uno dei social network pi\u00f9 utilizzati al mondo, con milioni di utenti attivi ogni giorno. <\/p>\n\n\n\n<p>Tuttavia, nonostante la sua popolarit\u00e0, un aspetto che \u00e8 rimasto praticamente invariato dalla sua creazione \u00e8 l&#039; <strong>aspetto predefinito<\/strong> della piattaforma. <\/p>\n\n\n\n<p>Quindi la classica combinazione di colori <strong>blu e bianco<\/strong> Per molti pu\u00f2 essere piacevole, ma c&#039;\u00e8 chi preferisce qualcosa di pi\u00f9 personalizzato.<\/p>\n\n\n\n<p>Tuttavia, se vi siete mai chiesti <strong>come cambiare il colore di facebook<\/strong>sappi che esistono dei modi per farlo, anche se il social network non offre questa opzione in modo nativo. <\/p>\n\n\n\n<p>Infine, con l&#039;uso di <strong>estensioni del browser, app alternative e browser personalizzati<\/strong>puoi modificare l&#039;aspetto di Facebook e dargli un aspetto che si adatti meglio al tuo stile.<\/p>\n\n\n\n<h3 class=\"wp-block-heading\"><strong>Perch\u00e9 personalizzare Facebook?<\/strong><\/h3>\n\n\n\n<p>Cambiare il colore di Facebook non \u00e8 solo una questione estetica. <\/p>\n\n\n\n<p>La personalizzazione dell&#039;interfaccia della piattaforma pu\u00f2 portare vantaggi quali:<\/p>\n\n\n\n<ul class=\"wp-block-list\">\n<li><strong>Comfort visivo<\/strong>: Alcuni colori possono risultare pi\u00f9 gradevoli alla vista, riducendo l&#039;affaticamento degli occhi, soprattutto dopo un uso prolungato.<\/li>\n\n\n\n<li><strong>Stile proprio<\/strong>: Ti consente di dare al tuo social network un aspetto che riflette la tua personalit\u00e0.<\/li>\n\n\n\n<li><strong>Modalit\u00e0 scura migliorata<\/strong>: Alcune estensioni e app offrono temi scuri o personalizzati che potrebbero essere pi\u00f9 efficienti della modalit\u00e0 scura ufficiale di Facebook.<\/li>\n<\/ul>\n\n\n\n<h3 class=\"wp-block-heading\"><strong>Cosa aspettarsi da questa guida?<\/strong><\/h3>\n\n\n\n<p>Quindi in questo articolo imparerai <strong>passo dopo passo<\/strong> come cambiare il colore di facebook su <strong>PC e cellulare<\/strong>. <\/p>\n\n\n\n<p>Andiamo ad esplorare:<\/p>\n\n\n\n<ul class=\"wp-block-list\">\n<li><strong>Come cambiare il colore di Facebook su PC<\/strong> utilizzando estensioni del browser come <strong>Elegante<\/strong> e altre opzioni disponibili.<\/li>\n\n\n\n<li><strong>Come personalizzare il colore di Facebook su dispositivi mobili<\/strong>, entrambi in <strong>Androide<\/strong> quanto in <strong>iOS<\/strong>, con applicazioni alternative e browser personalizzati.<\/li>\n\n\n\n<li><strong>App che offrono temi e opzioni di colore diversi<\/strong>, offrendo un&#039;esperienza visiva completamente nuova.<\/li>\n\n\n\n<li><strong>Suggerimenti e precauzioni di sicurezza<\/strong> utilizzando questi strumenti per garantire la protezione dei tuoi dati e del tuo account.<\/li>\n<\/ul>\n\n\n\n<p>Ora che sai cosa aspettarti, andiamo subito al dunque! <\/p>\n\n\n\n<p>Infine, scopri i modi migliori per <strong>cambia i colori di facebook<\/strong> e trasforma la tua esperienza sui social media.<\/p>\n\n\n\n<h2 class=\"wp-block-heading\">Come cambiare il colore di Facebook su PC<\/h2>\n\n\n\n<h3 class=\"wp-block-heading\">Utilizzo delle estensioni del browser<\/h3>\n\n\n\n<p>Un modo efficace per personalizzare i colori di Facebook sul tuo computer \u00e8 tramite <strong>estensioni del browser<\/strong>. <\/p>\n\n\n\n<p>Questi strumenti consentono quindi di modificare l&#039;aspetto del sito web in modo personalizzato.<\/p>\n\n\n\n<h4 class=\"wp-block-heading\">Procedura dettagliata per Google Chrome:<\/h4>\n\n\n\n<ol class=\"wp-block-list\">\n<li><strong>Vai al Chrome Web Store<\/strong> e cerca l&#039;estensione <strong>Elegante<\/strong>.<\/li>\n\n\n\n<li><strong>Fai clic su &quot;Aggiungi a Chrome&quot;<\/strong> e confermare l&#039;installazione.<\/li>\n\n\n\n<li><strong>Dopo l&#039;installazione<\/strong>, visita il sito web di Facebook.<\/li>\n\n\n\n<li><strong>Fare clic sull&#039;icona Elegante<\/strong> nell&#039;angolo in alto a destra del browser.<\/li>\n\n\n\n<li><strong>Scegli un tema<\/strong> oppure personalizza i colori come preferisci.<\/li>\n\n\n\n<li><strong>Attiva il tema<\/strong> e aggiorna la pagina Facebook per applicare le modifiche.<\/li>\n<\/ol>\n\n\n\n<h4 class=\"wp-block-heading\">Procedura dettagliata per Mozilla Firefox:<\/h4>\n\n\n\n<ol class=\"wp-block-list\">\n<li><strong>Vai al sito web dei componenti aggiuntivi di Firefox<\/strong> e cercare <strong>Elegante<\/strong>.<\/li>\n\n\n\n<li><strong>Fai clic su &quot;Aggiungi a Firefox&quot;<\/strong> e confermare l&#039;installazione.<\/li>\n\n\n\n<li><strong>Dopo l&#039;installazione<\/strong>, visita Facebook.<\/li>\n\n\n\n<li><strong>Fare clic sull&#039;icona Elegante<\/strong> nella barra degli strumenti.<\/li>\n\n\n\n<li><strong>Seleziona un argomento<\/strong> oppure personalizza i colori a tuo gusto.<\/li>\n\n\n\n<li><strong>Attiva il tema<\/strong> e aggiorna la pagina per vedere le modifiche.<\/li>\n<\/ol>\n\n\n\n<h2 class=\"wp-block-heading\">Come cambiare il colore di Facebook su dispositivi mobili<\/h2>\n\n\n\n<p>Sebbene l&#039;app ufficiale di Facebook non consenta di cambiare i colori, esistono app di terze parti che offrono questa funzionalit\u00e0.<\/p>\n\n\n\n<h3 class=\"wp-block-heading\">Utilizzo di applicazioni alternative<\/h3>\n\n\n\n<h4 class=\"wp-block-heading\">Browser sociale amichevole<\/h4>\n\n\n\n<p>Pertanto, il <strong>Browser sociale amichevole<\/strong> \u00e8 un&#039;alternativa all&#039;app ufficiale di Facebook che consente di personalizzare colori e temi.<\/p>\n\n\n\n<p><strong>Passo dopo passo:<\/strong><\/p>\n\n\n\n<ol class=\"wp-block-list\">\n<li><strong>Scarica e installa Friendly Social Browser<\/strong>:\n<ul class=\"wp-block-list\">\n<li><a href=\"https:\/\/play.google.com\/store\/apps\/details?id=io.friendly\">Per Android<\/a><\/li>\n\n\n\n<li><a href=\"https:\/\/apps.apple.com\/us\/app\/friendly-social-browser\/id400169658\">Per iOS<\/a><\/li>\n<\/ul>\n<\/li>\n\n\n\n<li><strong>Aprire l&#039;applicazione<\/strong> e accedi al tuo account Facebook.<\/li>\n\n\n\n<li><strong>Impostazioni di accesso<\/strong> all&#039;interno dell&#039;app.<\/li>\n\n\n\n<li><strong>Seleziona l&#039;opzione &quot;Temi&quot;<\/strong>.<\/li>\n\n\n\n<li><strong>Scegli il colore o il tema che desideri<\/strong>.<\/li>\n\n\n\n<li><strong>Salvare le modifiche<\/strong> e usa Facebook con il nuovo look.<\/li>\n<\/ol>\n\n\n\n<h4 class=\"wp-block-heading\">Maki Pi\u00f9<\/h4>\n\n\n\n<p>Pertanto, il <strong>Maki Pi\u00f9<\/strong> \u00e8 un&#039;altra applicazione che offre la personalizzazione dell&#039;interfaccia di Facebook.<\/p>\n\n\n\n<p><strong>Passo dopo passo:<\/strong><\/p>\n\n\n\n<ol class=\"wp-block-list\">\n<li><strong>Scarica e installa Maki Plus<\/strong>:\n<ul class=\"wp-block-list\">\n<li>Per Android<\/li>\n<\/ul>\n<\/li>\n\n\n\n<li><strong>Aprire l&#039;applicazione<\/strong> e accedi al tuo account Facebook.<\/li>\n\n\n\n<li><strong>Impostazioni di accesso<\/strong> di Maki Plus.<\/li>\n\n\n\n<li><strong>Seleziona \u201cTemi\u201d<\/strong>.<\/li>\n\n\n\n<li><strong>Scegli il colore o il tema che preferisci<\/strong>.<\/li>\n\n\n\n<li><strong>Salvare le modifiche<\/strong> e goditi un Facebook personalizzato.<\/li>\n<\/ol>\n\n\n\n<h2 class=\"wp-block-heading\">Considerazioni importanti<\/h2>\n\n\n\n<ul class=\"wp-block-list\">\n<li><strong>Sicurezza<\/strong>: Utilizza solo estensioni e applicazioni provenienti da fonti attendibili per garantire la sicurezza dei tuoi dati.<\/li>\n\n\n\n<li><strong>Funzionalit\u00e0<\/strong>: Alcune funzionalit\u00e0 di Facebook potrebbero non essere disponibili o potrebbero funzionare in modo diverso nelle app di terze parti.<\/li>\n\n\n\n<li><strong>Aggiornamenti<\/strong>: Mantieni aggiornate le estensioni e le app per garantirne compatibilit\u00e0 e sicurezza.<\/li>\n<\/ul>\n\n\n\n<h2 class=\"wp-block-heading\">Conclusione<\/h2>\n\n\n\n<p> Sebbene Facebook non offra opzioni native per personalizzare i suoi colori, esistono metodi sicuri ed efficaci per modificarne l&#039;aspetto sia su PC che su dispositivi mobili. <\/p>\n\n\n\n<p> Tuttavia, estensioni come <strong>Elegante<\/strong> consentono personalizzazioni nel browser, mentre applicazioni come <strong>Browser sociale amichevole<\/strong> e il <strong>Maki Pi\u00f9<\/strong> offrire alternative mobili con opzioni di temi e colori. <\/p>\n\n\n\n<p>Infine, utilizzando questi strumenti, potrai rendere la tua esperienza su Facebook pi\u00f9 in linea con le tue preferenze personali, garantendoti un&#039;esperienza di navigazione pi\u00f9 piacevole e personalizzata.<\/p>\n\n\n\n<p><\/p>","protected":false},"excerpt":{"rendered":"<p>Per chi desidera personalizzare l&#039;aspetto di Facebook: scopri come cambiare i colori su PC e cellulare. Leggi la guida passo passo e cambia subito il colore di Facebook. Introduzione: Facebook \u00e8 uno dei social network pi\u00f9 utilizzati al mondo, con milioni di utenti attivi ogni giorno. Tuttavia, nonostante... <\/p>","protected":false},"author":11,"featured_media":1072,"comment_status":"closed","ping_status":"closed","sticky":false,"template":"","format":"standard","meta":{"footnotes":""},"categories":[1],"tags":[474,478,477,473,475,472,476],"class_list":["post-1071","post","type-post","status-publish","format-standard","has-post-thumbnail","hentry","category-uncategorized","tag-aplicativo","tag-aplicativos-alternativos-e-navegadores-personalizados","tag-extensoes-de-navegador","tag-facebook","tag-maki-plus","tag-personalize-o-visual-do-facebook","tag-visual-padrao","latest_post"],"yoast_head":"<!-- This site is optimized with the Yoast SEO plugin v27.1.1 - https:\/\/yoast.com\/product\/yoast-seo-wordpress\/ -->\n<title>Personalize o Visual do Facebook - Blog Racks<\/title>\n<meta name=\"description\" content=\"Voc\u00ea Que Deseja Personalize o Visual do Facebook: Aprenda a Mudar as Cores no PC e no Celular, Leia o Passo a Passo e Mude Agora Mesmo.\" \/>\n<meta name=\"robots\" content=\"index, follow, max-snippet:-1, max-image-preview:large, max-video-preview:-1\" \/>\n<link rel=\"canonical\" href=\"https:\/\/blog.racksweekend.com.br\/it\/1071\/personalize-o-visual-do-facebook\/\" \/>\n<meta property=\"og:locale\" content=\"it_IT\" \/>\n<meta property=\"og:type\" content=\"article\" \/>\n<meta property=\"og:title\" content=\"Personalize o Visual do Facebook - Blog Racks\" \/>\n<meta property=\"og:description\" content=\"Voc\u00ea Que Deseja Personalize o Visual do Facebook: Aprenda a Mudar as Cores no PC e no Celular, Leia o Passo a Passo e Mude Agora Mesmo.\" \/>\n<meta property=\"og:url\" content=\"https:\/\/blog.racksweekend.com.br\/it\/1071\/personalize-o-visual-do-facebook\/\" \/>\n<meta property=\"og:site_name\" content=\"Blog Racks\" \/>\n<meta property=\"article:published_time\" content=\"2025-03-07T00:17:51+00:00\" \/>\n<meta property=\"article:modified_time\" content=\"2025-04-17T12:10:51+00:00\" \/>\n<meta property=\"og:image\" content=\"http:\/\/blog.racksweekend.com.br\/wp-content\/uploads\/2025\/03\/Personalize-o-Visual-do-Facebook.jpg\" \/>\n\t<meta property=\"og:image:width\" content=\"1000\" \/>\n\t<meta property=\"og:image:height\" content=\"800\" \/>\n\t<meta property=\"og:image:type\" content=\"image\/jpeg\" \/>\n<meta name=\"author\" content=\"Isaac\" \/>\n<meta name=\"twitter:card\" content=\"summary_large_image\" \/>\n<meta name=\"twitter:label1\" content=\"Scritto da\" \/>\n\t<meta name=\"twitter:data1\" content=\"Isaac\" \/>\n\t<meta name=\"twitter:label2\" content=\"Tempo di lettura stimato\" \/>\n\t<meta name=\"twitter:data2\" content=\"5 minuti\" \/>\n<script type=\"application\/ld+json\" class=\"yoast-schema-graph\">{\"@context\":\"https:\/\/schema.org\",\"@graph\":[{\"@type\":\"Article\",\"@id\":\"https:\/\/blog.racksweekend.com.br\/1071\/personalize-o-visual-do-facebook\/#article\",\"isPartOf\":{\"@id\":\"https:\/\/blog.racksweekend.com.br\/1071\/personalize-o-visual-do-facebook\/\"},\"author\":{\"name\":\"Isaac\",\"@id\":\"https:\/\/blog.racksweekend.com.br\/en\/#\/schema\/person\/e8bce98e1bb2740907d9d40f82cee71b\"},\"headline\":\"Personalize o Visual do Facebook\",\"datePublished\":\"2025-03-07T00:17:51+00:00\",\"dateModified\":\"2025-04-17T12:10:51+00:00\",\"mainEntityOfPage\":{\"@id\":\"https:\/\/blog.racksweekend.com.br\/1071\/personalize-o-visual-do-facebook\/\"},\"wordCount\":925,\"publisher\":{\"@id\":\"https:\/\/blog.racksweekend.com.br\/en\/#organization\"},\"image\":{\"@id\":\"https:\/\/blog.racksweekend.com.br\/1071\/personalize-o-visual-do-facebook\/#primaryimage\"},\"thumbnailUrl\":\"https:\/\/blog.racksweekend.com.br\/wp-content\/uploads\/2025\/03\/Personalize-o-Visual-do-Facebook.jpg\",\"keywords\":[\"aplicativo\",\"aplicativos alternativos e navegadores personalizados\",\"extens\u00f5es de navegador\",\"facebook\",\"Maki Plus\",\"Personalize o Visual do Facebook\",\"visual padr\u00e3o\"],\"articleSection\":[\"Aplicativos\"],\"inLanguage\":\"it-IT\"},{\"@type\":\"WebPage\",\"@id\":\"https:\/\/blog.racksweekend.com.br\/1071\/personalize-o-visual-do-facebook\/\",\"url\":\"https:\/\/blog.racksweekend.com.br\/1071\/personalize-o-visual-do-facebook\/\",\"name\":\"Personalize o Visual do Facebook - Blog Racks\",\"isPartOf\":{\"@id\":\"https:\/\/blog.racksweekend.com.br\/en\/#website\"},\"primaryImageOfPage\":{\"@id\":\"https:\/\/blog.racksweekend.com.br\/1071\/personalize-o-visual-do-facebook\/#primaryimage\"},\"image\":{\"@id\":\"https:\/\/blog.racksweekend.com.br\/1071\/personalize-o-visual-do-facebook\/#primaryimage\"},\"thumbnailUrl\":\"https:\/\/blog.racksweekend.com.br\/wp-content\/uploads\/2025\/03\/Personalize-o-Visual-do-Facebook.jpg\",\"datePublished\":\"2025-03-07T00:17:51+00:00\",\"dateModified\":\"2025-04-17T12:10:51+00:00\",\"description\":\"Voc\u00ea Que Deseja Personalize o Visual do Facebook: Aprenda a Mudar as Cores no PC e no Celular, Leia o Passo a Passo e Mude Agora Mesmo.\",\"breadcrumb\":{\"@id\":\"https:\/\/blog.racksweekend.com.br\/1071\/personalize-o-visual-do-facebook\/#breadcrumb\"},\"inLanguage\":\"it-IT\",\"potentialAction\":[{\"@type\":\"ReadAction\",\"target\":[\"https:\/\/blog.racksweekend.com.br\/1071\/personalize-o-visual-do-facebook\/\"]}]},{\"@type\":\"ImageObject\",\"inLanguage\":\"it-IT\",\"@id\":\"https:\/\/blog.racksweekend.com.br\/1071\/personalize-o-visual-do-facebook\/#primaryimage\",\"url\":\"https:\/\/blog.racksweekend.com.br\/wp-content\/uploads\/2025\/03\/Personalize-o-Visual-do-Facebook.jpg\",\"contentUrl\":\"https:\/\/blog.racksweekend.com.br\/wp-content\/uploads\/2025\/03\/Personalize-o-Visual-do-Facebook.jpg\",\"width\":1000,\"height\":800,\"caption\":\"Personalize o Visual do Facebook\"},{\"@type\":\"BreadcrumbList\",\"@id\":\"https:\/\/blog.racksweekend.com.br\/1071\/personalize-o-visual-do-facebook\/#breadcrumb\",\"itemListElement\":[{\"@type\":\"ListItem\",\"position\":1,\"name\":\"Home\",\"item\":\"https:\/\/blog.racksweekend.com.br\/en\/\"},{\"@type\":\"ListItem\",\"position\":2,\"name\":\"Personalize o Visual do Facebook\"}]},{\"@type\":\"WebSite\",\"@id\":\"https:\/\/blog.racksweekend.com.br\/en\/#website\",\"url\":\"https:\/\/blog.racksweekend.com.br\/en\/\",\"name\":\"Blog Racks\",\"description\":\"Weekend\",\"publisher\":{\"@id\":\"https:\/\/blog.racksweekend.com.br\/en\/#organization\"},\"potentialAction\":[{\"@type\":\"SearchAction\",\"target\":{\"@type\":\"EntryPoint\",\"urlTemplate\":\"https:\/\/blog.racksweekend.com.br\/en\/?s={search_term_string}\"},\"query-input\":{\"@type\":\"PropertyValueSpecification\",\"valueRequired\":true,\"valueName\":\"search_term_string\"}}],\"inLanguage\":\"it-IT\"},{\"@type\":\"Organization\",\"@id\":\"https:\/\/blog.racksweekend.com.br\/en\/#organization\",\"name\":\"Blog Racks\",\"url\":\"https:\/\/blog.racksweekend.com.br\/en\/\",\"logo\":{\"@type\":\"ImageObject\",\"inLanguage\":\"it-IT\",\"@id\":\"https:\/\/blog.racksweekend.com.br\/en\/#\/schema\/logo\/image\/\",\"url\":\"https:\/\/blog.racksweekend.com.br\/wp-content\/uploads\/2024\/02\/cropped-BLOG.png\",\"contentUrl\":\"https:\/\/blog.racksweekend.com.br\/wp-content\/uploads\/2024\/02\/cropped-BLOG.png\",\"width\":1248,\"height\":771,\"caption\":\"Blog Racks\"},\"image\":{\"@id\":\"https:\/\/blog.racksweekend.com.br\/en\/#\/schema\/logo\/image\/\"}},{\"@type\":\"Person\",\"@id\":\"https:\/\/blog.racksweekend.com.br\/en\/#\/schema\/person\/e8bce98e1bb2740907d9d40f82cee71b\",\"name\":\"Isaac\",\"image\":{\"@type\":\"ImageObject\",\"inLanguage\":\"it-IT\",\"@id\":\"https:\/\/blog.racksweekend.com.br\/en\/#\/schema\/person\/image\/\",\"url\":\"https:\/\/blog.racksweekend.com.br\/wp-content\/litespeed\/avatar\/394da628e0e367b1790570a93fe58e9b.jpg?ver=1776804086\",\"contentUrl\":\"https:\/\/blog.racksweekend.com.br\/wp-content\/litespeed\/avatar\/394da628e0e367b1790570a93fe58e9b.jpg?ver=1776804086\",\"caption\":\"Isaac\"},\"url\":\"https:\/\/blog.racksweekend.com.br\/it\/author\/isaac\/\"}]}<\/script>\n<!-- \/ Yoast SEO plugin. -->","yoast_head_json":{"title":"Personalizza l&#039;aspetto di Facebook - Blog Racks","description":"Se vuoi personalizzare l&#039;aspetto del tuo Facebook: scopri come cambiare i colori sul tuo PC e sul tuo cellulare. Leggi le istruzioni dettagliate e modifica subito.","robots":{"index":"index","follow":"follow","max-snippet":"max-snippet:-1","max-image-preview":"max-image-preview:large","max-video-preview":"max-video-preview:-1"},"canonical":"https:\/\/blog.racksweekend.com.br\/it\/1071\/personalize-o-visual-do-facebook\/","og_locale":"it_IT","og_type":"article","og_title":"Personalize o Visual do Facebook - Blog Racks","og_description":"Voc\u00ea Que Deseja Personalize o Visual do Facebook: Aprenda a Mudar as Cores no PC e no Celular, Leia o Passo a Passo e Mude Agora Mesmo.","og_url":"https:\/\/blog.racksweekend.com.br\/it\/1071\/personalize-o-visual-do-facebook\/","og_site_name":"Blog Racks","article_published_time":"2025-03-07T00:17:51+00:00","article_modified_time":"2025-04-17T12:10:51+00:00","og_image":[{"width":1000,"height":800,"url":"http:\/\/blog.racksweekend.com.br\/wp-content\/uploads\/2025\/03\/Personalize-o-Visual-do-Facebook.jpg","type":"image\/jpeg"}],"author":"Isaac","twitter_card":"summary_large_image","twitter_misc":{"Scritto da":"Isaac","Tempo di lettura stimato":"5 minuti"},"schema":{"@context":"https:\/\/schema.org","@graph":[{"@type":"Article","@id":"https:\/\/blog.racksweekend.com.br\/1071\/personalize-o-visual-do-facebook\/#article","isPartOf":{"@id":"https:\/\/blog.racksweekend.com.br\/1071\/personalize-o-visual-do-facebook\/"},"author":{"name":"Isaac","@id":"https:\/\/blog.racksweekend.com.br\/en\/#\/schema\/person\/e8bce98e1bb2740907d9d40f82cee71b"},"headline":"Personalize o Visual do Facebook","datePublished":"2025-03-07T00:17:51+00:00","dateModified":"2025-04-17T12:10:51+00:00","mainEntityOfPage":{"@id":"https:\/\/blog.racksweekend.com.br\/1071\/personalize-o-visual-do-facebook\/"},"wordCount":925,"publisher":{"@id":"https:\/\/blog.racksweekend.com.br\/en\/#organization"},"image":{"@id":"https:\/\/blog.racksweekend.com.br\/1071\/personalize-o-visual-do-facebook\/#primaryimage"},"thumbnailUrl":"https:\/\/blog.racksweekend.com.br\/wp-content\/uploads\/2025\/03\/Personalize-o-Visual-do-Facebook.jpg","keywords":["aplicativo","aplicativos alternativos e navegadores personalizados","extens\u00f5es de navegador","facebook","Maki Plus","Personalize o Visual do Facebook","visual padr\u00e3o"],"articleSection":["Aplicativos"],"inLanguage":"it-IT"},{"@type":"WebPage","@id":"https:\/\/blog.racksweekend.com.br\/1071\/personalize-o-visual-do-facebook\/","url":"https:\/\/blog.racksweekend.com.br\/1071\/personalize-o-visual-do-facebook\/","name":"Personalizza l&#039;aspetto di Facebook - Blog Racks","isPartOf":{"@id":"https:\/\/blog.racksweekend.com.br\/en\/#website"},"primaryImageOfPage":{"@id":"https:\/\/blog.racksweekend.com.br\/1071\/personalize-o-visual-do-facebook\/#primaryimage"},"image":{"@id":"https:\/\/blog.racksweekend.com.br\/1071\/personalize-o-visual-do-facebook\/#primaryimage"},"thumbnailUrl":"https:\/\/blog.racksweekend.com.br\/wp-content\/uploads\/2025\/03\/Personalize-o-Visual-do-Facebook.jpg","datePublished":"2025-03-07T00:17:51+00:00","dateModified":"2025-04-17T12:10:51+00:00","description":"Se vuoi personalizzare l&#039;aspetto del tuo Facebook: scopri come cambiare i colori sul tuo PC e sul tuo cellulare. Leggi le istruzioni dettagliate e modifica subito.","breadcrumb":{"@id":"https:\/\/blog.racksweekend.com.br\/1071\/personalize-o-visual-do-facebook\/#breadcrumb"},"inLanguage":"it-IT","potentialAction":[{"@type":"ReadAction","target":["https:\/\/blog.racksweekend.com.br\/1071\/personalize-o-visual-do-facebook\/"]}]},{"@type":"ImageObject","inLanguage":"it-IT","@id":"https:\/\/blog.racksweekend.com.br\/1071\/personalize-o-visual-do-facebook\/#primaryimage","url":"https:\/\/blog.racksweekend.com.br\/wp-content\/uploads\/2025\/03\/Personalize-o-Visual-do-Facebook.jpg","contentUrl":"https:\/\/blog.racksweekend.com.br\/wp-content\/uploads\/2025\/03\/Personalize-o-Visual-do-Facebook.jpg","width":1000,"height":800,"caption":"Personalize o Visual do Facebook"},{"@type":"BreadcrumbList","@id":"https:\/\/blog.racksweekend.com.br\/1071\/personalize-o-visual-do-facebook\/#breadcrumb","itemListElement":[{"@type":"ListItem","position":1,"name":"Home","item":"https:\/\/blog.racksweekend.com.br\/en\/"},{"@type":"ListItem","position":2,"name":"Personalize o Visual do Facebook"}]},{"@type":"WebSite","@id":"https:\/\/blog.racksweekend.com.br\/en\/#website","url":"https:\/\/blog.racksweekend.com.br\/en\/","name":"Rack per blog","description":"Fine settimana","publisher":{"@id":"https:\/\/blog.racksweekend.com.br\/en\/#organization"},"potentialAction":[{"@type":"SearchAction","target":{"@type":"EntryPoint","urlTemplate":"https:\/\/blog.racksweekend.com.br\/en\/?s={search_term_string}"},"query-input":{"@type":"PropertyValueSpecification","valueRequired":true,"valueName":"search_term_string"}}],"inLanguage":"it-IT"},{"@type":"Organization","@id":"https:\/\/blog.racksweekend.com.br\/en\/#organization","name":"Rack per blog","url":"https:\/\/blog.racksweekend.com.br\/en\/","logo":{"@type":"ImageObject","inLanguage":"it-IT","@id":"https:\/\/blog.racksweekend.com.br\/en\/#\/schema\/logo\/image\/","url":"https:\/\/blog.racksweekend.com.br\/wp-content\/uploads\/2024\/02\/cropped-BLOG.png","contentUrl":"https:\/\/blog.racksweekend.com.br\/wp-content\/uploads\/2024\/02\/cropped-BLOG.png","width":1248,"height":771,"caption":"Blog Racks"},"image":{"@id":"https:\/\/blog.racksweekend.com.br\/en\/#\/schema\/logo\/image\/"}},{"@type":"Person","@id":"https:\/\/blog.racksweekend.com.br\/en\/#\/schema\/person\/e8bce98e1bb2740907d9d40f82cee71b","name":"Isaac","image":{"@type":"ImageObject","inLanguage":"it-IT","@id":"https:\/\/blog.racksweekend.com.br\/en\/#\/schema\/person\/image\/","url":"https:\/\/blog.racksweekend.com.br\/wp-content\/litespeed\/avatar\/394da628e0e367b1790570a93fe58e9b.jpg?ver=1776804086","contentUrl":"https:\/\/blog.racksweekend.com.br\/wp-content\/litespeed\/avatar\/394da628e0e367b1790570a93fe58e9b.jpg?ver=1776804086","caption":"Isaac"},"url":"https:\/\/blog.racksweekend.com.br\/it\/author\/isaac\/"}]}},"_links":{"self":[{"href":"https:\/\/blog.racksweekend.com.br\/it\/wp-json\/wp\/v2\/posts\/1071","targetHints":{"allow":["GET"]}}],"collection":[{"href":"https:\/\/blog.racksweekend.com.br\/it\/wp-json\/wp\/v2\/posts"}],"about":[{"href":"https:\/\/blog.racksweekend.com.br\/it\/wp-json\/wp\/v2\/types\/post"}],"author":[{"embeddable":true,"href":"https:\/\/blog.racksweekend.com.br\/it\/wp-json\/wp\/v2\/users\/11"}],"replies":[{"embeddable":true,"href":"https:\/\/blog.racksweekend.com.br\/it\/wp-json\/wp\/v2\/comments?post=1071"}],"version-history":[{"count":4,"href":"https:\/\/blog.racksweekend.com.br\/it\/wp-json\/wp\/v2\/posts\/1071\/revisions"}],"predecessor-version":[{"id":1420,"href":"https:\/\/blog.racksweekend.com.br\/it\/wp-json\/wp\/v2\/posts\/1071\/revisions\/1420"}],"wp:featuredmedia":[{"embeddable":true,"href":"https:\/\/blog.racksweekend.com.br\/it\/wp-json\/wp\/v2\/media\/1072"}],"wp:attachment":[{"href":"https:\/\/blog.racksweekend.com.br\/it\/wp-json\/wp\/v2\/media?parent=1071"}],"wp:term":[{"taxonomy":"category","embeddable":true,"href":"https:\/\/blog.racksweekend.com.br\/it\/wp-json\/wp\/v2\/categories?post=1071"},{"taxonomy":"post_tag","embeddable":true,"href":"https:\/\/blog.racksweekend.com.br\/it\/wp-json\/wp\/v2\/tags?post=1071"}],"curies":[{"name":"parola chiave","href":"https:\/\/api.w.org\/{rel}","templated":true}]}}