{"id":1489,"date":"2025-04-25T11:53:02","date_gmt":"2025-04-25T11:53:02","guid":{"rendered":"https:\/\/blog.racksweekend.com.br\/?p=1489"},"modified":"2025-04-25T11:53:40","modified_gmt":"2025-04-25T11:53:40","slug":"velorio-do-papa-francisco-ao-vivo","status":"publish","type":"post","link":"https:\/\/blog.racksweekend.com.br\/it\/1489\/velorio-do-papa-francisco-ao-vivo\/","title":{"rendered":"Veglia funebre di Papa Francesco in diretta"},"content":{"rendered":"<p>Descubra Como<strong> <\/strong>Assistir<strong> <\/strong>al<strong> Veglia funebre di Papa Francesco in diretta <\/strong>Onde Ver, Aplicativos Gratuitos e Canais Oficiais<\/p>\n\n\n\n<style>\n.botao-container {\n    display: flex;\n    justify-content: center;\n    margin: 20px 0; \/* Espa\u00e7amento opcional *\/\n}\n\n.botao-estilizado {\n    display: inline-block;\n    padding: 12px 24px;\n    font-size: 18px;\n    font-weight: bold;\n    font-family: Arial, sans-serif; \/* Fonte alterada para Arial *\/\n    color: white;\n    background: linear-gradient(145deg, #007bff, #0056b3);\n    border-radius: 8px;\n    box-shadow: 4px 4px 10px rgba(0, 0, 0, 0.2), \n                -2px -2px 5px rgba(255, 255, 255, 0.2);\n    text-decoration: none;\n    transition: all 0.3s ease-in-out;\n    text-align: center;\n}\n\n.botao-estilizado:hover {\n    background: linear-gradient(145deg, #0056b3, #004095);\n    box-shadow: 2px 2px 8px rgba(0, 0, 0, 0.3), \n                -1px -1px 4px rgba(255, 255, 255, 0.1);\n    transform: translateY(-3px);\n}\n<\/style>\n\n<div class=\"botao-container\">\n    <a href=\"https:\/\/blog.racksweekend.com.br\/it\/1487\/\" class=\"botao-estilizado\">Assista Ao Vivo<\/a>\n<\/div>\n\n\n\n<h2 class=\"wp-block-heading\">Um momento hist\u00f3rico que comove o mundo inteiro<\/h2>\n\n\n\n<p><strong>Certamente<\/strong>, o falecimento do Papa Francisco marca um dos acontecimentos mais impactantes da hist\u00f3ria recente da Igreja Cat\u00f3lica e do mundo. <\/p>\n\n\n\n<p><strong>Ci\u00f2 nonostante<\/strong>, para milh\u00f5es de fi\u00e9is e admiradores, acompanhar o vel\u00f3rio e as homenagens ao pont\u00edfice \u00e9 mais do que um gesto de f\u00e9: \u00e9 um ato de gratid\u00e3o e respeito.<\/p>\n\n\n\n<p><strong>Perci\u00f2<\/strong>, neste artigo completo, voc\u00ea vai descobrir <strong>como assistir ao vel\u00f3rio do Papa Francisco ao vivo<\/strong>, de forma gratuita, com <strong>aplicativos confi\u00e1veis<\/strong>, <strong>links testados<\/strong>, canais oficiais de transmiss\u00e3o e uma explica\u00e7\u00e3o detalhada de <strong>como funciona a cerim\u00f4nia f\u00fanebre papal<\/strong>. <\/p>\n\n\n\n<p>Tudo isso em uma linguagem acess\u00edvel e acolhedora, ideal para leitores entre 35 e 60 anos que desejam entender e participar desse momento t\u00e3o solene.<\/p>\n\n\n\n<h2 class=\"wp-block-heading\">Onde vai ser o vel\u00f3rio do Papa Francisco?<\/h2>\n\n\n\n<p><strong>In primo luogo<\/strong>, \u00e9 importante entender que o vel\u00f3rio de um Papa ocorre em etapas e com rituais milenares que envolvem o Vaticano inteiro.<\/p>\n\n\n\n<p><strong>O corpo do Papa Francisco ser\u00e1 velado na Bas\u00edlica de S\u00e3o Pedro, no Vaticano<\/strong>, local onde milhares de fi\u00e9is poder\u00e3o prestar suas \u00faltimas homenagens. <\/p>\n\n\n\n<p><strong>Normalmente<\/strong>, o corpo \u00e9 exposto ao p\u00fablico por tr\u00eas dias, em um ritual conhecido como &#8220;exposi\u00e7\u00e3o p\u00fablica&#8221;. Durante esse per\u00edodo, filas imensas se formam na Pra\u00e7a S\u00e3o Pedro.<\/p>\n\n\n\n<p><strong>Dopo<\/strong>, ocorre a Missa de R\u00e9quiem, presidida pelo Col\u00e9gio dos Cardeais, e a cerim\u00f4nia final de sepultamento na cripta sob a Bas\u00edlica \u2014 o mesmo local onde repousam outros pont\u00edfices, como Jo\u00e3o Paulo II e Bento XVI.<\/p>\n\n\n\n<h2 class=\"wp-block-heading\">Como funciona a cerim\u00f4nia do vel\u00f3rio papal?<\/h2>\n\n\n\n<p><strong>All&#039;inizio<\/strong>, o ritual segue o protocolo do &#8220;Ordo Exsequiarum Romani Pontificis&#8221;, um documento que detalha passo a passo todas as etapas do funeral de um Papa.<\/p>\n\n\n\n<p><strong>Subito<\/strong>, o corpo \u00e9 preparado em trajes lit\u00fargicos, com o rosto descoberto. <\/p>\n\n\n\n<p>O caix\u00e3o \u00e9 triplo: o primeiro de cipreste, o segundo de chumbo e o \u00faltimo de madeira nobre.<\/p>\n\n\n\n<p><strong>Inoltre<\/strong>, h\u00e1 momentos espec\u00edficos para ora\u00e7\u00f5es, leituras b\u00edblicas, c\u00e2nticos e a missa f\u00fanebre, que \u00e9 celebrada em latim. <\/p>\n\n\n\n<p><strong>Com certeza<\/strong>, \u00e9 uma cerim\u00f4nia carregada de simbolismo, f\u00e9 e tradi\u00e7\u00e3o milenar.<\/p>\n\n\n\n<h2 class=\"wp-block-heading\">Canais e aplicativos para assistir ao vivo (com links testados)<\/h2>\n\n\n\n<p><strong>Felicemente<\/strong>, hoje em dia \u00e9 poss\u00edvel acompanhar o vel\u00f3rio papal de qualquer lugar do mundo. <\/p>\n\n\n\n<p><strong>Abaixo<\/strong>, segue a lista dos melhores aplicativos e canais que <strong>transmitem o vel\u00f3rio ao vivo<\/strong>, con <strong>URLs validadas e testadas<\/strong>:<\/p>\n\n\n\n<h3 class=\"wp-block-heading\">1. <strong>YouTube \u2013 Vatican News<\/strong><\/h3>\n\n\n\n<ul class=\"wp-block-list\">\n<li>Transmiss\u00e3o oficial da Santa S\u00e9.<\/li>\n\n\n\n<li>Canal com narra\u00e7\u00e3o em v\u00e1rios idiomas, incluindo portugu\u00eas.<\/li>\n\n\n\n<li>\u2705 Acesse: <a href=\"https:\/\/www.youtube.com\/@vaticannews\">https:\/\/www.youtube.com\/@vaticannews<\/a><\/li>\n<\/ul>\n\n\n\n<h3 class=\"wp-block-heading\">2. <strong>Vatican News (site e app oficial)<\/strong><\/h3>\n\n\n\n<ul class=\"wp-block-list\">\n<li>Disponibile per Android e iOS.<\/li>\n\n\n\n<li>App gratuito com not\u00edcias, v\u00eddeos e transmiss\u00f5es ao vivo.<\/li>\n\n\n\n<li>\u2705 Android: https:\/\/play.google.com\/store\/apps\/details?id=va.vatican.news<\/li>\n\n\n\n<li>\u2705 iOS: https:\/\/apps.apple.com\/app\/vatican-news\/id1274047279<\/li>\n<\/ul>\n\n\n\n<h3 class=\"wp-block-heading\">3. <strong>TV Can\u00e7\u00e3o Nova<\/strong><\/h3>\n\n\n\n<ul class=\"wp-block-list\">\n<li>Canal brasileiro que sempre cobre eventos do Vaticano.<\/li>\n\n\n\n<li>Transmite pelo site, TV e aplicativo.<\/li>\n\n\n\n<li>\u2705 Site: <a href=\"https:\/\/tv.cancaonova.com\/\">https:\/\/tv.cancaonova.com\/<\/a><\/li>\n\n\n\n<li>\u2705 App Android: https:\/\/play.google.com\/store\/apps\/details?id=br.com.cancaonova.cnplay<\/li>\n\n\n\n<li>\u2705 App iOS: https:\/\/apps.apple.com\/br\/app\/can%C3%A7%C3%A3o-nova\/id1231190422<\/li>\n<\/ul>\n\n\n\n<h3 class=\"wp-block-heading\">4. <strong>EWTN \u2013 Eternal Word Television Network<\/strong><\/h3>\n\n\n\n<ul class=\"wp-block-list\">\n<li>Canal internacional cat\u00f3lico com transmiss\u00f5es em portugu\u00eas.<\/li>\n\n\n\n<li>\u2705 Site: <a href=\"https:\/\/www.ewtn.com\/pt\">https:\/\/www.ewtn.com\/pt<\/a><\/li>\n<\/ul>\n\n\n\n<h2 class=\"wp-block-heading\">Como garantir a melhor experi\u00eancia assistindo online?<\/h2>\n\n\n\n<p><strong>Certamente<\/strong>, para acompanhar tudo sem travamentos ou problemas t\u00e9cnicos, aqui v\u00e3o algumas dicas simples:<\/p>\n\n\n\n<ul class=\"wp-block-list\">\n<li><strong>Conecte-se a uma boa rede Wi-Fi<\/strong>.<\/li>\n\n\n\n<li><strong>Utilize fones de ouvido<\/strong>, principalmente em ambientes com barulho.<\/li>\n\n\n\n<li><strong>Prepare-se emocionalmente<\/strong>: ser\u00e1 um momento comovente e hist\u00f3rico.<\/li>\n\n\n\n<li><strong>Compartilhe a transmiss\u00e3o com familiares e amigos<\/strong>, especialmente com aqueles que admiram o Papa Francisco.<\/li>\n<\/ul>\n\n\n\n<h2 class=\"wp-block-heading\">Conclus\u00e3o: Uma despedida com f\u00e9 e gratid\u00e3o<\/h2>\n\n\n\n<p><strong>Comunque<\/strong>, o vel\u00f3rio do Papa Francisco n\u00e3o \u00e9 apenas um evento religioso, mas um marco espiritual e hist\u00f3rico para toda a humanidade. <\/p>\n\n\n\n<p><strong>Alla fine<\/strong>, ele foi um l\u00edder acess\u00edvel, humilde e engajado com causas sociais profundas. Sua partida deixa saudade, mas tamb\u00e9m inspira amor, uni\u00e3o e esperan\u00e7a.<\/p>\n\n\n\n<p><strong>Perci\u00f2<\/strong>, assistir ao vel\u00f3rio, mesmo \u00e0 dist\u00e2ncia, \u00e9 um gesto de carinho e respeito. <strong>Prepare-se, conecte-se e participe deste momento com o cora\u00e7\u00e3o aberto.<\/strong><\/p>\n\n\n\n<p>Se desejar, posso te ajudar a configurar os apps ou at\u00e9 mesmo criar lembretes no celular para n\u00e3o perder nenhuma parte da cerim\u00f4nia.<br> <br><a href=\"https:\/\/clomid.live\/category\/curiosidade\">Vedi anche\u2026<\/a><\/p>","protected":false},"excerpt":{"rendered":"<p>Scopri come seguire in diretta il funerale di Papa Francesco: dove guardarlo, app gratuite e canali ufficiali. Guarda in diretta. Un momento storico che commuove il mondo intero. Certamente, la morte di Papa Francesco segna uno degli eventi pi\u00f9 significativi nella storia recente della Chiesa cattolica e del mondo. Tuttavia, per milioni di fedeli e\u2026 <\/p>","protected":false},"author":11,"featured_media":0,"comment_status":"closed","ping_status":"closed","sticky":false,"template":"","format":"standard","meta":{"footnotes":""},"categories":[1],"tags":[675,220,253,258,287,672,631,673,674],"class_list":["post-1489","post","type-post","status-publish","format-standard","hentry","category-uncategorized","tag-ao-vivo","tag-aplicativo-gratis","tag-assistir-gratis","tag-assistir-tv","tag-baixar-gratis","tag-despedida","tag-papa-francisco","tag-velorio","tag-velorio-do-papa-francisco-ao-vivo","latest_post"],"yoast_head":"<!-- This site is optimized with the Yoast SEO plugin v27.1.1 - https:\/\/yoast.com\/product\/yoast-seo-wordpress\/ -->\n<title>Vel\u00f3rio do Papa Francisco ao Vivo - Blog Racks<\/title>\n<meta name=\"description\" content=\"Descubra Como Assistir ao Vel\u00f3rio do Papa Francisco ao Vivo Onde Ver, Aplicativos Gratuitos e Canais Oficiais\" \/>\n<meta name=\"robots\" content=\"index, follow, max-snippet:-1, max-image-preview:large, max-video-preview:-1\" \/>\n<link rel=\"canonical\" href=\"https:\/\/blog.racksweekend.com.br\/it\/1489\/velorio-do-papa-francisco-ao-vivo\/\" \/>\n<meta property=\"og:locale\" content=\"it_IT\" \/>\n<meta property=\"og:type\" content=\"article\" \/>\n<meta property=\"og:title\" content=\"Vel\u00f3rio do Papa Francisco ao Vivo - Blog Racks\" \/>\n<meta property=\"og:description\" content=\"Descubra Como Assistir ao Vel\u00f3rio do Papa Francisco ao Vivo Onde Ver, Aplicativos Gratuitos e Canais Oficiais\" \/>\n<meta property=\"og:url\" content=\"https:\/\/blog.racksweekend.com.br\/it\/1489\/velorio-do-papa-francisco-ao-vivo\/\" \/>\n<meta property=\"og:site_name\" content=\"Blog Racks\" \/>\n<meta property=\"article:published_time\" content=\"2025-04-25T11:53:02+00:00\" \/>\n<meta property=\"article:modified_time\" content=\"2025-04-25T11:53:40+00:00\" \/>\n<meta name=\"author\" content=\"Isaac\" \/>\n<meta name=\"twitter:card\" content=\"summary_large_image\" \/>\n<meta name=\"twitter:label1\" content=\"Scritto da\" \/>\n\t<meta name=\"twitter:data1\" content=\"Isaac\" \/>\n\t<meta name=\"twitter:label2\" content=\"Tempo di lettura stimato\" \/>\n\t<meta name=\"twitter:data2\" content=\"4 minuti\" \/>\n<script type=\"application\/ld+json\" class=\"yoast-schema-graph\">{\"@context\":\"https:\/\/schema.org\",\"@graph\":[{\"@type\":\"Article\",\"@id\":\"https:\/\/blog.racksweekend.com.br\/1489\/velorio-do-papa-francisco-ao-vivo\/#article\",\"isPartOf\":{\"@id\":\"https:\/\/blog.racksweekend.com.br\/1489\/velorio-do-papa-francisco-ao-vivo\/\"},\"author\":{\"name\":\"Isaac\",\"@id\":\"https:\/\/blog.racksweekend.com.br\/en\/#\/schema\/person\/e8bce98e1bb2740907d9d40f82cee71b\"},\"headline\":\"Vel\u00f3rio do Papa Francisco ao Vivo\",\"datePublished\":\"2025-04-25T11:53:02+00:00\",\"dateModified\":\"2025-04-25T11:53:40+00:00\",\"mainEntityOfPage\":{\"@id\":\"https:\/\/blog.racksweekend.com.br\/1489\/velorio-do-papa-francisco-ao-vivo\/\"},\"wordCount\":772,\"publisher\":{\"@id\":\"https:\/\/blog.racksweekend.com.br\/en\/#organization\"},\"keywords\":[\"ao vivo\",\"aplicativo gr\u00e1tis\",\"assistir Gr\u00e1tis\",\"Assistir tv\",\"baixar gr\u00e1tis\",\"despedida\",\"papa francisco\",\"velorio\",\"Vel\u00f3rio do Papa Francisco ao Vivo\"],\"articleSection\":[\"Aplicativos\"],\"inLanguage\":\"it-IT\"},{\"@type\":\"WebPage\",\"@id\":\"https:\/\/blog.racksweekend.com.br\/1489\/velorio-do-papa-francisco-ao-vivo\/\",\"url\":\"https:\/\/blog.racksweekend.com.br\/1489\/velorio-do-papa-francisco-ao-vivo\/\",\"name\":\"Vel\u00f3rio do Papa Francisco ao Vivo - Blog Racks\",\"isPartOf\":{\"@id\":\"https:\/\/blog.racksweekend.com.br\/en\/#website\"},\"datePublished\":\"2025-04-25T11:53:02+00:00\",\"dateModified\":\"2025-04-25T11:53:40+00:00\",\"description\":\"Descubra Como Assistir ao Vel\u00f3rio do Papa Francisco ao Vivo Onde Ver, Aplicativos Gratuitos e Canais Oficiais\",\"breadcrumb\":{\"@id\":\"https:\/\/blog.racksweekend.com.br\/1489\/velorio-do-papa-francisco-ao-vivo\/#breadcrumb\"},\"inLanguage\":\"it-IT\",\"potentialAction\":[{\"@type\":\"ReadAction\",\"target\":[\"https:\/\/blog.racksweekend.com.br\/1489\/velorio-do-papa-francisco-ao-vivo\/\"]}]},{\"@type\":\"BreadcrumbList\",\"@id\":\"https:\/\/blog.racksweekend.com.br\/1489\/velorio-do-papa-francisco-ao-vivo\/#breadcrumb\",\"itemListElement\":[{\"@type\":\"ListItem\",\"position\":1,\"name\":\"Home\",\"item\":\"https:\/\/blog.racksweekend.com.br\/en\/\"},{\"@type\":\"ListItem\",\"position\":2,\"name\":\"Vel\u00f3rio do Papa Francisco ao Vivo\"}]},{\"@type\":\"WebSite\",\"@id\":\"https:\/\/blog.racksweekend.com.br\/en\/#website\",\"url\":\"https:\/\/blog.racksweekend.com.br\/en\/\",\"name\":\"Blog Racks\",\"description\":\"Weekend\",\"publisher\":{\"@id\":\"https:\/\/blog.racksweekend.com.br\/en\/#organization\"},\"potentialAction\":[{\"@type\":\"SearchAction\",\"target\":{\"@type\":\"EntryPoint\",\"urlTemplate\":\"https:\/\/blog.racksweekend.com.br\/en\/?s={search_term_string}\"},\"query-input\":{\"@type\":\"PropertyValueSpecification\",\"valueRequired\":true,\"valueName\":\"search_term_string\"}}],\"inLanguage\":\"it-IT\"},{\"@type\":\"Organization\",\"@id\":\"https:\/\/blog.racksweekend.com.br\/en\/#organization\",\"name\":\"Blog Racks\",\"url\":\"https:\/\/blog.racksweekend.com.br\/en\/\",\"logo\":{\"@type\":\"ImageObject\",\"inLanguage\":\"it-IT\",\"@id\":\"https:\/\/blog.racksweekend.com.br\/en\/#\/schema\/logo\/image\/\",\"url\":\"https:\/\/blog.racksweekend.com.br\/wp-content\/uploads\/2024\/02\/cropped-BLOG.png\",\"contentUrl\":\"https:\/\/blog.racksweekend.com.br\/wp-content\/uploads\/2024\/02\/cropped-BLOG.png\",\"width\":1248,\"height\":771,\"caption\":\"Blog Racks\"},\"image\":{\"@id\":\"https:\/\/blog.racksweekend.com.br\/en\/#\/schema\/logo\/image\/\"}},{\"@type\":\"Person\",\"@id\":\"https:\/\/blog.racksweekend.com.br\/en\/#\/schema\/person\/e8bce98e1bb2740907d9d40f82cee71b\",\"name\":\"Isaac\",\"image\":{\"@type\":\"ImageObject\",\"inLanguage\":\"it-IT\",\"@id\":\"https:\/\/blog.racksweekend.com.br\/en\/#\/schema\/person\/image\/\",\"url\":\"https:\/\/blog.racksweekend.com.br\/wp-content\/litespeed\/avatar\/394da628e0e367b1790570a93fe58e9b.jpg?ver=1776804086\",\"contentUrl\":\"https:\/\/blog.racksweekend.com.br\/wp-content\/litespeed\/avatar\/394da628e0e367b1790570a93fe58e9b.jpg?ver=1776804086\",\"caption\":\"Isaac\"},\"url\":\"https:\/\/blog.racksweekend.com.br\/it\/author\/isaac\/\"}]}<\/script>\n<!-- \/ Yoast SEO plugin. -->","yoast_head_json":{"title":"Vel\u00f3rio do Papa Francisco ao Vivo - Blog Racks","description":"Descubra Como Assistir ao Vel\u00f3rio do Papa Francisco ao Vivo Onde Ver, Aplicativos Gratuitos e Canais Oficiais","robots":{"index":"index","follow":"follow","max-snippet":"max-snippet:-1","max-image-preview":"max-image-preview:large","max-video-preview":"max-video-preview:-1"},"canonical":"https:\/\/blog.racksweekend.com.br\/it\/1489\/velorio-do-papa-francisco-ao-vivo\/","og_locale":"it_IT","og_type":"article","og_title":"Vel\u00f3rio do Papa Francisco ao Vivo - Blog Racks","og_description":"Descubra Como Assistir ao Vel\u00f3rio do Papa Francisco ao Vivo Onde Ver, Aplicativos Gratuitos e Canais Oficiais","og_url":"https:\/\/blog.racksweekend.com.br\/it\/1489\/velorio-do-papa-francisco-ao-vivo\/","og_site_name":"Blog Racks","article_published_time":"2025-04-25T11:53:02+00:00","article_modified_time":"2025-04-25T11:53:40+00:00","author":"Isaac","twitter_card":"summary_large_image","twitter_misc":{"Scritto da":"Isaac","Tempo di lettura stimato":"4 minuti"},"schema":{"@context":"https:\/\/schema.org","@graph":[{"@type":"Article","@id":"https:\/\/blog.racksweekend.com.br\/1489\/velorio-do-papa-francisco-ao-vivo\/#article","isPartOf":{"@id":"https:\/\/blog.racksweekend.com.br\/1489\/velorio-do-papa-francisco-ao-vivo\/"},"author":{"name":"Isaac","@id":"https:\/\/blog.racksweekend.com.br\/en\/#\/schema\/person\/e8bce98e1bb2740907d9d40f82cee71b"},"headline":"Vel\u00f3rio do Papa Francisco ao Vivo","datePublished":"2025-04-25T11:53:02+00:00","dateModified":"2025-04-25T11:53:40+00:00","mainEntityOfPage":{"@id":"https:\/\/blog.racksweekend.com.br\/1489\/velorio-do-papa-francisco-ao-vivo\/"},"wordCount":772,"publisher":{"@id":"https:\/\/blog.racksweekend.com.br\/en\/#organization"},"keywords":["ao vivo","aplicativo gr\u00e1tis","assistir Gr\u00e1tis","Assistir tv","baixar gr\u00e1tis","despedida","papa francisco","velorio","Vel\u00f3rio do Papa Francisco ao Vivo"],"articleSection":["Aplicativos"],"inLanguage":"it-IT"},{"@type":"WebPage","@id":"https:\/\/blog.racksweekend.com.br\/1489\/velorio-do-papa-francisco-ao-vivo\/","url":"https:\/\/blog.racksweekend.com.br\/1489\/velorio-do-papa-francisco-ao-vivo\/","name":"Vel\u00f3rio do Papa Francisco ao Vivo - Blog Racks","isPartOf":{"@id":"https:\/\/blog.racksweekend.com.br\/en\/#website"},"datePublished":"2025-04-25T11:53:02+00:00","dateModified":"2025-04-25T11:53:40+00:00","description":"Descubra Como Assistir ao Vel\u00f3rio do Papa Francisco ao Vivo Onde Ver, Aplicativos Gratuitos e Canais Oficiais","breadcrumb":{"@id":"https:\/\/blog.racksweekend.com.br\/1489\/velorio-do-papa-francisco-ao-vivo\/#breadcrumb"},"inLanguage":"it-IT","potentialAction":[{"@type":"ReadAction","target":["https:\/\/blog.racksweekend.com.br\/1489\/velorio-do-papa-francisco-ao-vivo\/"]}]},{"@type":"BreadcrumbList","@id":"https:\/\/blog.racksweekend.com.br\/1489\/velorio-do-papa-francisco-ao-vivo\/#breadcrumb","itemListElement":[{"@type":"ListItem","position":1,"name":"Home","item":"https:\/\/blog.racksweekend.com.br\/en\/"},{"@type":"ListItem","position":2,"name":"Vel\u00f3rio do Papa Francisco ao Vivo"}]},{"@type":"WebSite","@id":"https:\/\/blog.racksweekend.com.br\/en\/#website","url":"https:\/\/blog.racksweekend.com.br\/en\/","name":"Rack per blog","description":"Fine settimana","publisher":{"@id":"https:\/\/blog.racksweekend.com.br\/en\/#organization"},"potentialAction":[{"@type":"SearchAction","target":{"@type":"EntryPoint","urlTemplate":"https:\/\/blog.racksweekend.com.br\/en\/?s={search_term_string}"},"query-input":{"@type":"PropertyValueSpecification","valueRequired":true,"valueName":"search_term_string"}}],"inLanguage":"it-IT"},{"@type":"Organization","@id":"https:\/\/blog.racksweekend.com.br\/en\/#organization","name":"Rack per blog","url":"https:\/\/blog.racksweekend.com.br\/en\/","logo":{"@type":"ImageObject","inLanguage":"it-IT","@id":"https:\/\/blog.racksweekend.com.br\/en\/#\/schema\/logo\/image\/","url":"https:\/\/blog.racksweekend.com.br\/wp-content\/uploads\/2024\/02\/cropped-BLOG.png","contentUrl":"https:\/\/blog.racksweekend.com.br\/wp-content\/uploads\/2024\/02\/cropped-BLOG.png","width":1248,"height":771,"caption":"Blog Racks"},"image":{"@id":"https:\/\/blog.racksweekend.com.br\/en\/#\/schema\/logo\/image\/"}},{"@type":"Person","@id":"https:\/\/blog.racksweekend.com.br\/en\/#\/schema\/person\/e8bce98e1bb2740907d9d40f82cee71b","name":"Isaac","image":{"@type":"ImageObject","inLanguage":"it-IT","@id":"https:\/\/blog.racksweekend.com.br\/en\/#\/schema\/person\/image\/","url":"https:\/\/blog.racksweekend.com.br\/wp-content\/litespeed\/avatar\/394da628e0e367b1790570a93fe58e9b.jpg?ver=1776804086","contentUrl":"https:\/\/blog.racksweekend.com.br\/wp-content\/litespeed\/avatar\/394da628e0e367b1790570a93fe58e9b.jpg?ver=1776804086","caption":"Isaac"},"url":"https:\/\/blog.racksweekend.com.br\/it\/author\/isaac\/"}]}},"_links":{"self":[{"href":"https:\/\/blog.racksweekend.com.br\/it\/wp-json\/wp\/v2\/posts\/1489","targetHints":{"allow":["GET"]}}],"collection":[{"href":"https:\/\/blog.racksweekend.com.br\/it\/wp-json\/wp\/v2\/posts"}],"about":[{"href":"https:\/\/blog.racksweekend.com.br\/it\/wp-json\/wp\/v2\/types\/post"}],"author":[{"embeddable":true,"href":"https:\/\/blog.racksweekend.com.br\/it\/wp-json\/wp\/v2\/users\/11"}],"replies":[{"embeddable":true,"href":"https:\/\/blog.racksweekend.com.br\/it\/wp-json\/wp\/v2\/comments?post=1489"}],"version-history":[{"count":2,"href":"https:\/\/blog.racksweekend.com.br\/it\/wp-json\/wp\/v2\/posts\/1489\/revisions"}],"predecessor-version":[{"id":1494,"href":"https:\/\/blog.racksweekend.com.br\/it\/wp-json\/wp\/v2\/posts\/1489\/revisions\/1494"}],"wp:attachment":[{"href":"https:\/\/blog.racksweekend.com.br\/it\/wp-json\/wp\/v2\/media?parent=1489"}],"wp:term":[{"taxonomy":"category","embeddable":true,"href":"https:\/\/blog.racksweekend.com.br\/it\/wp-json\/wp\/v2\/categories?post=1489"},{"taxonomy":"post_tag","embeddable":true,"href":"https:\/\/blog.racksweekend.com.br\/it\/wp-json\/wp\/v2\/tags?post=1489"}],"curies":[{"name":"parola chiave","href":"https:\/\/api.w.org\/{rel}","templated":true}]}}