{"id":623,"date":"2024-10-16T21:02:22","date_gmt":"2024-10-16T21:02:22","guid":{"rendered":"https:\/\/blog.racksweekend.com.br\/?p=623"},"modified":"2025-04-22T13:16:34","modified_gmt":"2025-04-22T13:16:34","slug":"aplicativo-cristao-para-orar","status":"publish","type":"post","link":"https:\/\/blog.racksweekend.com.br\/pl\/623\/aplicativo-cristao-para-orar\/","title":{"rendered":"Aplikacja do modlitwy chrze\u015bcija\u0144skiej"},"content":{"rendered":"<p>Bez w\u0105tpienia najwa\u017cniejsz\u0105 cz\u0119\u015bci\u0105 dnia jest po\u015bwi\u0119cenie chwili na... <strong>modli\u0107 si\u0119<\/strong>, Nigdy nie powinni\u015bmy zapomina\u0107 o czym\u015b tak wa\u017cnym jak sp\u0119dzenie chwili z Bogiem.<\/p>\n\n\n\n<p>W zabieganym \u015bwiecie dzisiejszych czas\u00f3w znalezienie czasu i przestrzeni na modlitw\u0119 mo\u017ce stanowi\u0107 wyzwanie.<\/p>\n\n\n\n<p>Ale dzi\u0119ki technologii mo\u017cemy teraz nosi\u0107 modlitw\u0119 w kieszeni, dzi\u0119ki aplikacjom, kt\u00f3re nie tylko pomagaj\u0105 nam organizowa\u0107 czas sp\u0119dzony z Bogiem, ale tak\u017ce oferuj\u0105 zasoby wzbogacaj\u0105ce nasze \u017cycie duchowe.<\/p>\n\n\n\n<p>W tym artykule przyjrzymy si\u0119 trzem najlepszym aplikacjom do modlitwy, kt\u00f3re pozwol\u0105 Ci nawi\u0105za\u0107 kontakt z Bogiem gdziekolwiek i kiedykolwiek chcesz.<\/p>\n\n\n\n<p>Ka\u017cda z tych aplikacji oferuje wyj\u0105tkowe funkcje, kt\u00f3re pomog\u0105 Ci si\u0119 modli\u0107 i wzmocni\u0105 Twoj\u0105 duchow\u0105 podr\u00f3\u017c.<\/p>\n\n\n\n<h2 class=\"wp-block-heading\">1. <strong>Modlitwa echa<\/strong> \u2013 M\u00f3dl si\u0119 i medytuj<\/h2>\n\n\n\n<p>Najpierw, <strong>Modlitwa echa<\/strong> Jest to jedna z najbardziej kompleksowych aplikacji dla tych, kt\u00f3rzy chc\u0105 prowadzi\u0107 bardziej zorganizowane i g\u0142\u0119bokie \u017cycie modlitewne.<\/p>\n\n\n\n<p>Aplikacj\u0119 t\u0119 opracowali\u015bmy z my\u015bl\u0105 o prostocie, aby by\u0142a dost\u0119pna zar\u00f3wno dla pocz\u0105tkuj\u0105cych, jak i dla os\u00f3b, kt\u00f3re maj\u0105 ju\u017c ugruntowan\u0105 praktyk\u0119 modlitewn\u0105.<\/p>\n\n\n\n<p>Dzi\u0119ki aplikacji Echo mo\u017cesz tworzy\u0107 listy modlitewne, ustawia\u0107 przypomnienia o modlitwie, a nawet udost\u0119pnia\u0107 pro\u015bby modlitewne znajomym i rodzinie.<\/p>\n\n\n\n<p>Dodatkowo Echo Prayer ma ciekaw\u0105 funkcj\u0119: mo\u017cesz ustawi\u0107 timer modlitwy.<\/p>\n\n\n\n<p>Aplikacja poprowadzi Ci\u0119 przez chwile medytacji i modlitwy, pos\u0142uguj\u0105c si\u0119 fragmentami Biblii i duchowymi refleksjami.<\/p>\n\n\n\n<p>To \u015bwietna opcja dla tych, kt\u00f3rzy chc\u0105 w\u0142\u0105czy\u0107 modlitw\u0119 do bardziej ustrukturyzowanego planu dnia. Mo\u017cesz r\u00f3wnie\u017c zapisywa\u0107 odpowiedzi na swoje modlitwy, tworz\u0105c duchowy dziennik wdzi\u0119czno\u015bci i doceniania.<\/p>\n\n\n\n<p>Dlatego te\u017c, niezale\u017cnie od tego, czy modlisz si\u0119 sam, czy we wsp\u00f3lnocie, Echo Prayer oferuje odpowiednie narz\u0119dzia, kt\u00f3re pomog\u0105 ci nawi\u0105za\u0107 kontakt z Bogiem w spos\u00f3b praktyczny i regularny.<\/p>\n\n\n\n<p><strong>Pobierz linki:<\/strong><\/p>\n\n\n\n<ul class=\"wp-block-list\">\n<li><a href=\"https:\/\/play.google.com\/store\/apps\/details?id=com.cloversites.echo\">Pobierz na Androida<\/a><\/li>\n\n\n\n<li>Pobierz na iOS<\/li>\n<\/ul>\n\n\n\n<h2 class=\"wp-block-heading\">2. <strong>Codzienne modlitwy \u2013 Biblia i wiara<\/strong><\/h2>\n\n\n\n<p>Je\u015bli szukasz aplikacji, kt\u00f3ra oferuje gotowe modlitwy i odpowiada na r\u00f3\u017cne potrzeby i momenty w \u017cyciu chrze\u015bcija\u0144skim, to... <strong>Codzienne modlitwy \u2013 Biblia i wiara<\/strong> to doskona\u0142y wyb\u00f3r.<\/p>\n\n\n\n<p>Jednak ta aplikacja zawiera szerok\u0105 gam\u0119 modlitw na ka\u017cd\u0105 okazj\u0119: wdzi\u0119czno\u015bci, pr\u00f3\u015bb, wstawiennictwa, ochrony, a nawet uzdrowienia.<\/p>\n\n\n\n<p>Wielk\u0105 zalet\u0105 tej aplikacji jest to, \u017ce oferuje ona modlitwy tematyczne na ka\u017cdy dzie\u0144 tygodnia, dzi\u0119ki czemu u\u017cytkownicy mog\u0105 \u0142atwiej uczestniczy\u0107 w modlitwie.<\/p>\n\n\n\n<p>Ponadto, <strong>Codzienne modlitwy<\/strong> Zawiera r\u00f3wnie\u017c oparte na Pi\u015bmie \u015awi\u0119tym refleksje i rozwa\u017cania, kt\u00f3re pomagaj\u0105 pog\u0142\u0119bi\u0107 wi\u0119\u017a z Bogiem podczas modlitwy.<\/p>\n\n\n\n<p>Osoby poszukuj\u0105ce czego\u015b bardziej dynamicznego mog\u0105 skorzysta\u0107 z aplikacji zawieraj\u0105cej tak\u017ce modlitwy w formie audio oraz fragmenty Biblii, dzi\u0119ki czemu mog\u0105 s\u0142ucha\u0107 s\u0142\u00f3w wiary w dowolnym miejscu i czasie.<\/p>\n\n\n\n<p>Kolejn\u0105 ciekaw\u0105 kwesti\u0105 jest mo\u017cliwo\u015b\u0107 tworzenia codziennych przypomnie\u0144, dzi\u0119ki kt\u00f3rym p\u0119d \u017cycia codziennego nie sprawi, \u017ce zapomnisz o chwilach sp\u0119dzonych z Bogiem.<\/p>\n\n\n\n<p>Ta aplikacja jest idealna zar\u00f3wno dla tych, kt\u00f3rzy lubi\u0105 modli\u0107 si\u0119 w tradycyjny spos\u00f3b, jak i dla tych, kt\u00f3rzy dopiero zaczynaj\u0105 rozwija\u0107 bardziej ustrukturyzowan\u0105 rutyn\u0119 modlitwy.<\/p>\n\n\n\n<p><strong>Pobierz linki:<\/strong><\/p>\n\n\n\n<ul class=\"wp-block-list\">\n<li>Pobierz na Androida<\/li>\n\n\n\n<li>Pobierz na iOS<\/li>\n<\/ul>\n\n\n\n<h2 class=\"wp-block-heading\">3. <strong>Pray.com<\/strong> Aplikacja do modlitwy<\/h2>\n\n\n\n<p>Wreszcie, <strong>Pray.com<\/strong> To co\u015b wi\u0119cej ni\u017c tylko aplikacja do modlitwy: to prawdziwa cyfrowa wsp\u00f3lnota wiary.<\/p>\n\n\n\n<p>Aplikacja oferuje codzienne nabo\u017ce\u0144stwa, modlitwy z przewodnikiem, a nawet medytacje chrze\u015bcija\u0144skie, kt\u00f3re pomagaj\u0105 od\u017cywi\u0107 dusz\u0119 i skupi\u0107 umys\u0142 na Bogu.<\/p>\n\n\n\n<p>Jednak\u017ce tym, co wyr\u00f3\u017cnia Pray.com, jest interfejs skoncentrowany na budowaniu spo\u0142eczno\u015bci modlitewnej. Mo\u017cna w ten spos\u00f3b nawi\u0105zywa\u0107 kontakty z innymi osobami, dzieli\u0107 si\u0119 pro\u015bbami o modlitw\u0119, a nawet tworzy\u0107 internetowe grupy modlitewne.<\/p>\n\n\n\n<p>Kolejn\u0105 zalet\u0105 tej aplikacji jest zbi\u00f3r modlitw prowadzonych przez pastor\u00f3w i lider\u00f3w chrze\u015bcija\u0144skich, kt\u00f3rych mo\u017cesz pos\u0142ucha\u0107 w dowolnym momencie.<\/p>\n\n\n\n<p>Jest to szczeg\u00f3lnie pomocne w chwilach, gdy czujesz, \u017ce potrzebujesz bardziej skupionej modlitwy lub inspiruj\u0105cego s\u0142owa.<\/p>\n\n\n\n<p>Pray.com oferuje r\u00f3wnie\u017c sekcj\u0119 po\u015bwi\u0119con\u0105 rozwojowi duchowemu, zawieraj\u0105c\u0105 ekskluzywne tre\u015bci wzmacniaj\u0105ce twoj\u0105 wiar\u0119.<\/p>\n\n\n\n<p>Je\u015bli szukasz aplikacji, kt\u00f3ra oferuje co\u015b wi\u0119cej ni\u017c tylko modlitwy, ale tak\u017ce do\u015bwiadczenie wsp\u00f3lnotowe i rozw\u00f3j duchowy, to... <strong>Pray.com<\/strong> jest idealnym wyborem.<\/p>\n\n\n\n<p><strong>Pobierz linki:<\/strong><\/p>\n\n\n\n<ul class=\"wp-block-list\">\n<li><a href=\"https:\/\/play.google.com\/store\/apps\/details?id=com.prayapp.client\">Pobierz na Androida<\/a><\/li>\n\n\n\n<li>Pobierz na iOS<\/li>\n<\/ul>\n\n\n\n<h2 class=\"wp-block-heading\">Wniosek<\/h2>\n\n\n\n<p>Modlitwa jest jedn\u0105 z najpot\u0119\u017cniejszych i najbardziej osobistych praktyk w \u017cyciu chrze\u015bcija\u0144skim, a dzi\u0119ki tym aplikacjom w\u0142\u0105czenie modlitwy do codziennego \u017cycia staje si\u0119 jeszcze \u0142atwiejsze.<\/p>\n\n\n\n<p>Niezale\u017cnie od tego, gdzie jeste\u015b i jak bardzo jeste\u015b zaj\u0119ty, dzi\u0119ki tym aplikacjom zawsze mo\u017cesz wygospodarowa\u0107 czas na kontakt z Bogiem.<\/p>\n\n\n\n<p>Nie tra\u0107 wi\u0119c czasu! Wybierz aplikacj\u0119, kt\u00f3ra najlepiej pasuje do Twojego stylu \u017cycia i wzmocnij swoje \u017cycie modlitewne ju\u017c teraz.<\/p>","protected":false},"excerpt":{"rendered":"<p>Bez w\u0105tpienia najwa\u017cniejsz\u0105 cz\u0119\u015bci\u0105 naszego dnia jest po\u015bwi\u0119cenie czasu na modlitw\u0119; nigdy nie powinni\u015bmy zapomina\u0107 o czym\u015b tak wa\u017cnym, jak chwila z Bogiem. W szybkim tempie wsp\u00f3\u0142czesnego \u015bwiata znalezienie czasu i przestrzeni na modlitw\u0119 mo\u017ce by\u0107 wyzwaniem. Jednak dzi\u0119ki technologii mo\u017cemy teraz wprowadzi\u0107 modlitw\u0119 do naszego \u017cycia\u2026 <\/p>","protected":false},"author":1,"featured_media":625,"comment_status":"closed","ping_status":"open","sticky":false,"template":"","format":"standard","meta":{"footnotes":""},"categories":[1],"tags":[220,287,289,290,288],"class_list":["post-623","post","type-post","status-publish","format-standard","has-post-thumbnail","hentry","category-uncategorized","tag-aplicativo-gratis","tag-baixar-gratis","tag-ler-a-biblia","tag-musica-gospel","tag-orar","latest_post"],"yoast_head":"<!-- This site is optimized with the Yoast SEO plugin v27.1.1 - https:\/\/yoast.com\/product\/yoast-seo-wordpress\/ -->\n<title>Aplicativo Crist\u00e3o para Orar - Blog Racks<\/title>\n<meta name=\"description\" content=\"Com toda certeza a parte mais importante do nosso dia \u00e9 separar um momento para orar, jamais devemos esquecer de algo t\u00e3o...\" \/>\n<meta name=\"robots\" content=\"index, follow, max-snippet:-1, max-image-preview:large, max-video-preview:-1\" \/>\n<link rel=\"canonical\" href=\"https:\/\/blog.racksweekend.com.br\/pl\/623\/aplicativo-cristao-para-orar\/\" \/>\n<meta property=\"og:locale\" content=\"pl_PL\" \/>\n<meta property=\"og:type\" content=\"article\" \/>\n<meta property=\"og:title\" content=\"Aplicativo Crist\u00e3o para Orar - Blog Racks\" \/>\n<meta property=\"og:description\" content=\"Com toda certeza a parte mais importante do nosso dia \u00e9 separar um momento para orar, jamais devemos esquecer de algo t\u00e3o...\" \/>\n<meta property=\"og:url\" content=\"https:\/\/blog.racksweekend.com.br\/pl\/623\/aplicativo-cristao-para-orar\/\" \/>\n<meta property=\"og:site_name\" content=\"Blog Racks\" \/>\n<meta property=\"article:published_time\" content=\"2024-10-16T21:02:22+00:00\" \/>\n<meta property=\"article:modified_time\" content=\"2025-04-22T13:16:34+00:00\" \/>\n<meta property=\"og:image\" content=\"http:\/\/blog.racksweekend.com.br\/wp-content\/uploads\/2024\/10\/Design-sem-nome-_1_.webp\" \/>\n\t<meta property=\"og:image:width\" content=\"800\" \/>\n\t<meta property=\"og:image:height\" content=\"600\" \/>\n\t<meta property=\"og:image:type\" content=\"image\/webp\" \/>\n<meta name=\"author\" content=\"admin\" \/>\n<meta name=\"twitter:card\" content=\"summary_large_image\" \/>\n<meta name=\"twitter:label1\" content=\"Napisane przez\" \/>\n\t<meta name=\"twitter:data1\" content=\"admin\" \/>\n\t<meta name=\"twitter:label2\" content=\"Szacowany czas czytania\" \/>\n\t<meta name=\"twitter:data2\" content=\"5 minut\" \/>\n<script type=\"application\/ld+json\" class=\"yoast-schema-graph\">{\"@context\":\"https:\/\/schema.org\",\"@graph\":[{\"@type\":\"Article\",\"@id\":\"https:\/\/blog.racksweekend.com.br\/623\/aplicativo-cristao-para-orar\/#article\",\"isPartOf\":{\"@id\":\"https:\/\/blog.racksweekend.com.br\/623\/aplicativo-cristao-para-orar\/\"},\"author\":{\"name\":\"admin\",\"@id\":\"https:\/\/blog.racksweekend.com.br\/en\/#\/schema\/person\/b505dffaec1ce6ec9c47ca74400f2167\"},\"headline\":\"Aplicativo Crist\u00e3o para Orar\",\"datePublished\":\"2024-10-16T21:02:22+00:00\",\"dateModified\":\"2025-04-22T13:16:34+00:00\",\"mainEntityOfPage\":{\"@id\":\"https:\/\/blog.racksweekend.com.br\/623\/aplicativo-cristao-para-orar\/\"},\"wordCount\":864,\"publisher\":{\"@id\":\"https:\/\/blog.racksweekend.com.br\/en\/#organization\"},\"image\":{\"@id\":\"https:\/\/blog.racksweekend.com.br\/623\/aplicativo-cristao-para-orar\/#primaryimage\"},\"thumbnailUrl\":\"https:\/\/blog.racksweekend.com.br\/wp-content\/uploads\/2024\/10\/Design-sem-nome-_1_.webp\",\"keywords\":[\"aplicativo gr\u00e1tis\",\"baixar gr\u00e1tis\",\"ler a b\u00edblia\",\"m\u00fasica gospel\",\"orar\"],\"articleSection\":[\"Aplicativos\"],\"inLanguage\":\"pl-PL\"},{\"@type\":\"WebPage\",\"@id\":\"https:\/\/blog.racksweekend.com.br\/623\/aplicativo-cristao-para-orar\/\",\"url\":\"https:\/\/blog.racksweekend.com.br\/623\/aplicativo-cristao-para-orar\/\",\"name\":\"Aplicativo Crist\u00e3o para Orar - Blog Racks\",\"isPartOf\":{\"@id\":\"https:\/\/blog.racksweekend.com.br\/en\/#website\"},\"primaryImageOfPage\":{\"@id\":\"https:\/\/blog.racksweekend.com.br\/623\/aplicativo-cristao-para-orar\/#primaryimage\"},\"image\":{\"@id\":\"https:\/\/blog.racksweekend.com.br\/623\/aplicativo-cristao-para-orar\/#primaryimage\"},\"thumbnailUrl\":\"https:\/\/blog.racksweekend.com.br\/wp-content\/uploads\/2024\/10\/Design-sem-nome-_1_.webp\",\"datePublished\":\"2024-10-16T21:02:22+00:00\",\"dateModified\":\"2025-04-22T13:16:34+00:00\",\"description\":\"Com toda certeza a parte mais importante do nosso dia \u00e9 separar um momento para orar, jamais devemos esquecer de algo t\u00e3o...\",\"breadcrumb\":{\"@id\":\"https:\/\/blog.racksweekend.com.br\/623\/aplicativo-cristao-para-orar\/#breadcrumb\"},\"inLanguage\":\"pl-PL\",\"potentialAction\":[{\"@type\":\"ReadAction\",\"target\":[\"https:\/\/blog.racksweekend.com.br\/623\/aplicativo-cristao-para-orar\/\"]}]},{\"@type\":\"ImageObject\",\"inLanguage\":\"pl-PL\",\"@id\":\"https:\/\/blog.racksweekend.com.br\/623\/aplicativo-cristao-para-orar\/#primaryimage\",\"url\":\"https:\/\/blog.racksweekend.com.br\/wp-content\/uploads\/2024\/10\/Design-sem-nome-_1_.webp\",\"contentUrl\":\"https:\/\/blog.racksweekend.com.br\/wp-content\/uploads\/2024\/10\/Design-sem-nome-_1_.webp\",\"width\":800,\"height\":600,\"caption\":\"orar\"},{\"@type\":\"BreadcrumbList\",\"@id\":\"https:\/\/blog.racksweekend.com.br\/623\/aplicativo-cristao-para-orar\/#breadcrumb\",\"itemListElement\":[{\"@type\":\"ListItem\",\"position\":1,\"name\":\"Home\",\"item\":\"https:\/\/blog.racksweekend.com.br\/en\/\"},{\"@type\":\"ListItem\",\"position\":2,\"name\":\"Aplicativo Crist\u00e3o para Orar\"}]},{\"@type\":\"WebSite\",\"@id\":\"https:\/\/blog.racksweekend.com.br\/en\/#website\",\"url\":\"https:\/\/blog.racksweekend.com.br\/en\/\",\"name\":\"Blog Racks\",\"description\":\"Weekend\",\"publisher\":{\"@id\":\"https:\/\/blog.racksweekend.com.br\/en\/#organization\"},\"potentialAction\":[{\"@type\":\"SearchAction\",\"target\":{\"@type\":\"EntryPoint\",\"urlTemplate\":\"https:\/\/blog.racksweekend.com.br\/en\/?s={search_term_string}\"},\"query-input\":{\"@type\":\"PropertyValueSpecification\",\"valueRequired\":true,\"valueName\":\"search_term_string\"}}],\"inLanguage\":\"pl-PL\"},{\"@type\":\"Organization\",\"@id\":\"https:\/\/blog.racksweekend.com.br\/en\/#organization\",\"name\":\"Blog Racks\",\"url\":\"https:\/\/blog.racksweekend.com.br\/en\/\",\"logo\":{\"@type\":\"ImageObject\",\"inLanguage\":\"pl-PL\",\"@id\":\"https:\/\/blog.racksweekend.com.br\/en\/#\/schema\/logo\/image\/\",\"url\":\"https:\/\/blog.racksweekend.com.br\/wp-content\/uploads\/2024\/02\/cropped-BLOG.png\",\"contentUrl\":\"https:\/\/blog.racksweekend.com.br\/wp-content\/uploads\/2024\/02\/cropped-BLOG.png\",\"width\":1248,\"height\":771,\"caption\":\"Blog Racks\"},\"image\":{\"@id\":\"https:\/\/blog.racksweekend.com.br\/en\/#\/schema\/logo\/image\/\"}},{\"@type\":\"Person\",\"@id\":\"https:\/\/blog.racksweekend.com.br\/en\/#\/schema\/person\/b505dffaec1ce6ec9c47ca74400f2167\",\"name\":\"admin\",\"image\":{\"@type\":\"ImageObject\",\"inLanguage\":\"pl-PL\",\"@id\":\"https:\/\/blog.racksweekend.com.br\/en\/#\/schema\/person\/image\/\",\"url\":\"https:\/\/blog.racksweekend.com.br\/wp-content\/litespeed\/avatar\/36c8d907748a1f26a93d4fe1aaa0002c.jpg?ver=1776844880\",\"contentUrl\":\"https:\/\/blog.racksweekend.com.br\/wp-content\/litespeed\/avatar\/36c8d907748a1f26a93d4fe1aaa0002c.jpg?ver=1776844880\",\"caption\":\"admin\"},\"sameAs\":[\"http:\/\/blog.racksweekend.com.br\"],\"url\":\"https:\/\/blog.racksweekend.com.br\/pl\/author\/admin\/\"}]}<\/script>\n<!-- \/ Yoast SEO plugin. -->","yoast_head_json":{"title":"Aplicativo Crist\u00e3o para Orar - Blog Racks","description":"Com toda certeza a parte mais importante do nosso dia \u00e9 separar um momento para orar, jamais devemos esquecer de algo t\u00e3o...","robots":{"index":"index","follow":"follow","max-snippet":"max-snippet:-1","max-image-preview":"max-image-preview:large","max-video-preview":"max-video-preview:-1"},"canonical":"https:\/\/blog.racksweekend.com.br\/pl\/623\/aplicativo-cristao-para-orar\/","og_locale":"pl_PL","og_type":"article","og_title":"Aplicativo Crist\u00e3o para Orar - Blog Racks","og_description":"Com toda certeza a parte mais importante do nosso dia \u00e9 separar um momento para orar, jamais devemos esquecer de algo t\u00e3o...","og_url":"https:\/\/blog.racksweekend.com.br\/pl\/623\/aplicativo-cristao-para-orar\/","og_site_name":"Blog Racks","article_published_time":"2024-10-16T21:02:22+00:00","article_modified_time":"2025-04-22T13:16:34+00:00","og_image":[{"width":800,"height":600,"url":"http:\/\/blog.racksweekend.com.br\/wp-content\/uploads\/2024\/10\/Design-sem-nome-_1_.webp","type":"image\/webp"}],"author":"admin","twitter_card":"summary_large_image","twitter_misc":{"Napisane przez":"admin","Szacowany czas czytania":"5 minut"},"schema":{"@context":"https:\/\/schema.org","@graph":[{"@type":"Article","@id":"https:\/\/blog.racksweekend.com.br\/623\/aplicativo-cristao-para-orar\/#article","isPartOf":{"@id":"https:\/\/blog.racksweekend.com.br\/623\/aplicativo-cristao-para-orar\/"},"author":{"name":"admin","@id":"https:\/\/blog.racksweekend.com.br\/en\/#\/schema\/person\/b505dffaec1ce6ec9c47ca74400f2167"},"headline":"Aplicativo Crist\u00e3o para Orar","datePublished":"2024-10-16T21:02:22+00:00","dateModified":"2025-04-22T13:16:34+00:00","mainEntityOfPage":{"@id":"https:\/\/blog.racksweekend.com.br\/623\/aplicativo-cristao-para-orar\/"},"wordCount":864,"publisher":{"@id":"https:\/\/blog.racksweekend.com.br\/en\/#organization"},"image":{"@id":"https:\/\/blog.racksweekend.com.br\/623\/aplicativo-cristao-para-orar\/#primaryimage"},"thumbnailUrl":"https:\/\/blog.racksweekend.com.br\/wp-content\/uploads\/2024\/10\/Design-sem-nome-_1_.webp","keywords":["aplicativo gr\u00e1tis","baixar gr\u00e1tis","ler a b\u00edblia","m\u00fasica gospel","orar"],"articleSection":["Aplicativos"],"inLanguage":"pl-PL"},{"@type":"WebPage","@id":"https:\/\/blog.racksweekend.com.br\/623\/aplicativo-cristao-para-orar\/","url":"https:\/\/blog.racksweekend.com.br\/623\/aplicativo-cristao-para-orar\/","name":"Aplicativo Crist\u00e3o para Orar - Blog Racks","isPartOf":{"@id":"https:\/\/blog.racksweekend.com.br\/en\/#website"},"primaryImageOfPage":{"@id":"https:\/\/blog.racksweekend.com.br\/623\/aplicativo-cristao-para-orar\/#primaryimage"},"image":{"@id":"https:\/\/blog.racksweekend.com.br\/623\/aplicativo-cristao-para-orar\/#primaryimage"},"thumbnailUrl":"https:\/\/blog.racksweekend.com.br\/wp-content\/uploads\/2024\/10\/Design-sem-nome-_1_.webp","datePublished":"2024-10-16T21:02:22+00:00","dateModified":"2025-04-22T13:16:34+00:00","description":"Com toda certeza a parte mais importante do nosso dia \u00e9 separar um momento para orar, jamais devemos esquecer de algo t\u00e3o...","breadcrumb":{"@id":"https:\/\/blog.racksweekend.com.br\/623\/aplicativo-cristao-para-orar\/#breadcrumb"},"inLanguage":"pl-PL","potentialAction":[{"@type":"ReadAction","target":["https:\/\/blog.racksweekend.com.br\/623\/aplicativo-cristao-para-orar\/"]}]},{"@type":"ImageObject","inLanguage":"pl-PL","@id":"https:\/\/blog.racksweekend.com.br\/623\/aplicativo-cristao-para-orar\/#primaryimage","url":"https:\/\/blog.racksweekend.com.br\/wp-content\/uploads\/2024\/10\/Design-sem-nome-_1_.webp","contentUrl":"https:\/\/blog.racksweekend.com.br\/wp-content\/uploads\/2024\/10\/Design-sem-nome-_1_.webp","width":800,"height":600,"caption":"orar"},{"@type":"BreadcrumbList","@id":"https:\/\/blog.racksweekend.com.br\/623\/aplicativo-cristao-para-orar\/#breadcrumb","itemListElement":[{"@type":"ListItem","position":1,"name":"Home","item":"https:\/\/blog.racksweekend.com.br\/en\/"},{"@type":"ListItem","position":2,"name":"Aplicativo Crist\u00e3o para Orar"}]},{"@type":"WebSite","@id":"https:\/\/blog.racksweekend.com.br\/en\/#website","url":"https:\/\/blog.racksweekend.com.br\/en\/","name":"Stojaki na blogi","description":"Weekend","publisher":{"@id":"https:\/\/blog.racksweekend.com.br\/en\/#organization"},"potentialAction":[{"@type":"SearchAction","target":{"@type":"EntryPoint","urlTemplate":"https:\/\/blog.racksweekend.com.br\/en\/?s={search_term_string}"},"query-input":{"@type":"PropertyValueSpecification","valueRequired":true,"valueName":"search_term_string"}}],"inLanguage":"pl-PL"},{"@type":"Organization","@id":"https:\/\/blog.racksweekend.com.br\/en\/#organization","name":"Stojaki na blogi","url":"https:\/\/blog.racksweekend.com.br\/en\/","logo":{"@type":"ImageObject","inLanguage":"pl-PL","@id":"https:\/\/blog.racksweekend.com.br\/en\/#\/schema\/logo\/image\/","url":"https:\/\/blog.racksweekend.com.br\/wp-content\/uploads\/2024\/02\/cropped-BLOG.png","contentUrl":"https:\/\/blog.racksweekend.com.br\/wp-content\/uploads\/2024\/02\/cropped-BLOG.png","width":1248,"height":771,"caption":"Blog Racks"},"image":{"@id":"https:\/\/blog.racksweekend.com.br\/en\/#\/schema\/logo\/image\/"}},{"@type":"Person","@id":"https:\/\/blog.racksweekend.com.br\/en\/#\/schema\/person\/b505dffaec1ce6ec9c47ca74400f2167","name":"Admin","image":{"@type":"ImageObject","inLanguage":"pl-PL","@id":"https:\/\/blog.racksweekend.com.br\/en\/#\/schema\/person\/image\/","url":"https:\/\/blog.racksweekend.com.br\/wp-content\/litespeed\/avatar\/36c8d907748a1f26a93d4fe1aaa0002c.jpg?ver=1776844880","contentUrl":"https:\/\/blog.racksweekend.com.br\/wp-content\/litespeed\/avatar\/36c8d907748a1f26a93d4fe1aaa0002c.jpg?ver=1776844880","caption":"admin"},"sameAs":["http:\/\/blog.racksweekend.com.br"],"url":"https:\/\/blog.racksweekend.com.br\/pl\/author\/admin\/"}]}},"_links":{"self":[{"href":"https:\/\/blog.racksweekend.com.br\/pl\/wp-json\/wp\/v2\/posts\/623","targetHints":{"allow":["GET"]}}],"collection":[{"href":"https:\/\/blog.racksweekend.com.br\/pl\/wp-json\/wp\/v2\/posts"}],"about":[{"href":"https:\/\/blog.racksweekend.com.br\/pl\/wp-json\/wp\/v2\/types\/post"}],"author":[{"embeddable":true,"href":"https:\/\/blog.racksweekend.com.br\/pl\/wp-json\/wp\/v2\/users\/1"}],"replies":[{"embeddable":true,"href":"https:\/\/blog.racksweekend.com.br\/pl\/wp-json\/wp\/v2\/comments?post=623"}],"version-history":[{"count":3,"href":"https:\/\/blog.racksweekend.com.br\/pl\/wp-json\/wp\/v2\/posts\/623\/revisions"}],"predecessor-version":[{"id":1453,"href":"https:\/\/blog.racksweekend.com.br\/pl\/wp-json\/wp\/v2\/posts\/623\/revisions\/1453"}],"wp:featuredmedia":[{"embeddable":true,"href":"https:\/\/blog.racksweekend.com.br\/pl\/wp-json\/wp\/v2\/media\/625"}],"wp:attachment":[{"href":"https:\/\/blog.racksweekend.com.br\/pl\/wp-json\/wp\/v2\/media?parent=623"}],"wp:term":[{"taxonomy":"category","embeddable":true,"href":"https:\/\/blog.racksweekend.com.br\/pl\/wp-json\/wp\/v2\/categories?post=623"},{"taxonomy":"post_tag","embeddable":true,"href":"https:\/\/blog.racksweekend.com.br\/pl\/wp-json\/wp\/v2\/tags?post=623"}],"curies":[{"name":"wp","href":"https:\/\/api.w.org\/{rel}","templated":true}]}}