{"id":1284,"date":"2025-04-08T12:15:04","date_gmt":"2025-04-08T12:15:04","guid":{"rendered":"https:\/\/blog.racksweekend.com.br\/?p=1284"},"modified":"2025-04-22T14:17:29","modified_gmt":"2025-04-22T14:17:29","slug":"como-mudar-o-papel-de-parede-do-instagram","status":"publish","type":"post","link":"https:\/\/blog.racksweekend.com.br\/sq\/1284\/como-mudar-o-papel-de-parede-do-instagram\/","title":{"rendered":"Si ta ndryshoni sfondin e Instagram-it tuaj"},"content":{"rendered":"<p class=\"wp-block-paragraph\">Zbulo Tani <strong>Si ta ndryshoni sfondin e Instagram-it tuaj<\/strong>Udh\u00ebzuesi i plot\u00eb p\u00ebr personalizimin e aplikacionit tuaj: Lexoni k\u00ebt\u00eb artikull dhe b\u00ebni ndryshimin tani!.<\/p>\n\n\n\n<style>\n.botao-container {\n    display: flex;\n    justify-content: center;\n    margin: 20px 0; \/* Espa\u00e7amento opcional *\/\n}\n\n.botao-estilizado {\n    display: inline-block;\n    padding: 12px 24px;\n    font-size: 18px;\n    font-weight: bold;\n    font-family: Arial, sans-serif; \/* Fonte Arial *\/\n    color: white;\n    background: linear-gradient(145deg, #FF3D00, #D32F2F); \/* Tons de vermelho vibrante *\/\n    border-radius: 8px;\n    box-shadow: 4px 4px 10px rgba(0, 0, 0, 0.2), \n                -2px -2px 5px rgba(255, 255, 255, 0.2);\n    text-decoration: none;\n    transition: all 0.3s ease-in-out;\n    text-align: center;\n}\n\n.botao-estilizado:hover {\n    background: linear-gradient(145deg, #D32F2F, #B71C1C); \/* Tom vermelho mais escuro no hover *\/\n    box-shadow: 2px 2px 8px rgba(0, 0, 0, 0.3), \n                -1px -1px 4px rgba(255, 255, 255, 0.1);\n    transform: translateY(-3px);\n}\n<\/style>\n\n<div class=\"botao-container\">\n    <a href=\"https:\/\/blog.racksweekend.com.br\/sq\/\" class=\"botao-estilizado\">zbulo m\u00eb shum\u00eb<\/a>\n<\/div>\n\n\n\n<h2 class=\"wp-block-heading\">Hyrje \u2013 B\u00ebjeni Instagram-in t\u00eb pasqyroj\u00eb personalitetin tuaj<\/h2>\n\n\n\n<p class=\"wp-block-paragraph\">Sigurisht, t\u00eb gjith\u00ebve u p\u00eblqen t&#039;i personalizojn\u00eb aplikacionet e tyre p\u00ebr t&#039;i b\u00ebr\u00eb ato m\u00eb elegante.<\/p>\n\n\n\n<p class=\"wp-block-paragraph\">N\u00eb fund t\u00eb fundit, identiteti vizual \u00ebsht\u00eb nj\u00eb zgjatim i personalitetit ton\u00eb, dhe \u00ebsht\u00eb e qart\u00eb se... <strong>Instagram<\/strong>, Apple, nj\u00eb nga aplikacionet m\u00eb t\u00eb p\u00ebrdorura n\u00eb bot\u00eb, meriton gjithashtu k\u00ebt\u00eb prekje t\u00eb ve\u00e7ant\u00eb.<\/p>\n\n\n\n<p class=\"wp-block-paragraph\">Prandaj, n\u00eb k\u00ebt\u00eb artikull t\u00eb plot\u00eb, do t\u00eb m\u00ebsoni <strong>Si ta ndryshoni sfondin e Instagramit tuaj<\/strong> N\u00eb nj\u00eb m\u00ebnyr\u00eb t\u00eb thjesht\u00eb, t\u00eb sigurt dhe krijuese!<\/p>\n\n\n\n<p class=\"wp-block-paragraph\">Pra, le t\u00eb shqyrtojm\u00eb metodat native, alternativat me aplikacione t\u00eb pal\u00ebve t\u00eb treta dhe truket q\u00eb funksionojn\u00eb si n\u00eb... <strong>Android<\/strong> sa <strong>iPhone<\/strong>.<\/p>\n\n\n\n<h2 class=\"wp-block-heading\">1. A t\u00eb lejon Instagram t\u00eb ndryshosh sfondin?<\/h2>\n\n\n\n<p class=\"wp-block-paragraph\">Fillimisht, <strong>Instagram nuk ofron nj\u00eb opsion zyrtar.<\/strong> p\u00ebr t\u00eb ndryshuar sfondin brenda aplikacionit.<\/p>\n\n\n\n<p class=\"wp-block-paragraph\">Megjithat\u00eb, mund t\u00eb p\u00ebrdorni disa alternativa, t\u00eb tilla si temat e sistemit, aplikacionet q\u00eb ndryshojn\u00eb nd\u00ebrfaqen ose rregullimet n\u00ebp\u00ebrmjet mjeteve t\u00eb aksesueshm\u00ebris\u00eb.<\/p>\n\n\n\n<h3 class=\"wp-block-heading\">N\u00eb p\u00ebrmbledhje, format kryesore jan\u00eb:<\/h3>\n\n\n\n<ul class=\"wp-block-list\">\n<li><strong>Temat e sistemit<\/strong> (p\u00ebr Android me One UI, MIUI, etj.)<\/li>\n\n\n\n<li><strong>Aplikacione q\u00eb ndryshojn\u00eb pamjen<\/strong> nga telefoni celular<\/li>\n\n\n\n<li><strong>Gjuha dhe aksesueshm\u00ebria<\/strong> p\u00ebr personalizime indirekte<\/li>\n\n\n\n<li><strong>Zgjerime dhe l\u00ebshues<\/strong> p\u00ebr Android<\/li>\n<\/ul>\n\n\n\n<p class=\"wp-block-paragraph\">Prandaj, edhe n\u00ebse aplikacioni nuk ka mb\u00ebshtetje t\u00eb drejtp\u00ebrdrejt\u00eb, \u00ebsht\u00eb e mundur t&#039;i jepni pamjes s\u00eb p\u00ebrgjithshme t\u00eb Instagram-it tuaj nj\u00eb ndjesi t\u00eb re.<\/p>\n\n\n\n<h2 class=\"wp-block-heading\">2. Si t\u00eb p\u00ebrdorni temat e sistemit p\u00ebr t\u00eb personalizuar Instagram-in<\/h2>\n\n\n\n<p class=\"wp-block-paragraph\">S\u00eb pari, shum\u00eb telefona Android ju lejojn\u00eb t\u00eb aplikoni <strong>temat globale<\/strong> t\u00eb cilat ndikojn\u00eb n\u00eb pamjen dhe ndjesin\u00eb e t\u00eb gjitha aplikacioneve.<\/p>\n\n\n\n<h3 class=\"wp-block-heading\">Ja se si ta b\u00ebni k\u00ebt\u00eb n\u00eb nj\u00eb Samsung Galaxy (One UI):<\/h3>\n\n\n\n<ol class=\"wp-block-list\">\n<li>Qasje <strong>Cil\u00ebsimet<\/strong> &gt; <strong>Sfonde dhe Stil<\/strong>.<\/li>\n\n\n\n<li>Zgjidh nj\u00eb <strong>tem\u00eb<\/strong> nga Dyqani Galaxy.<\/li>\n\n\n\n<li>Aplikoni tem\u00ebn dhe rinisni telefonin n\u00ebse \u00ebsht\u00eb e nevojshme.<\/li>\n\n\n\n<li>Hap Instagramin dhe shiko pamjen e re t\u00eb aplikuar.<\/li>\n<\/ol>\n\n\n\n<h3 class=\"wp-block-heading\">P\u00ebr telefonat Xiaomi (MIUI):<\/h3>\n\n\n\n<ol class=\"wp-block-list\">\n<li>Hap aplikacionin <strong>Temat<\/strong>.<\/li>\n\n\n\n<li>Zgjidhni nj\u00eb opsion vizual me ndryshime t\u00eb thella.<\/li>\n\n\n\n<li>Zbatoni tem\u00ebn e plot\u00eb.<\/li>\n\n\n\n<li>Instagram do t\u00eb shfaq\u00eb ngjyra dhe element\u00eb t\u00eb ndrysh\u00ebm, var\u00ebsisht nga tema.<\/li>\n<\/ol>\n\n\n\n<p class=\"wp-block-paragraph\">Megjithat\u00eb, k\u00ebto opsione mund t\u00eb mos e ndryshojn\u00eb drejtp\u00ebrdrejt sfondin, por ato ndryshojn\u00eb ngjyrat e nd\u00ebrfaqes n\u00eb t\u00ebr\u00ebsi.<\/p>\n\n\n\n<h2 class=\"wp-block-heading\">3. P\u00ebrdorimi i Launcher-ave p\u00ebr t\u00eb ndryshuar pamjen e aplikacioneve<\/h2>\n\n\n\n<p class=\"wp-block-paragraph\">Sigurisht, <strong>l\u00ebshuesit<\/strong> Pajisjet Android ofrojn\u00eb nj\u00eb nivel t\u00eb lart\u00eb p\u00ebrshtatjeje.<\/p>\n\n\n\n<h3 class=\"wp-block-heading\">Ne rekomandojm\u00eb sa vijon:<\/h3>\n\n\n\n<ul class=\"wp-block-list\">\n<li><strong>Nova Launcher<\/strong> (<a href=\"https:\/\/play.google.com\/store\/apps\/details?id=com.teslacoilsw.launcher\">Dyqani i Luaj<\/a>)<\/li>\n\n\n\n<li><strong>Nis\u00ebsi i Men\u00e7ur 6<\/strong> (<a href=\"https:\/\/play.google.com\/store\/apps\/details?id=ginlemon.flowerfree\">Dyqani i Luaj<\/a>)<\/li>\n\n\n\n<li><strong>Niagara Launcher<\/strong> (<a href=\"https:\/\/play.google.com\/store\/apps\/details?id=bitpit.launcher\">Dyqani i Luaj<\/a>)<\/li>\n<\/ul>\n\n\n\n<h3 class=\"wp-block-heading\">Hap pas hapi:<\/h3>\n\n\n\n<ol class=\"wp-block-list\">\n<li>Shkarkoni dhe instaloni l\u00ebshuesin q\u00eb d\u00ebshironi.<\/li>\n\n\n\n<li>Konfiguroni temat, sfondet dhe paketat e ikonave.<\/li>\n\n\n\n<li>Personalizoni ekranin tuaj t\u00eb Instagram-it me pamjen e re.<\/li>\n<\/ol>\n\n\n\n<p class=\"wp-block-paragraph\">Prandaj, kjo \u00ebsht\u00eb nj\u00eb alternativ\u00eb e fuqishme p\u00ebr ta b\u00ebr\u00eb aplikacionin m\u00eb t\u00eb bukur.<\/p>\n\n\n\n<h2 class=\"wp-block-heading\">4. Aplikacione p\u00ebr t\u00eb ndryshuar sfondin e Instagram-it tuaj (A funksionojn\u00eb v\u00ebrtet?)<\/h2>\n\n\n\n<p class=\"wp-block-paragraph\">Ashtu si ju, shum\u00eb njer\u00ebz pyesin veten n\u00ebse ka aplikacione q\u00eb ndryshojn\u00eb drejtp\u00ebrdrejt pamjen e Instagram-it.<\/p>\n\n\n\n<p class=\"wp-block-paragraph\">P\u00ebrgjigja \u00ebsht\u00eb: <strong>disa e premtojn\u00eb k\u00ebt\u00eb<\/strong>, Por jo t\u00eb gjith\u00eb jan\u00eb t\u00eb sigurt.<\/p>\n\n\n\n<h3 class=\"wp-block-heading\">M\u00eb i besueshmi:<\/h3>\n\n\n\n<ul class=\"wp-block-list\">\n<li><strong>Zedge<\/strong> (<a href=\"https:\/\/play.google.com\/store\/apps\/details?id=net.zedge.android\">Android<\/a> | <a href=\"https:\/\/apps.apple.com\/us\/app\/zedge-wallpapers\/id1086101495\">iOS<\/a>)<\/li>\n<\/ul>\n\n\n\n<h3 class=\"wp-block-heading\">V\u00ebmendje:<\/h3>\n\n\n\n<p class=\"wp-block-paragraph\">Megjithat\u00eb, shmangni aplikacionet q\u00eb k\u00ebrkojn\u00eb qasje n\u00eb llogarin\u00eb tuaj n\u00eb Instagram ose q\u00eb k\u00ebrkojn\u00eb leje t\u00eb pazakonta.<\/p>\n\n\n\n<p class=\"wp-block-paragraph\">Prandaj, lexoni gjithmon\u00eb vler\u00ebsimet e p\u00ebrdoruesve dhe politikat e privat\u00ebsis\u00eb.<\/p>\n\n\n\n<h2 class=\"wp-block-heading\">5. Personalizimi i Ekranit Kryesor dhe Widget-it t\u00eb Instagram-it<\/h2>\n\n\n\n<p class=\"wp-block-paragraph\">Fillimisht, nj\u00eb m\u00ebnyr\u00eb tjet\u00ebr p\u00ebr t\u00eb personalizuar Instagramin tuaj \u00ebsht\u00eb... <strong>Ndryshimi i ikon\u00ebs s\u00eb aplikacionit dhe ekranit kryesor.<\/strong>.<\/p>\n\n\n\n<h3 class=\"wp-block-heading\">Si ta b\u00ebni n\u00eb iPhone (iOS):<\/h3>\n\n\n\n<ol class=\"wp-block-list\">\n<li>Qasuni n\u00eb aplikacion <strong>Shkurtesat<\/strong>.<\/li>\n\n\n\n<li>Krijo nj\u00eb shkurtore t\u00eb re p\u00ebr t\u00eb hapur Instagram-in.<\/li>\n\n\n\n<li>Zgjidh nj\u00eb <strong>ikon\u00eb e personalizuar<\/strong> dhe riem\u00ebrtoje at\u00eb.<\/li>\n\n\n\n<li>Shto shkurtoren n\u00eb ekranin t\u00ebnd kryesor.<\/li>\n<\/ol>\n\n\n\n<h3 class=\"wp-block-heading\">Si ta b\u00ebni n\u00eb Android:<\/h3>\n\n\n\n<ol class=\"wp-block-list\">\n<li>P\u00ebrdor aplikacionin <strong>Ndryshuesi i Ikonave X<\/strong> (<a href=\"https:\/\/play.google.com\/store\/apps\/details?id=io.hexman.xiconchanger\">Dyqani i Luaj<\/a>)<\/li>\n\n\n\n<li>Zgjidhni Instagramin.<\/li>\n\n\n\n<li>P\u00ebrcaktoni nj\u00eb ikon\u00eb t\u00eb re me nj\u00eb sfond t\u00eb integruar.<\/li>\n<\/ol>\n\n\n\n<p class=\"wp-block-paragraph\">N\u00eb k\u00ebt\u00eb m\u00ebnyr\u00eb, ju krijoni nj\u00eb p\u00ebrvoj\u00eb unike vizuale pa modifikuar drejtp\u00ebrdrejt Instagram-in.<\/p>\n\n\n\n<h2 class=\"wp-block-heading\">6. K\u00ebshilla shtes\u00eb p\u00ebr ta b\u00ebr\u00eb Instagram-in tuaj t\u00eb pasqyroj\u00eb personalitetin tuaj<\/h2>\n\n\n\n<ul class=\"wp-block-list\">\n<li>P\u00ebrdor <strong>modaliteti i err\u00ebt ose i ndri\u00e7uar<\/strong> Sipas stilit tuaj.<\/li>\n\n\n\n<li>Ndrysho sfondin e telefonit t\u00ebnd me nj\u00eb imazh q\u00eb lidhet me Instagramin.<\/li>\n\n\n\n<li>Krijo <strong>widget-e t\u00eb personalizuara<\/strong> me aplikacione si <strong>Widgetmjesh\u00ebs<\/strong> (iOS) ose <strong>KWGT<\/strong> (Android).<\/li>\n\n\n\n<li>Ndryshoni ngjyrat e sistemit n\u00eb Android 12+ me <strong>Materiali Ju<\/strong>.<\/li>\n<\/ul>\n\n\n\n<p class=\"wp-block-paragraph\">K\u00ebshtu, edhe pa modifikime t\u00eb brendshme, konteksti vizual q\u00eb rrethon Instagram-in ndryshon plot\u00ebsisht.<\/p>\n\n\n\n<h2 class=\"wp-block-heading\">P\u00ebrfundim - Personalizimi i Instagram \u00ebsht\u00eb i mundur (dhe ia vlen!)<\/h2>\n\n\n\n<h3 class=\"wp-block-heading\">Jepini aplikacionit tuaj nj\u00eb prekje unike.<\/h3>\n\n\n\n<p class=\"wp-block-paragraph\">N\u00eb fund t\u00eb fundit, me kaq shum\u00eb mund\u00ebsi p\u00ebr tema, l\u00ebshues dhe mjete personalizimi, \u00ebsht\u00eb e mundur ta b\u00ebsh t\u00ebnden unike. <strong>Instagram me nj\u00eb pamje moderne, krijuese dhe personale.<\/strong>.<\/p>\n\n\n\n<h3 class=\"wp-block-heading\">Kujdesi dhe Rekomandimet<\/h3>\n\n\n\n<p class=\"wp-block-paragraph\">Sigurisht, shmangni aplikacionet e dyshimta dhe mos u jepni t\u00eb dh\u00ebnat tuaja kredenciale pal\u00ebve t\u00eb treta.<\/p>\n\n\n\n<p class=\"wp-block-paragraph\">Zgjidhni personalizime estetike q\u00eb nuk ndikojn\u00eb n\u00eb sigurin\u00eb e llogaris\u00eb suaj.<\/p>\n\n\n\n<h3 class=\"wp-block-heading\">Koha p\u00ebr t\u00eb testuar dhe ndar\u00eb!<\/h3>\n\n\n\n<p class=\"wp-block-paragraph\">S\u00eb fundmi, provoni opsionet q\u00eb ju kemi treguar tani dhe <strong>B\u00ebje q\u00eb Instagrami yt t\u00eb pasqyroj\u00eb personalitetin t\u00ebnd.<\/strong>.<\/p>\n\n\n\n<p class=\"wp-block-paragraph\">N\u00ebse ju p\u00eblqeu artikulli, ndani at\u00eb me miqt\u00eb tuaj t\u00eb cil\u00ebt gjithashtu e duan personalizimin elegant! <\/p>\n\n\n\n<p class=\"wp-block-paragraph\"><\/p>","protected":false},"excerpt":{"rendered":"<p>Zbuloni Tani Si ta Ndryshoni Sfondin e Instagramit: Nj\u00eb Udh\u00ebzues i Plot\u00eb p\u00ebr Personalizimin e Aplikacionit Tuaj. Lexoni k\u00ebt\u00eb Artikull dhe Ndryshojeni Tani. Zbuloni m\u00eb shum\u00eb Hyrje - B\u00ebjeni Instagramin Tuajin Sigurisht, t\u00eb gjith\u00ebve u p\u00eblqen t\u00eb personalizojn\u00eb aplikacionet e tyre p\u00ebr t&#039;i b\u00ebr\u00eb ato m\u00eb elegante. N\u00eb fund t\u00eb fundit, identiteti vizual \u00ebsht\u00eb nj\u00eb zgjatim i personalitetit ton\u00eb\u2026 <\/p>","protected":false},"author":11,"featured_media":0,"comment_status":"closed","ping_status":"closed","sticky":false,"template":"","format":"standard","meta":{"footnotes":""},"categories":[1],"tags":[220,287,657,482,659,658],"class_list":["post-1284","post","type-post","status-publish","format-standard","hentry","category-uncategorized","tag-aplicativo-gratis","tag-baixar-gratis","tag-como-mudar-o-papel-de-parede-do-instagram","tag-instagram","tag-papel-de-parede","tag-tutorial","latest_post"],"yoast_head":"<!-- This site is optimized with the Yoast SEO plugin v27.8 - https:\/\/yoast.com\/product\/yoast-seo-wordpress\/ -->\n<title>Como Mudar o Papel de Parede do Instagram - Blog Racks<\/title>\n<meta name=\"description\" content=\"Descubra Agora Como Mudar o Papel de Parede do Instagram: Guia Completo para Personalizar Seu App, Leia Este Artigo e Mude Agora Mesmo.\" \/>\n<meta name=\"robots\" content=\"index, follow, max-snippet:-1, max-image-preview:large, max-video-preview:-1\" \/>\n<link rel=\"canonical\" href=\"https:\/\/blog.racksweekend.com.br\/sq\/1284\/como-mudar-o-papel-de-parede-do-instagram\/\" \/>\n<meta property=\"og:locale\" content=\"sq_AL\" \/>\n<meta property=\"og:type\" content=\"article\" \/>\n<meta property=\"og:title\" content=\"Como Mudar o Papel de Parede do Instagram - Blog Racks\" \/>\n<meta property=\"og:description\" content=\"Descubra Agora Como Mudar o Papel de Parede do Instagram: Guia Completo para Personalizar Seu App, Leia Este Artigo e Mude Agora Mesmo.\" \/>\n<meta property=\"og:url\" content=\"https:\/\/blog.racksweekend.com.br\/sq\/1284\/como-mudar-o-papel-de-parede-do-instagram\/\" \/>\n<meta property=\"og:site_name\" content=\"Blog Racks\" \/>\n<meta property=\"article:published_time\" content=\"2025-04-08T12:15:04+00:00\" \/>\n<meta property=\"article:modified_time\" content=\"2025-04-22T14:17:29+00:00\" \/>\n<meta name=\"author\" content=\"Isaac\" \/>\n<meta name=\"twitter:card\" content=\"summary_large_image\" \/>\n<meta name=\"twitter:label1\" content=\"Written by\" \/>\n\t<meta name=\"twitter:data1\" content=\"Isaac\" \/>\n\t<meta name=\"twitter:label2\" content=\"Est. reading time\" \/>\n\t<meta name=\"twitter:data2\" content=\"5 minuta\" \/>\n<script type=\"application\/ld+json\" class=\"yoast-schema-graph\">{\"@context\":\"https:\\\/\\\/schema.org\",\"@graph\":[{\"@type\":\"Article\",\"@id\":\"https:\\\/\\\/blog.racksweekend.com.br\\\/1284\\\/como-mudar-o-papel-de-parede-do-instagram\\\/#article\",\"isPartOf\":{\"@id\":\"https:\\\/\\\/blog.racksweekend.com.br\\\/1284\\\/como-mudar-o-papel-de-parede-do-instagram\\\/\"},\"author\":{\"name\":\"Isaac\",\"@id\":\"https:\\\/\\\/blog.racksweekend.com.br\\\/#\\\/schema\\\/person\\\/e8bce98e1bb2740907d9d40f82cee71b\"},\"headline\":\"Como Mudar o Papel de Parede do Instagram\",\"datePublished\":\"2025-04-08T12:15:04+00:00\",\"dateModified\":\"2025-04-22T14:17:29+00:00\",\"mainEntityOfPage\":{\"@id\":\"https:\\\/\\\/blog.racksweekend.com.br\\\/1284\\\/como-mudar-o-papel-de-parede-do-instagram\\\/\"},\"wordCount\":791,\"publisher\":{\"@id\":\"https:\\\/\\\/blog.racksweekend.com.br\\\/#organization\"},\"keywords\":[\"aplicativo gr\u00e1tis\",\"baixar gr\u00e1tis\",\"Como Mudar o Papel de Parede do Instagram\",\"instagram\",\"papel de parede\",\"tutorial\"],\"articleSection\":[\"Aplicativos\"],\"inLanguage\":\"sq\"},{\"@type\":\"WebPage\",\"@id\":\"https:\\\/\\\/blog.racksweekend.com.br\\\/1284\\\/como-mudar-o-papel-de-parede-do-instagram\\\/\",\"url\":\"https:\\\/\\\/blog.racksweekend.com.br\\\/1284\\\/como-mudar-o-papel-de-parede-do-instagram\\\/\",\"name\":\"Como Mudar o Papel de Parede do Instagram - Blog Racks\",\"isPartOf\":{\"@id\":\"https:\\\/\\\/blog.racksweekend.com.br\\\/#website\"},\"datePublished\":\"2025-04-08T12:15:04+00:00\",\"dateModified\":\"2025-04-22T14:17:29+00:00\",\"description\":\"Descubra Agora Como Mudar o Papel de Parede do Instagram: Guia Completo para Personalizar Seu App, Leia Este Artigo e Mude Agora Mesmo.\",\"breadcrumb\":{\"@id\":\"https:\\\/\\\/blog.racksweekend.com.br\\\/1284\\\/como-mudar-o-papel-de-parede-do-instagram\\\/#breadcrumb\"},\"inLanguage\":\"sq\",\"potentialAction\":[{\"@type\":\"ReadAction\",\"target\":[\"https:\\\/\\\/blog.racksweekend.com.br\\\/1284\\\/como-mudar-o-papel-de-parede-do-instagram\\\/\"]}]},{\"@type\":\"BreadcrumbList\",\"@id\":\"https:\\\/\\\/blog.racksweekend.com.br\\\/1284\\\/como-mudar-o-papel-de-parede-do-instagram\\\/#breadcrumb\",\"itemListElement\":[{\"@type\":\"ListItem\",\"position\":1,\"name\":\"Home\",\"item\":\"https:\\\/\\\/blog.racksweekend.com.br\\\/\"},{\"@type\":\"ListItem\",\"position\":2,\"name\":\"Como Mudar o Papel de Parede do Instagram\"}]},{\"@type\":\"WebSite\",\"@id\":\"https:\\\/\\\/blog.racksweekend.com.br\\\/#website\",\"url\":\"https:\\\/\\\/blog.racksweekend.com.br\\\/\",\"name\":\"Blog Racks\",\"description\":\"Weekend\",\"publisher\":{\"@id\":\"https:\\\/\\\/blog.racksweekend.com.br\\\/#organization\"},\"potentialAction\":[{\"@type\":\"SearchAction\",\"target\":{\"@type\":\"EntryPoint\",\"urlTemplate\":\"https:\\\/\\\/blog.racksweekend.com.br\\\/?s={search_term_string}\"},\"query-input\":{\"@type\":\"PropertyValueSpecification\",\"valueRequired\":true,\"valueName\":\"search_term_string\"}}],\"inLanguage\":\"sq\"},{\"@type\":\"Organization\",\"@id\":\"https:\\\/\\\/blog.racksweekend.com.br\\\/#organization\",\"name\":\"Blog Racks\",\"url\":\"https:\\\/\\\/blog.racksweekend.com.br\\\/\",\"logo\":{\"@type\":\"ImageObject\",\"inLanguage\":\"sq\",\"@id\":\"https:\\\/\\\/blog.racksweekend.com.br\\\/#\\\/schema\\\/logo\\\/image\\\/\",\"url\":\"https:\\\/\\\/blog.racksweekend.com.br\\\/wp-content\\\/uploads\\\/2024\\\/02\\\/cropped-BLOG.png\",\"contentUrl\":\"https:\\\/\\\/blog.racksweekend.com.br\\\/wp-content\\\/uploads\\\/2024\\\/02\\\/cropped-BLOG.png\",\"width\":1248,\"height\":771,\"caption\":\"Blog Racks\"},\"image\":{\"@id\":\"https:\\\/\\\/blog.racksweekend.com.br\\\/#\\\/schema\\\/logo\\\/image\\\/\"}},{\"@type\":\"Person\",\"@id\":\"https:\\\/\\\/blog.racksweekend.com.br\\\/#\\\/schema\\\/person\\\/e8bce98e1bb2740907d9d40f82cee71b\",\"name\":\"Isaac\",\"image\":{\"@type\":\"ImageObject\",\"inLanguage\":\"sq\",\"@id\":\"https:\\\/\\\/blog.racksweekend.com.br\\\/wp-content\\\/litespeed\\\/avatar\\\/394da628e0e367b1790570a93fe58e9b.jpg?ver=1788362658\",\"url\":\"https:\\\/\\\/blog.racksweekend.com.br\\\/wp-content\\\/litespeed\\\/avatar\\\/394da628e0e367b1790570a93fe58e9b.jpg?ver=1788362658\",\"contentUrl\":\"https:\\\/\\\/blog.racksweekend.com.br\\\/wp-content\\\/litespeed\\\/avatar\\\/394da628e0e367b1790570a93fe58e9b.jpg?ver=1788362658\",\"caption\":\"Isaac\"},\"url\":\"https:\\\/\\\/blog.racksweekend.com.br\\\/sq\\\/author\\\/isaac\\\/\"}]}<\/script>\n<!-- \/ Yoast SEO plugin. -->","yoast_head_json":{"title":"Como Mudar o Papel de Parede do Instagram - Blog Racks","description":"Descubra Agora Como Mudar o Papel de Parede do Instagram: Guia Completo para Personalizar Seu App, Leia Este Artigo e Mude Agora Mesmo.","robots":{"index":"index","follow":"follow","max-snippet":"max-snippet:-1","max-image-preview":"max-image-preview:large","max-video-preview":"max-video-preview:-1"},"canonical":"https:\/\/blog.racksweekend.com.br\/sq\/1284\/como-mudar-o-papel-de-parede-do-instagram\/","og_locale":"sq_AL","og_type":"article","og_title":"Como Mudar o Papel de Parede do Instagram - Blog Racks","og_description":"Descubra Agora Como Mudar o Papel de Parede do Instagram: Guia Completo para Personalizar Seu App, Leia Este Artigo e Mude Agora Mesmo.","og_url":"https:\/\/blog.racksweekend.com.br\/sq\/1284\/como-mudar-o-papel-de-parede-do-instagram\/","og_site_name":"Blog Racks","article_published_time":"2025-04-08T12:15:04+00:00","article_modified_time":"2025-04-22T14:17:29+00:00","author":"Isaac","twitter_card":"summary_large_image","twitter_misc":{"Written by":"Isaac","Est. reading time":"5 minuta"},"schema":{"@context":"https:\/\/schema.org","@graph":[{"@type":"Article","@id":"https:\/\/blog.racksweekend.com.br\/1284\/como-mudar-o-papel-de-parede-do-instagram\/#article","isPartOf":{"@id":"https:\/\/blog.racksweekend.com.br\/1284\/como-mudar-o-papel-de-parede-do-instagram\/"},"author":{"name":"Isaac","@id":"https:\/\/blog.racksweekend.com.br\/#\/schema\/person\/e8bce98e1bb2740907d9d40f82cee71b"},"headline":"Como Mudar o Papel de Parede do Instagram","datePublished":"2025-04-08T12:15:04+00:00","dateModified":"2025-04-22T14:17:29+00:00","mainEntityOfPage":{"@id":"https:\/\/blog.racksweekend.com.br\/1284\/como-mudar-o-papel-de-parede-do-instagram\/"},"wordCount":791,"publisher":{"@id":"https:\/\/blog.racksweekend.com.br\/#organization"},"keywords":["aplicativo gr\u00e1tis","baixar gr\u00e1tis","Como Mudar o Papel de Parede do Instagram","instagram","papel de parede","tutorial"],"articleSection":["Aplicativos"],"inLanguage":"sq"},{"@type":"WebPage","@id":"https:\/\/blog.racksweekend.com.br\/1284\/como-mudar-o-papel-de-parede-do-instagram\/","url":"https:\/\/blog.racksweekend.com.br\/1284\/como-mudar-o-papel-de-parede-do-instagram\/","name":"Como Mudar o Papel de Parede do Instagram - Blog Racks","isPartOf":{"@id":"https:\/\/blog.racksweekend.com.br\/#website"},"datePublished":"2025-04-08T12:15:04+00:00","dateModified":"2025-04-22T14:17:29+00:00","description":"Descubra Agora Como Mudar o Papel de Parede do Instagram: Guia Completo para Personalizar Seu App, Leia Este Artigo e Mude Agora Mesmo.","breadcrumb":{"@id":"https:\/\/blog.racksweekend.com.br\/1284\/como-mudar-o-papel-de-parede-do-instagram\/#breadcrumb"},"inLanguage":"sq","potentialAction":[{"@type":"ReadAction","target":["https:\/\/blog.racksweekend.com.br\/1284\/como-mudar-o-papel-de-parede-do-instagram\/"]}]},{"@type":"BreadcrumbList","@id":"https:\/\/blog.racksweekend.com.br\/1284\/como-mudar-o-papel-de-parede-do-instagram\/#breadcrumb","itemListElement":[{"@type":"ListItem","position":1,"name":"Home","item":"https:\/\/blog.racksweekend.com.br\/"},{"@type":"ListItem","position":2,"name":"Como Mudar o Papel de Parede do Instagram"}]},{"@type":"WebSite","@id":"https:\/\/blog.racksweekend.com.br\/#website","url":"https:\/\/blog.racksweekend.com.br\/","name":"Raftet e blogut","description":"Fundjav\u00eb","publisher":{"@id":"https:\/\/blog.racksweekend.com.br\/#organization"},"potentialAction":[{"@type":"SearchAction","target":{"@type":"EntryPoint","urlTemplate":"https:\/\/blog.racksweekend.com.br\/?s={search_term_string}"},"query-input":{"@type":"PropertyValueSpecification","valueRequired":true,"valueName":"search_term_string"}}],"inLanguage":"sq"},{"@type":"Organization","@id":"https:\/\/blog.racksweekend.com.br\/#organization","name":"Raftet e blogut","url":"https:\/\/blog.racksweekend.com.br\/","logo":{"@type":"ImageObject","inLanguage":"sq","@id":"https:\/\/blog.racksweekend.com.br\/#\/schema\/logo\/image\/","url":"https:\/\/blog.racksweekend.com.br\/wp-content\/uploads\/2024\/02\/cropped-BLOG.png","contentUrl":"https:\/\/blog.racksweekend.com.br\/wp-content\/uploads\/2024\/02\/cropped-BLOG.png","width":1248,"height":771,"caption":"Blog Racks"},"image":{"@id":"https:\/\/blog.racksweekend.com.br\/#\/schema\/logo\/image\/"}},{"@type":"Person","@id":"https:\/\/blog.racksweekend.com.br\/#\/schema\/person\/e8bce98e1bb2740907d9d40f82cee71b","name":"Isaac","image":{"@type":"ImageObject","inLanguage":"sq","@id":"https:\/\/blog.racksweekend.com.br\/wp-content\/litespeed\/avatar\/394da628e0e367b1790570a93fe58e9b.jpg?ver=1788362658","url":"https:\/\/blog.racksweekend.com.br\/wp-content\/litespeed\/avatar\/394da628e0e367b1790570a93fe58e9b.jpg?ver=1788362658","contentUrl":"https:\/\/blog.racksweekend.com.br\/wp-content\/litespeed\/avatar\/394da628e0e367b1790570a93fe58e9b.jpg?ver=1788362658","caption":"Isaac"},"url":"https:\/\/blog.racksweekend.com.br\/sq\/author\/isaac\/"}]}},"_links":{"self":[{"href":"https:\/\/blog.racksweekend.com.br\/sq\/wp-json\/wp\/v2\/posts\/1284","targetHints":{"allow":["GET"]}}],"collection":[{"href":"https:\/\/blog.racksweekend.com.br\/sq\/wp-json\/wp\/v2\/posts"}],"about":[{"href":"https:\/\/blog.racksweekend.com.br\/sq\/wp-json\/wp\/v2\/types\/post"}],"author":[{"embeddable":true,"href":"https:\/\/blog.racksweekend.com.br\/sq\/wp-json\/wp\/v2\/users\/11"}],"replies":[{"embeddable":true,"href":"https:\/\/blog.racksweekend.com.br\/sq\/wp-json\/wp\/v2\/comments?post=1284"}],"version-history":[{"count":4,"href":"https:\/\/blog.racksweekend.com.br\/sq\/wp-json\/wp\/v2\/posts\/1284\/revisions"}],"predecessor-version":[{"id":1299,"href":"https:\/\/blog.racksweekend.com.br\/sq\/wp-json\/wp\/v2\/posts\/1284\/revisions\/1299"}],"wp:attachment":[{"href":"https:\/\/blog.racksweekend.com.br\/sq\/wp-json\/wp\/v2\/media?parent=1284"}],"wp:term":[{"taxonomy":"category","embeddable":true,"href":"https:\/\/blog.racksweekend.com.br\/sq\/wp-json\/wp\/v2\/categories?post=1284"},{"taxonomy":"post_tag","embeddable":true,"href":"https:\/\/blog.racksweekend.com.br\/sq\/wp-json\/wp\/v2\/tags?post=1284"}],"curies":[{"name":"wp","href":"https:\/\/api.w.org\/{rel}","templated":true}]}}