{"id":211,"date":"2024-02-15T15:37:50","date_gmt":"2024-02-15T15:37:50","guid":{"rendered":"https:\/\/blog.racksweekend.com.br\/?p=211"},"modified":"2024-02-15T18:15:29","modified_gmt":"2024-02-15T18:15:29","slug":"destinos-no-brasil-para-quem-nao-quer-praia","status":"publish","type":"post","link":"https:\/\/blog.racksweekend.com.br\/sq\/211\/destinos-no-brasil-para-quem-nao-quer-praia\/","title":{"rendered":"Destinacione n\u00eb Brazil p\u00ebr ata q\u00eb nuk duan plazhe"},"content":{"rendered":"<p>N\u00ebse, ashtu si un\u00eb, nuk jeni nj\u00eb adhurues i madh i ujit t\u00eb kripur dhe r\u00ebr\u00ebs n\u00eb t\u00eb gjith\u00eb trupin, shikoni... <strong>Destinacione n\u00eb Brazil p\u00ebr ata q\u00eb nuk duan plazhe<\/strong>.<\/p>\n\n\n\n<p>Sigurisht, nd\u00ebrsa plazhet e Brazilit jan\u00eb t\u00eb famshme n\u00eb bot\u00eb p\u00ebr bukurin\u00eb e tyre mahnit\u00ebse dhe <strong>klim\u00eb tropikale<\/strong>, Vendi ofron gjithashtu nj\u00eb mori destinacionesh t\u00eb tjera t\u00eb pabesueshme.<\/p>\n\n\n\n<p>Sepse ka nga ata q\u00eb preferojn\u00eb t\u00eb eksplorojn\u00eb destinacione t\u00eb tjera, si n\u00eb <strong>vende historike<\/strong>, si <strong>p\u00ebrvoja gastronomike<\/strong>. <\/p>\n\n\n\n<p>Pra, pavar\u00ebsisht destinacionit, nga <strong>Oiapoque <\/strong>p\u00ebr <strong>\u00c7ui<\/strong>, Gjithmon\u00eb ka di\u00e7ka p\u00ebr t\u00eb gjith\u00eb n\u00eb Brazil.<\/p>\n\n\n\n<p> N\u00eb k\u00ebt\u00eb udh\u00ebzues, do t\u00eb nxjerrim n\u00eb pah disa nga <strong>vendet m\u00eb t\u00eb mira n\u00eb Brazil<\/strong> P\u00ebr ata q\u00eb nuk duan vet\u00ebm t\u00eb relaksohen n\u00eb plazh, por d\u00ebshirojn\u00eb t\u00eb eksplorojn\u00eb aspekte t\u00eb tjera t\u00eb k\u00ebtij vendi t\u00eb larmish\u00ebm dhe magjeps\u00ebs.<\/p>\n\n\n\n<h2 class=\"wp-block-heading\">1. Chapada Diamantina, Bahia:<\/h2>\n\n\n\n<p>E vendosur n\u00eb zem\u00ebr t\u00eb <strong>Bahia<\/strong>nj\u00eb <strong>\u00c7apada Diamantina<\/strong> \u00cbsht\u00eb nj\u00eb rajon i <strong>bukuri mahnit\u00ebse natyrore<\/strong>, me <strong>kanione<\/strong>, <strong>uj\u00ebvara<\/strong>, <strong>shpella <\/strong>dhe <strong>peizazhe malore<\/strong> Mbres\u00ebl\u00ebn\u00ebse. <\/p>\n\n\n\n<p>K\u00ebshtu, vizitor\u00ebt mund t\u00eb eksplorojn\u00eb <strong>shtigje piktoreske<\/strong>,<strong> not n\u00eb pishina me uj\u00eb kristalor<\/strong>, dhe admiroj <strong>pamje panoramike spektakolare<\/strong>. <\/p>\n\n\n\n<p>P\u00ebr m\u00eb tep\u00ebr, <strong>\u00c7apada Diamantina<\/strong> ajo strehon nj\u00eb <strong>biodiversitet i pasur<\/strong>, me nj\u00eb larmi speciesh t\u00eb flor\u00ebs dhe faun\u00ebs, duke e b\u00ebr\u00eb at\u00eb nj\u00eb destinacion <strong>Nj\u00eb vend q\u00eb duhet ta shohin adhuruesit e natyr\u00ebs.<\/strong>.<\/p>\n\n\n\n<h2 class=\"wp-block-heading\">2. Pantanal, Mato Grosso dhe Mato Grosso do Sul:<\/h2>\n\n\n\n<p>E konsideruar k\u00ebneta tropikale m\u00eb e madhe n\u00eb bot\u00eb, <strong>Pantanal <\/strong>\u00cbsht\u00eb nj\u00eb parajs\u00eb p\u00ebr dashamir\u00ebsit e jet\u00ebs s\u00eb eg\u00ebr dhe v\u00ebzhguesit e zogjve. <\/p>\n\n\n\n<p>N\u00eb fund t\u00eb fundit, kjo zon\u00eb e gjer\u00eb me fusha dhe savana t\u00eb p\u00ebrmbytura \u00ebsht\u00eb sht\u00ebpia e nj\u00eb larmie t\u00eb jasht\u00ebzakonshme kafsh\u00ebsh, duke p\u00ebrfshir\u00eb <strong>aligator\u00eb<\/strong>, <strong>kapibara<\/strong>, <strong>jaguar\u00eb <\/strong>dhe nj\u00eb shum\u00ebllojshm\u00ebri t\u00eb <strong>zogj ekzotik\u00eb<\/strong>. <\/p>\n\n\n\n<p>Meqen\u00ebse vizitor\u00ebt mund t\u00eb eksplorojn\u00eb <strong>Safari me vark\u00eb n\u00eb Pantanal<\/strong>, ecje n\u00eb natyr\u00eb dhe <strong>kal\u00ebrim<\/strong>, ...dhe shijoni nj\u00eb p\u00ebrvoj\u00eb unike n\u00eb kontakt me natyr\u00ebn e eg\u00ebr.<\/p>\n\n\n\n<h2 class=\"wp-block-heading\">3. Ouro Preto, Minas Gerais:<\/h2>\n\n\n\n<p>Me arkitektur\u00ebn e saj koloniale t\u00eb ruajtur mir\u00eb dhe historin\u00eb e pasur kulturore, <strong>Ari i Zi<\/strong> \u00cbsht\u00eb nj\u00eb xhevahir i periudh\u00ebs koloniale braziliane. <\/p>\n\n\n\n<p>K\u00ebshtu, ky qytet historik, i vendosur n\u00eb shtetin e <strong>Minas Gerais<\/strong>, \u00ebsht\u00eb i famsh\u00ebm p\u00ebr t\u00eb <strong>Kishat baroke<\/strong>, rrug\u00eb me kalldr\u00ebm dhe <strong>muze interesante<\/strong>. <\/p>\n\n\n\n<figure class=\"wp-block-image size-large\"><img fetchpriority=\"high\" decoding=\"async\" width=\"1024\" height=\"683\" src=\"https:\/\/blog.racksweekend.com.br\/wp-content\/uploads\/2024\/02\/ouro-preto-praca-tiradentes-1024x683.webp\" alt=\"\" class=\"wp-image-242\" style=\"aspect-ratio:16\/9;object-fit:cover\" srcset=\"https:\/\/blog.racksweekend.com.br\/wp-content\/uploads\/2024\/02\/ouro-preto-praca-tiradentes-1024x683.webp 1024w, https:\/\/blog.racksweekend.com.br\/wp-content\/uploads\/2024\/02\/ouro-preto-praca-tiradentes-300x200.webp 300w, https:\/\/blog.racksweekend.com.br\/wp-content\/uploads\/2024\/02\/ouro-preto-praca-tiradentes-768x512.webp 768w, https:\/\/blog.racksweekend.com.br\/wp-content\/uploads\/2024\/02\/ouro-preto-praca-tiradentes-1536x1024.webp 1536w, https:\/\/blog.racksweekend.com.br\/wp-content\/uploads\/2024\/02\/ouro-preto-praca-tiradentes-18x12.webp 18w, https:\/\/blog.racksweekend.com.br\/wp-content\/uploads\/2024\/02\/ouro-preto-praca-tiradentes-90x60.webp 90w, https:\/\/blog.racksweekend.com.br\/wp-content\/uploads\/2024\/02\/ouro-preto-praca-tiradentes.webp 1800w\" sizes=\"(max-width: 1024px) 100vw, 1024px\" \/><figcaption class=\"wp-element-caption\">Sheshi Tiradentes \u2013 Ouro Preto<\/figcaption><\/figure>\n\n\n\n<p>Vizitor\u00ebt mund t\u00eb eksplorojn\u00eb<strong> monumentet historike t\u00eb qytetit<\/strong>, m\u00ebsoni rreth minierave t\u00eb arit n\u00eb rajon dhe <strong>P\u00ebrjetoni kultur\u00ebn e Minas Gerais p\u00ebrmes kuzhin\u00ebs dhe artizanatit t\u00eb saj.<\/strong>.<\/p>\n\n\n\n<h2 class=\"wp-block-heading\">4. Gramado dhe Canela, Rio Grande do Sul:<\/h2>\n\n\n\n<p>E vendosur n\u00eb zon\u00ebn malore t\u00eb <strong>Rio Grande do Sul<\/strong>, qytetet e <strong>L\u00ebndin\u00eb <\/strong>dhe <strong>Kanell\u00eb <\/strong>Ato jan\u00eb destinacione simpatike t\u00eb njohura p\u00ebr <strong>Arkitektura evropiane dhe klima e ftoht\u00eb<\/strong>. <\/p>\n\n\n\n<p>Sepse, gjat\u00eb dimrit, k\u00ebto qytete transformohen n\u00eb <strong>nj\u00eb parajs\u00eb e Krishtlindjeve<\/strong>, me dekorime festive, tregje Krishtlindjesh dhe <strong>festivalet e dimrit<\/strong>. <\/p>\n\n\n\n<figure class=\"wp-block-image size-large\"><img decoding=\"async\" width=\"1024\" height=\"768\" src=\"https:\/\/blog.racksweekend.com.br\/wp-content\/uploads\/2024\/02\/Gramado-Rio-Grande-do-Sul-Brasil-Marden-Couto-42-1024x768.webp\" alt=\"\" class=\"wp-image-243\" style=\"aspect-ratio:16\/9;object-fit:cover\" srcset=\"https:\/\/blog.racksweekend.com.br\/wp-content\/uploads\/2024\/02\/Gramado-Rio-Grande-do-Sul-Brasil-Marden-Couto-42-1024x768.webp 1024w, https:\/\/blog.racksweekend.com.br\/wp-content\/uploads\/2024\/02\/Gramado-Rio-Grande-do-Sul-Brasil-Marden-Couto-42-300x225.webp 300w, https:\/\/blog.racksweekend.com.br\/wp-content\/uploads\/2024\/02\/Gramado-Rio-Grande-do-Sul-Brasil-Marden-Couto-42-768x576.webp 768w, https:\/\/blog.racksweekend.com.br\/wp-content\/uploads\/2024\/02\/Gramado-Rio-Grande-do-Sul-Brasil-Marden-Couto-42-1536x1152.webp 1536w, https:\/\/blog.racksweekend.com.br\/wp-content\/uploads\/2024\/02\/Gramado-Rio-Grande-do-Sul-Brasil-Marden-Couto-42-16x12.webp 16w, https:\/\/blog.racksweekend.com.br\/wp-content\/uploads\/2024\/02\/Gramado-Rio-Grande-do-Sul-Brasil-Marden-Couto-42-80x60.webp 80w, https:\/\/blog.racksweekend.com.br\/wp-content\/uploads\/2024\/02\/Gramado-Rio-Grande-do-Sul-Brasil-Marden-Couto-42.webp 1980w\" sizes=\"(max-width: 1024px) 100vw, 1024px\" \/><figcaption class=\"wp-element-caption\">Hyrja e qytetit \u2013 Gramado<\/figcaption><\/figure>\n\n\n\n<p>P\u00ebrve\u00e7 k\u00ebsaj, vizitor\u00ebt mund t\u00eb shijojn\u00eb nj\u00eb s\u00ebr\u00eb aktivitetesh, si p.sh.<strong> udh\u00ebtime me tren<\/strong>, <strong>degustacione ver\u00ebrash<\/strong> dhe <strong>Ecje n\u00eb shtigje natyrore<\/strong>.<\/p>\n\n\n\n<h2 class=\"wp-block-heading\">5. Jalap\u00e3o, Tocantins:<\/h2>\n\n\n\n<p>I njohur si &quot;\u201c<strong>Shkret\u00ebtira Jalap\u00e3o<\/strong>\u201c&quot;Ky rajon i larg\u00ebt dhe i paprekur \u00ebsht\u00eb nj\u00eb parajs\u00eb p\u00ebr dashamir\u00ebsit e natyr\u00ebs dhe entuziast\u00ebt e sporteve ekstreme.&quot;. <\/p>\n\n\n\n<p>K\u00ebshtu, me t\u00eb tyren<strong> dunat e r\u00ebr\u00ebs s\u00eb art\u00eb<\/strong>, formacione unike shk\u00ebmbore dhe <strong>lumenj me uj\u00eb t\u00eb kristalt\u00eb<\/strong>.<\/p>\n\n\n\n<p>Megjithat\u00eb, <strong>Jalap\u00e3o <\/strong>ofron nj\u00eb s\u00ebr\u00eb aktivitetesh interesante, si p.sh. <strong>ecje n\u00eb natyr\u00eb<\/strong>, <strong>ngjitje me rapell<\/strong>, <strong>kanoe <\/strong>dhe <strong>safari fotografik<\/strong>. <\/p>\n\n\n\n<p>P\u00ebrve\u00e7 k\u00ebsaj, vizitor\u00ebt mund t\u00eb pushojn\u00eb n\u00eb <strong>pishina natyrore<\/strong>, eksploro <strong>uj\u00ebvara t\u00eb fshehura<\/strong> dhe <strong>kamping n\u00ebn nj\u00eb qiell me yje<\/strong>, duke e b\u00ebr\u00eb <strong>Jalap\u00e3o <\/strong>Nj\u00eb destinacion v\u00ebrtet i paharruesh\u00ebm p\u00ebr aventura.<\/p>\n\n\n\n<h2 class=\"wp-block-heading\">6. Bonito, Mato Grosso do Sul:<\/h2>\n\n\n\n<p><strong>E bukur<\/strong>, n\u00eb shtetin e <strong>Mato Grosso do Sul<\/strong>, \u00cbsht\u00eb nj\u00eb destinacion q\u00eb duhet vizituar patjet\u00ebr nga dashamir\u00ebsit e natyr\u00ebs dhe aventur\u00ebs. <\/p>\n\n\n\n<p>Sepse \u00ebsht\u00eb i njohur p\u00ebr t\u00eb <strong>uj\u00ebra kristalore<\/strong>, <strong>uj\u00ebvara mahnit\u00ebse<\/strong> dhe <strong>shpella n\u00ebnujore<\/strong>, Ky rajon ofron nj\u00eb s\u00ebr\u00eb aktivitetesh interesante p\u00ebr vizitor\u00ebt. <\/p>\n\n\n\n<p>P\u00ebrve\u00e7 k\u00ebsaj, udh\u00ebtar\u00ebt mund t\u00eb eksplorojn\u00eb lumenjt\u00eb dhe liqenet e rajonit n\u00eb <strong>ture lundruese<\/strong>i, <strong>zhytje me mask\u00eb<\/strong> dhe <strong>Zhytje me pajisje<\/strong>, ...dhe admironi jet\u00ebn e pasur dhe unike detare. <\/p>\n\n\n\n<figure class=\"wp-block-image size-large\"><img decoding=\"async\" width=\"1024\" height=\"683\" src=\"https:\/\/blog.racksweekend.com.br\/wp-content\/uploads\/2024\/02\/1200px-Abismo_Anhumas_Bonito_MS-1024x683.webp\" alt=\"\" class=\"wp-image-244\" style=\"aspect-ratio:16\/9;object-fit:cover\" srcset=\"https:\/\/blog.racksweekend.com.br\/wp-content\/uploads\/2024\/02\/1200px-Abismo_Anhumas_Bonito_MS-1024x683.webp 1024w, https:\/\/blog.racksweekend.com.br\/wp-content\/uploads\/2024\/02\/1200px-Abismo_Anhumas_Bonito_MS-300x200.webp 300w, https:\/\/blog.racksweekend.com.br\/wp-content\/uploads\/2024\/02\/1200px-Abismo_Anhumas_Bonito_MS-768x512.webp 768w, https:\/\/blog.racksweekend.com.br\/wp-content\/uploads\/2024\/02\/1200px-Abismo_Anhumas_Bonito_MS-18x12.webp 18w, https:\/\/blog.racksweekend.com.br\/wp-content\/uploads\/2024\/02\/1200px-Abismo_Anhumas_Bonito_MS-90x60.webp 90w, https:\/\/blog.racksweekend.com.br\/wp-content\/uploads\/2024\/02\/1200px-Abismo_Anhumas_Bonito_MS.webp 1200w\" sizes=\"(max-width: 1024px) 100vw, 1024px\" \/><figcaption class=\"wp-element-caption\">Anhumas Abyss \u2013 Bonito<\/figcaption><\/figure>\n\n\n\n<p>Megjithat\u00eb, me bukurin\u00eb e saj natyrore t\u00eb paprekur dhe p\u00ebrvojat unike, <strong>E bukur <\/strong>\u00cbsht\u00eb nj\u00eb destinacion udh\u00ebtimi q\u00eb i mahnit vizitor\u00ebt me... <strong>atmosfer\u00eb magjike dhe magjeps\u00ebse<\/strong>.<\/p>\n\n\n\n<figure class=\"wp-block-pullquote\"><blockquote><p><a href=\"https:\/\/blog.racksweekend.com.br\/sq\/210\/destinos-de-viagem-para-amantes-do-inverno\/\">Destinacione udh\u00ebtimi p\u00ebr dashamir\u00ebsit e dimrit<\/a><\/p><cite>E RE<\/cite><\/blockquote><\/figure>\n\n\n\n<h2 class=\"wp-block-heading\">P\u00ebrfundim: Zbuloni Diversitetin e Brazilit P\u00ebrtej Plazheve<\/h2>\n\n\n\n<p>M\u00eb n\u00eb fund, nd\u00ebrsa <strong>plazhet e Brazilit<\/strong> Ato jan\u00eb padyshim t\u00eb bukura dhe vendi ofron nj\u00eb mori destinacionesh alternative q\u00eb jan\u00eb po aq t\u00eb denja p\u00ebr t\u2019u eksploruar. <\/p>\n\n\n\n<p>N\u00eb fund t\u00eb fundit, n\u00ebse preferoni <strong>peizazhe malore<\/strong>, <strong>kafsh\u00eb t\u00eb egra t\u00eb harlisura<\/strong>, <strong>arkitektur\u00eb historike<\/strong> ose <strong>aventura n\u00eb natyr\u00eb<\/strong>, Brazili ka di\u00e7ka p\u00ebr t\u00eb gjith\u00eb. <\/p>\n\n\n\n<p>Pra, her\u00ebn tjet\u00ebr q\u00eb planifikoni nj\u00eb udh\u00ebtim n\u00eb Brazil, merrni n\u00eb konsiderat\u00eb eksplorimin e disa prej k\u00ebtyre destinacioneve q\u00eb nuk duhet humbur dhe zbulimin e diversitetit dhe bukuris\u00eb s\u00eb k\u00ebtij vendi magjeps\u00ebs.<\/p>","protected":false},"excerpt":{"rendered":"<p>N\u00ebse, ashtu si un\u00eb, nuk jeni adhurues i ujit t\u00eb kripur dhe r\u00ebr\u00ebs n\u00eb t\u00eb gjith\u00eb trupin, shikoni Destinacionet n\u00eb Brazil p\u00ebr Ata q\u00eb Nuk Duan Plazhin. Sigurisht, nd\u00ebrsa plazhet e Brazilit jan\u00eb t\u00eb famshme n\u00eb bot\u00eb p\u00ebr bukurin\u00eb e tyre mahnit\u00ebse dhe klim\u00ebn tropikale, vendi ofron edhe nj\u00eb mori destinacionesh t\u00eb tjera t\u00eb pabesueshme. Epo, \u2026 <\/p>","protected":false},"author":1,"featured_media":241,"comment_status":"closed","ping_status":"open","sticky":false,"template":"","format":"standard","meta":{"footnotes":""},"categories":[185],"tags":[177,176,164,169,175,166,173,171,174,170,168],"class_list":["post-211","post","type-post","status-publish","format-standard","has-post-thumbnail","hentry","category-viagens-nacionais","tag-bahia","tag-chapada-diamantina","tag-destinos-no-brasil-para-quem-nao-quer-praia","tag-gramado-e-canela","tag-mato-grosso","tag-mato-grosso-do-sul","tag-minas-gerais","tag-ouro-preto","tag-pantanal","tag-rio-grande-do-sul","tag-tocantins","latest_post"],"yoast_head":"<!-- This site is optimized with the Yoast SEO plugin v27.1.1 - https:\/\/yoast.com\/product\/yoast-seo-wordpress\/ -->\n<title>Destinos no Brasil para Quem N\u00e3o Quer Praia - Blog Racks<\/title>\n<meta name=\"description\" content=\"Se assim como eu voc\u00ea n\u00e3o \u00e9 muito f\u00e3 de agua salgada e areia por todo o corpo, conhe\u00e7a os Destinos no Brasil para Quem N\u00e3o Quer Praia.\" \/>\n<meta name=\"robots\" content=\"index, follow, max-snippet:-1, max-image-preview:large, max-video-preview:-1\" \/>\n<link rel=\"canonical\" href=\"https:\/\/blog.racksweekend.com.br\/sq\/211\/destinos-no-brasil-para-quem-nao-quer-praia\/\" \/>\n<meta property=\"og:locale\" content=\"sq_AL\" \/>\n<meta property=\"og:type\" content=\"article\" \/>\n<meta property=\"og:title\" content=\"Destinos no Brasil para Quem N\u00e3o Quer Praia - Blog Racks\" \/>\n<meta property=\"og:description\" content=\"Se assim como eu voc\u00ea n\u00e3o \u00e9 muito f\u00e3 de agua salgada e areia por todo o corpo, conhe\u00e7a os Destinos no Brasil para Quem N\u00e3o Quer Praia.\" \/>\n<meta property=\"og:url\" content=\"https:\/\/blog.racksweekend.com.br\/sq\/211\/destinos-no-brasil-para-quem-nao-quer-praia\/\" \/>\n<meta property=\"og:site_name\" content=\"Blog Racks\" \/>\n<meta property=\"article:published_time\" content=\"2024-02-15T15:37:50+00:00\" \/>\n<meta property=\"article:modified_time\" content=\"2024-02-15T18:15:29+00:00\" \/>\n<meta property=\"og:image\" content=\"https:\/\/blog.racksweekend.com.br\/wp-content\/uploads\/2024\/02\/Duna-Dourada-scaled-1.webp\" \/>\n\t<meta property=\"og:image:width\" content=\"1000\" \/>\n\t<meta property=\"og:image:height\" content=\"800\" \/>\n\t<meta property=\"og:image:type\" content=\"image\/webp\" \/>\n<meta name=\"author\" content=\"admin\" \/>\n<meta name=\"twitter:card\" content=\"summary_large_image\" \/>\n<meta name=\"twitter:label1\" content=\"Written by\" \/>\n\t<meta name=\"twitter:data1\" content=\"admin\" \/>\n\t<meta name=\"twitter:label2\" content=\"Est. reading time\" \/>\n\t<meta name=\"twitter:data2\" content=\"5 minuta\" \/>\n<script type=\"application\/ld+json\" class=\"yoast-schema-graph\">{\"@context\":\"https:\/\/schema.org\",\"@graph\":[{\"@type\":\"Article\",\"@id\":\"https:\/\/blog.racksweekend.com.br\/211\/destinos-no-brasil-para-quem-nao-quer-praia\/#article\",\"isPartOf\":{\"@id\":\"https:\/\/blog.racksweekend.com.br\/211\/destinos-no-brasil-para-quem-nao-quer-praia\/\"},\"author\":{\"name\":\"admin\",\"@id\":\"https:\/\/blog.racksweekend.com.br\/en\/#\/schema\/person\/b505dffaec1ce6ec9c47ca74400f2167\"},\"headline\":\"Destinos no Brasil para Quem N\u00e3o Quer Praia\",\"datePublished\":\"2024-02-15T15:37:50+00:00\",\"dateModified\":\"2024-02-15T18:15:29+00:00\",\"mainEntityOfPage\":{\"@id\":\"https:\/\/blog.racksweekend.com.br\/211\/destinos-no-brasil-para-quem-nao-quer-praia\/\"},\"wordCount\":797,\"publisher\":{\"@id\":\"https:\/\/blog.racksweekend.com.br\/en\/#organization\"},\"image\":{\"@id\":\"https:\/\/blog.racksweekend.com.br\/211\/destinos-no-brasil-para-quem-nao-quer-praia\/#primaryimage\"},\"thumbnailUrl\":\"https:\/\/blog.racksweekend.com.br\/wp-content\/uploads\/2024\/02\/Duna-Dourada-scaled-1.webp\",\"keywords\":[\"Bahia\",\"Chapada Diamantina\",\"Destinos no Brasil para Quem N\u00e3o Quer Praia\",\"Gramado e Canela\",\"Mato Grosso\",\"Mato Grosso do Sul\",\"Minas Gerais\",\"Ouro Preto\",\"Pantanal\",\"Rio Grande do Sul\",\"Tocantins\"],\"articleSection\":[\"Viagens Nacionais\"],\"inLanguage\":\"sq\"},{\"@type\":\"WebPage\",\"@id\":\"https:\/\/blog.racksweekend.com.br\/211\/destinos-no-brasil-para-quem-nao-quer-praia\/\",\"url\":\"https:\/\/blog.racksweekend.com.br\/211\/destinos-no-brasil-para-quem-nao-quer-praia\/\",\"name\":\"Destinos no Brasil para Quem N\u00e3o Quer Praia - Blog Racks\",\"isPartOf\":{\"@id\":\"https:\/\/blog.racksweekend.com.br\/en\/#website\"},\"primaryImageOfPage\":{\"@id\":\"https:\/\/blog.racksweekend.com.br\/211\/destinos-no-brasil-para-quem-nao-quer-praia\/#primaryimage\"},\"image\":{\"@id\":\"https:\/\/blog.racksweekend.com.br\/211\/destinos-no-brasil-para-quem-nao-quer-praia\/#primaryimage\"},\"thumbnailUrl\":\"https:\/\/blog.racksweekend.com.br\/wp-content\/uploads\/2024\/02\/Duna-Dourada-scaled-1.webp\",\"datePublished\":\"2024-02-15T15:37:50+00:00\",\"dateModified\":\"2024-02-15T18:15:29+00:00\",\"description\":\"Se assim como eu voc\u00ea n\u00e3o \u00e9 muito f\u00e3 de agua salgada e areia por todo o corpo, conhe\u00e7a os Destinos no Brasil para Quem N\u00e3o Quer Praia.\",\"breadcrumb\":{\"@id\":\"https:\/\/blog.racksweekend.com.br\/211\/destinos-no-brasil-para-quem-nao-quer-praia\/#breadcrumb\"},\"inLanguage\":\"sq\",\"potentialAction\":[{\"@type\":\"ReadAction\",\"target\":[\"https:\/\/blog.racksweekend.com.br\/211\/destinos-no-brasil-para-quem-nao-quer-praia\/\"]}]},{\"@type\":\"ImageObject\",\"inLanguage\":\"sq\",\"@id\":\"https:\/\/blog.racksweekend.com.br\/211\/destinos-no-brasil-para-quem-nao-quer-praia\/#primaryimage\",\"url\":\"https:\/\/blog.racksweekend.com.br\/wp-content\/uploads\/2024\/02\/Duna-Dourada-scaled-1.webp\",\"contentUrl\":\"https:\/\/blog.racksweekend.com.br\/wp-content\/uploads\/2024\/02\/Duna-Dourada-scaled-1.webp\",\"width\":1000,\"height\":800,\"caption\":\"Chapada Diamantina, Bahia\"},{\"@type\":\"BreadcrumbList\",\"@id\":\"https:\/\/blog.racksweekend.com.br\/211\/destinos-no-brasil-para-quem-nao-quer-praia\/#breadcrumb\",\"itemListElement\":[{\"@type\":\"ListItem\",\"position\":1,\"name\":\"Home\",\"item\":\"https:\/\/blog.racksweekend.com.br\/en\/\"},{\"@type\":\"ListItem\",\"position\":2,\"name\":\"Destinos no Brasil para Quem N\u00e3o Quer Praia\"}]},{\"@type\":\"WebSite\",\"@id\":\"https:\/\/blog.racksweekend.com.br\/en\/#website\",\"url\":\"https:\/\/blog.racksweekend.com.br\/en\/\",\"name\":\"Blog Racks\",\"description\":\"Weekend\",\"publisher\":{\"@id\":\"https:\/\/blog.racksweekend.com.br\/en\/#organization\"},\"potentialAction\":[{\"@type\":\"SearchAction\",\"target\":{\"@type\":\"EntryPoint\",\"urlTemplate\":\"https:\/\/blog.racksweekend.com.br\/en\/?s={search_term_string}\"},\"query-input\":{\"@type\":\"PropertyValueSpecification\",\"valueRequired\":true,\"valueName\":\"search_term_string\"}}],\"inLanguage\":\"sq\"},{\"@type\":\"Organization\",\"@id\":\"https:\/\/blog.racksweekend.com.br\/en\/#organization\",\"name\":\"Blog Racks\",\"url\":\"https:\/\/blog.racksweekend.com.br\/en\/\",\"logo\":{\"@type\":\"ImageObject\",\"inLanguage\":\"sq\",\"@id\":\"https:\/\/blog.racksweekend.com.br\/en\/#\/schema\/logo\/image\/\",\"url\":\"https:\/\/blog.racksweekend.com.br\/wp-content\/uploads\/2024\/02\/cropped-BLOG.png\",\"contentUrl\":\"https:\/\/blog.racksweekend.com.br\/wp-content\/uploads\/2024\/02\/cropped-BLOG.png\",\"width\":1248,\"height\":771,\"caption\":\"Blog Racks\"},\"image\":{\"@id\":\"https:\/\/blog.racksweekend.com.br\/en\/#\/schema\/logo\/image\/\"}},{\"@type\":\"Person\",\"@id\":\"https:\/\/blog.racksweekend.com.br\/en\/#\/schema\/person\/b505dffaec1ce6ec9c47ca74400f2167\",\"name\":\"admin\",\"image\":{\"@type\":\"ImageObject\",\"inLanguage\":\"sq\",\"@id\":\"https:\/\/blog.racksweekend.com.br\/en\/#\/schema\/person\/image\/\",\"url\":\"https:\/\/blog.racksweekend.com.br\/wp-content\/litespeed\/avatar\/36c8d907748a1f26a93d4fe1aaa0002c.jpg?ver=1777449799\",\"contentUrl\":\"https:\/\/blog.racksweekend.com.br\/wp-content\/litespeed\/avatar\/36c8d907748a1f26a93d4fe1aaa0002c.jpg?ver=1777449799\",\"caption\":\"admin\"},\"sameAs\":[\"http:\/\/blog.racksweekend.com.br\"],\"url\":\"https:\/\/blog.racksweekend.com.br\/sq\/author\/admin\/\"}]}<\/script>\n<!-- \/ Yoast SEO plugin. -->","yoast_head_json":{"title":"Destinos no Brasil para Quem N\u00e3o Quer Praia - Blog Racks","description":"Se assim como eu voc\u00ea n\u00e3o \u00e9 muito f\u00e3 de agua salgada e areia por todo o corpo, conhe\u00e7a os Destinos no Brasil para Quem N\u00e3o Quer Praia.","robots":{"index":"index","follow":"follow","max-snippet":"max-snippet:-1","max-image-preview":"max-image-preview:large","max-video-preview":"max-video-preview:-1"},"canonical":"https:\/\/blog.racksweekend.com.br\/sq\/211\/destinos-no-brasil-para-quem-nao-quer-praia\/","og_locale":"sq_AL","og_type":"article","og_title":"Destinos no Brasil para Quem N\u00e3o Quer Praia - Blog Racks","og_description":"Se assim como eu voc\u00ea n\u00e3o \u00e9 muito f\u00e3 de agua salgada e areia por todo o corpo, conhe\u00e7a os Destinos no Brasil para Quem N\u00e3o Quer Praia.","og_url":"https:\/\/blog.racksweekend.com.br\/sq\/211\/destinos-no-brasil-para-quem-nao-quer-praia\/","og_site_name":"Blog Racks","article_published_time":"2024-02-15T15:37:50+00:00","article_modified_time":"2024-02-15T18:15:29+00:00","og_image":[{"width":1000,"height":800,"url":"https:\/\/blog.racksweekend.com.br\/wp-content\/uploads\/2024\/02\/Duna-Dourada-scaled-1.webp","type":"image\/webp"}],"author":"admin","twitter_card":"summary_large_image","twitter_misc":{"Written by":"admin","Est. reading time":"5 minuta"},"schema":{"@context":"https:\/\/schema.org","@graph":[{"@type":"Article","@id":"https:\/\/blog.racksweekend.com.br\/211\/destinos-no-brasil-para-quem-nao-quer-praia\/#article","isPartOf":{"@id":"https:\/\/blog.racksweekend.com.br\/211\/destinos-no-brasil-para-quem-nao-quer-praia\/"},"author":{"name":"admin","@id":"https:\/\/blog.racksweekend.com.br\/en\/#\/schema\/person\/b505dffaec1ce6ec9c47ca74400f2167"},"headline":"Destinos no Brasil para Quem N\u00e3o Quer Praia","datePublished":"2024-02-15T15:37:50+00:00","dateModified":"2024-02-15T18:15:29+00:00","mainEntityOfPage":{"@id":"https:\/\/blog.racksweekend.com.br\/211\/destinos-no-brasil-para-quem-nao-quer-praia\/"},"wordCount":797,"publisher":{"@id":"https:\/\/blog.racksweekend.com.br\/en\/#organization"},"image":{"@id":"https:\/\/blog.racksweekend.com.br\/211\/destinos-no-brasil-para-quem-nao-quer-praia\/#primaryimage"},"thumbnailUrl":"https:\/\/blog.racksweekend.com.br\/wp-content\/uploads\/2024\/02\/Duna-Dourada-scaled-1.webp","keywords":["Bahia","Chapada Diamantina","Destinos no Brasil para Quem N\u00e3o Quer Praia","Gramado e Canela","Mato Grosso","Mato Grosso do Sul","Minas Gerais","Ouro Preto","Pantanal","Rio Grande do Sul","Tocantins"],"articleSection":["Viagens Nacionais"],"inLanguage":"sq"},{"@type":"WebPage","@id":"https:\/\/blog.racksweekend.com.br\/211\/destinos-no-brasil-para-quem-nao-quer-praia\/","url":"https:\/\/blog.racksweekend.com.br\/211\/destinos-no-brasil-para-quem-nao-quer-praia\/","name":"Destinos no Brasil para Quem N\u00e3o Quer Praia - Blog Racks","isPartOf":{"@id":"https:\/\/blog.racksweekend.com.br\/en\/#website"},"primaryImageOfPage":{"@id":"https:\/\/blog.racksweekend.com.br\/211\/destinos-no-brasil-para-quem-nao-quer-praia\/#primaryimage"},"image":{"@id":"https:\/\/blog.racksweekend.com.br\/211\/destinos-no-brasil-para-quem-nao-quer-praia\/#primaryimage"},"thumbnailUrl":"https:\/\/blog.racksweekend.com.br\/wp-content\/uploads\/2024\/02\/Duna-Dourada-scaled-1.webp","datePublished":"2024-02-15T15:37:50+00:00","dateModified":"2024-02-15T18:15:29+00:00","description":"Se assim como eu voc\u00ea n\u00e3o \u00e9 muito f\u00e3 de agua salgada e areia por todo o corpo, conhe\u00e7a os Destinos no Brasil para Quem N\u00e3o Quer Praia.","breadcrumb":{"@id":"https:\/\/blog.racksweekend.com.br\/211\/destinos-no-brasil-para-quem-nao-quer-praia\/#breadcrumb"},"inLanguage":"sq","potentialAction":[{"@type":"ReadAction","target":["https:\/\/blog.racksweekend.com.br\/211\/destinos-no-brasil-para-quem-nao-quer-praia\/"]}]},{"@type":"ImageObject","inLanguage":"sq","@id":"https:\/\/blog.racksweekend.com.br\/211\/destinos-no-brasil-para-quem-nao-quer-praia\/#primaryimage","url":"https:\/\/blog.racksweekend.com.br\/wp-content\/uploads\/2024\/02\/Duna-Dourada-scaled-1.webp","contentUrl":"https:\/\/blog.racksweekend.com.br\/wp-content\/uploads\/2024\/02\/Duna-Dourada-scaled-1.webp","width":1000,"height":800,"caption":"Chapada Diamantina, Bahia"},{"@type":"BreadcrumbList","@id":"https:\/\/blog.racksweekend.com.br\/211\/destinos-no-brasil-para-quem-nao-quer-praia\/#breadcrumb","itemListElement":[{"@type":"ListItem","position":1,"name":"Home","item":"https:\/\/blog.racksweekend.com.br\/en\/"},{"@type":"ListItem","position":2,"name":"Destinos no Brasil para Quem N\u00e3o Quer Praia"}]},{"@type":"WebSite","@id":"https:\/\/blog.racksweekend.com.br\/en\/#website","url":"https:\/\/blog.racksweekend.com.br\/en\/","name":"Raftet e blogut","description":"Fundjav\u00eb","publisher":{"@id":"https:\/\/blog.racksweekend.com.br\/en\/#organization"},"potentialAction":[{"@type":"SearchAction","target":{"@type":"EntryPoint","urlTemplate":"https:\/\/blog.racksweekend.com.br\/en\/?s={search_term_string}"},"query-input":{"@type":"PropertyValueSpecification","valueRequired":true,"valueName":"search_term_string"}}],"inLanguage":"sq"},{"@type":"Organization","@id":"https:\/\/blog.racksweekend.com.br\/en\/#organization","name":"Raftet e blogut","url":"https:\/\/blog.racksweekend.com.br\/en\/","logo":{"@type":"ImageObject","inLanguage":"sq","@id":"https:\/\/blog.racksweekend.com.br\/en\/#\/schema\/logo\/image\/","url":"https:\/\/blog.racksweekend.com.br\/wp-content\/uploads\/2024\/02\/cropped-BLOG.png","contentUrl":"https:\/\/blog.racksweekend.com.br\/wp-content\/uploads\/2024\/02\/cropped-BLOG.png","width":1248,"height":771,"caption":"Blog Racks"},"image":{"@id":"https:\/\/blog.racksweekend.com.br\/en\/#\/schema\/logo\/image\/"}},{"@type":"Person","@id":"https:\/\/blog.racksweekend.com.br\/en\/#\/schema\/person\/b505dffaec1ce6ec9c47ca74400f2167","name":"administrator","image":{"@type":"ImageObject","inLanguage":"sq","@id":"https:\/\/blog.racksweekend.com.br\/en\/#\/schema\/person\/image\/","url":"https:\/\/blog.racksweekend.com.br\/wp-content\/litespeed\/avatar\/36c8d907748a1f26a93d4fe1aaa0002c.jpg?ver=1777449799","contentUrl":"https:\/\/blog.racksweekend.com.br\/wp-content\/litespeed\/avatar\/36c8d907748a1f26a93d4fe1aaa0002c.jpg?ver=1777449799","caption":"admin"},"sameAs":["http:\/\/blog.racksweekend.com.br"],"url":"https:\/\/blog.racksweekend.com.br\/sq\/author\/admin\/"}]}},"_links":{"self":[{"href":"https:\/\/blog.racksweekend.com.br\/sq\/wp-json\/wp\/v2\/posts\/211","targetHints":{"allow":["GET"]}}],"collection":[{"href":"https:\/\/blog.racksweekend.com.br\/sq\/wp-json\/wp\/v2\/posts"}],"about":[{"href":"https:\/\/blog.racksweekend.com.br\/sq\/wp-json\/wp\/v2\/types\/post"}],"author":[{"embeddable":true,"href":"https:\/\/blog.racksweekend.com.br\/sq\/wp-json\/wp\/v2\/users\/1"}],"replies":[{"embeddable":true,"href":"https:\/\/blog.racksweekend.com.br\/sq\/wp-json\/wp\/v2\/comments?post=211"}],"version-history":[{"count":3,"href":"https:\/\/blog.racksweekend.com.br\/sq\/wp-json\/wp\/v2\/posts\/211\/revisions"}],"predecessor-version":[{"id":245,"href":"https:\/\/blog.racksweekend.com.br\/sq\/wp-json\/wp\/v2\/posts\/211\/revisions\/245"}],"wp:featuredmedia":[{"embeddable":true,"href":"https:\/\/blog.racksweekend.com.br\/sq\/wp-json\/wp\/v2\/media\/241"}],"wp:attachment":[{"href":"https:\/\/blog.racksweekend.com.br\/sq\/wp-json\/wp\/v2\/media?parent=211"}],"wp:term":[{"taxonomy":"category","embeddable":true,"href":"https:\/\/blog.racksweekend.com.br\/sq\/wp-json\/wp\/v2\/categories?post=211"},{"taxonomy":"post_tag","embeddable":true,"href":"https:\/\/blog.racksweekend.com.br\/sq\/wp-json\/wp\/v2\/tags?post=211"}],"curies":[{"name":"wp","href":"https:\/\/api.w.org\/{rel}","templated":true}]}}