{"id":110,"date":"2024-02-10T16:34:21","date_gmt":"2024-02-10T16:34:21","guid":{"rendered":"https:\/\/blog.racksweekend.com.br\/?p=110"},"modified":"2025-04-16T13:03:54","modified_gmt":"2025-04-16T13:03:54","slug":"melhores-aplicativos-para-mudar-a-cor-do-cabelo","status":"publish","type":"post","link":"https:\/\/blog.racksweekend.com.br\/vi\/110\/melhores-aplicativos-para-mudar-a-cor-do-cabelo\/","title":{"rendered":"\u1ee8ng d\u1ee5ng t\u1ed1t nh\u1ea5t \u0111\u1ec3 thay \u0111\u1ed5i m\u00e0u t\u00f3c"},"content":{"rendered":"<p>B\u1ea1n \u0111\u00e3 bao gi\u1edd mu\u1ed1n xem m\u00ecnh tr\u00f4ng nh\u01b0 th\u1ebf n\u00e0o tr\u01b0\u1edbc khi th\u1ef1c hi\u1ec7n m\u1ed9t s\u1ef1 thay \u0111\u1ed5i c\u0103n b\u1ea3n v\u1ec1 di\u1ec7n m\u1ea1o c\u1ee7a m\u00ecnh ch\u01b0a? Xem l\u00e0m th\u1ebf n\u00e0o v\u1edbi <strong>\u1ee9ng d\u1ee5ng t\u1ed1t nh\u1ea5t \u0111\u1ec3 thay \u0111\u1ed5i m\u00e0u t\u00f3c<\/strong>.<\/p>\n\n\n\n<p>May m\u1eafn thay, ti\u1ebfn b\u1ed9 c\u00f4ng ngh\u1ec7 \u0111\u00e3 gi\u00fap vi\u1ec7c n\u00e0y tr\u1edf n\u00ean d\u1ec5 d\u00e0ng h\u01a1n bao gi\u1edd h\u1ebft. <strong>th\u1eed nghi\u1ec7m c\u00e1c t\u00f4ng m\u00e0u t\u00f3c kh\u00e1c nhau<\/strong> tr\u01b0\u1edbc khi cam k\u1ebft thay \u0111\u1ed5i c\u0103n b\u1ea3n.<\/p>\n\n\n\n<p>V\u00ec v\u1eady, v\u1edbi nhi\u1ec1u \u1ee9ng d\u1ee5ng c\u00f3 s\u1eb5n, b\u1ea1n c\u00f3 th\u1ec3 th\u1eed nghi\u1ec7m nhi\u1ec1u m\u00e0u s\u1eafc v\u00e0 ki\u1ec3u d\u00e1ng kh\u00e1c nhau. <strong>kh\u00f4ng r\u1eddi kh\u1ecfi nh\u00e0<\/strong>.<\/p>\n\n\n\n<p>Trong b\u00e0i vi\u1ebft n\u00e0y, ch\u00fang ta s\u1ebd t\u00ecm hi\u1ec3u <strong>\u1ee9ng d\u1ee5ng t\u1ed1t nh\u1ea5t \u0111\u1ec3 thay \u0111\u1ed5i m\u00e0u t\u00f3c<\/strong>, gi\u00fap b\u1ea1n t\u00ecm \u0111\u01b0\u1ee3c v\u1ebb ngo\u00e0i ho\u00e0n h\u1ea3o, ph\u00f9 h\u1ee3p v\u1edbi c\u00e1 t\u00ednh v\u00e0 phong c\u00e1ch c\u1ee7a m\u00ecnh.<\/p>\n\n\n\n<p>Ch\u1eafc ch\u1eafn, thay \u0111\u1ed5i m\u00e0u t\u00f3c l\u00e0 m\u1ed9t c\u00e1ch th\u00fa v\u1ecb \u0111\u1ec3 c\u1eadp nh\u1eadt di\u1ec7n m\u1ea1o v\u00e0 th\u1ec3 hi\u1ec7n c\u00e1 t\u00ednh c\u1ee7a b\u1ea1n.<\/p>\n\n\n\n<p>Tuy nhi\u00ean, vi\u1ec7c \u0111\u01b0a ra quy\u1ebft \u0111\u1ecbnh \u0111\u00fang \u0111\u1eafn c\u00f3 th\u1ec3 l\u00e0 m\u1ed9t th\u00e1ch th\u1ee9c, \u0111\u1eb7c bi\u1ec7t l\u00e0 khi c\u00f3 nhi\u1ec1u m\u00e0u s\u1eafc v\u00e0 s\u1eafc th\u00e1i kh\u00e1c nhau.<\/p>\n\n\n\n<p>May m\u1eafn thay, <strong>\u1ee9ng d\u1ee5ng thay \u0111\u1ed5i m\u00e0u t\u00f3c<\/strong> cung c\u1ea5p m\u1ed9t gi\u1ea3i ph\u00e1p thu\u1eadn ti\u1ec7n v\u00e0 kh\u00f4ng c\u00f3 r\u1ee7i ro \u0111\u1ec3 <strong>th\u1eed phong c\u00e1ch m\u1edbi<\/strong> tr\u01b0\u1edbc khi th\u1ef1c hi\u1ec7n thay \u0111\u1ed5i v\u0129nh vi\u1ec5n.<\/p>\n\n\n\n<p>V\u00ec v\u1eady, v\u1edbi nhi\u1ec1u t\u00ednh n\u0103ng v\u00e0 t\u00f9y ch\u1ecdn c\u00f3 th\u1ec3 t\u00f9y ch\u1ec9nh, nh\u1eefng \u1ee9ng d\u1ee5ng n\u00e0y cho ph\u00e9p b\u1ea1n kh\u00e1m ph\u00e1 <strong>di\u1ec7n m\u1ea1o m\u1edbi c\u1ee7a b\u1ea1n m\u1ed9t c\u00e1ch d\u1ec5 d\u00e0ng v\u00e0 t\u1ef1 tin<\/strong>.<\/p>\n\n\n\n<h2 class=\"wp-block-heading\">M\u00e0u t\u00f3c<\/h2>\n\n\n\n<p>\u1ee9ng d\u1ee5ng <strong>M\u00e0u t\u00f3c<\/strong> cung c\u1ea5p nhi\u1ec1u m\u00e0u t\u00f3c \u0111\u1ec3 b\u1ea1n th\u1eed, t\u1eeb t\u00f4ng m\u00e0u t\u1ef1 nhi\u00ean \u0111\u1ebfn m\u00e0u s\u1eafc r\u1ef1c r\u1ee1, \u0111\u1eadm n\u00e9t.<\/p>\n\n\n\n<p>V\u00ec v\u1eady, v\u1edbi giao di\u1ec7n tr\u1ef1c quan v\u00e0 d\u1ec5 s\u1eed d\u1ee5ng, b\u1ea1n c\u00f3 th\u1ec3 t\u1ea3i \u1ea3nh c\u1ee7a m\u00ecnh l\u00ean v\u00e0 \u0111\u0103ng k\u00fd \u1ea3o <strong>m\u00e0u t\u00f3c kh\u00e1c nhau<\/strong> \u0111\u1ec3 xem h\u1ecd s\u1ebd nh\u00ecn b\u1ea1n nh\u01b0 th\u1ebf n\u00e0o.<\/p>\n\n\n\n<p>Ngo\u00e0i ra, \u1ee9ng d\u1ee5ng c\u00f2n cung c\u1ea5p c\u00e1c t\u00f9y ch\u1ecdn ch\u1ec9nh s\u1eeda, ch\u1eb3ng h\u1ea1n nh\u01b0 \u0111i\u1ec1u ch\u1ec9nh \u0111\u1ed9 s\u00e1ng, \u0111\u1ed9 t\u01b0\u01a1ng ph\u1ea3n v\u00e0 \u0111\u1ed9 b\u00e3o h\u00f2a \u0111\u1ec3 t\u00f9y ch\u1ec9nh th\u00eam giao di\u1ec7n c\u1ee7a b\u1ea1n.<\/p>\n\n\n\n<h2 class=\"wp-block-heading\">YouCam Trang \u0111i\u1ec3m<\/h2>\n\n\n\n<p>M\u1eb7c d\u00f9 n\u00f3 ch\u1ee7 y\u1ebfu \u0111\u01b0\u1ee3c bi\u1ebft \u0111\u1ebfn v\u1edbi t\u00ednh n\u0103ng trang \u0111i\u1ec3m \u1ea3o, nh\u01b0ng <strong>YouCam Trang \u0111i\u1ec3m<\/strong> c\u0169ng cung c\u1ea5p nhi\u1ec1u lo\u1ea1i <strong>thay \u0111\u1ed5i m\u00e0u t\u00f3c<\/strong>.<\/p>\n\n\n\n<p>H\u01a1n n\u1eefa, n\u00f3 c\u00f3 m\u1ed9t th\u01b0 vi\u1ec7n phong ph\u00fa v\u1ec1 t\u00f4ng m\u00e0u v\u00e0 ki\u1ec3u t\u00f3c, b\u1ea1n c\u00f3 th\u1ec3 <strong>th\u1eed nghi\u1ec7m v\u1edbi c\u00e1c m\u00e0u s\u1eafc v\u00e0 \u0111\u01b0\u1eddng c\u1eaft kh\u00e1c nhau \u0111\u1ec3 t\u00ecm ra c\u00e1i nh\u00ecn ho\u00e0n h\u1ea3o<\/strong>.<\/p>\n\n\n\n<p>D\u00f9 sao, \u1ee9ng d\u1ee5ng c\u0169ng cung c\u1ea5p c\u00e1c c\u00f4ng c\u1ee5 ch\u1ec9nh s\u1eeda n\u00e2ng cao nh\u01b0 \u0111i\u1ec1u ch\u1ec9nh m\u00e0u s\u1eafc v\u00e0 \u0111\u1ed9 s\u00e1ng \u0111\u1ec3 \u0111\u1ea3m b\u1ea3o m\u00e1i t\u00f3c m\u1edbi ph\u00f9 h\u1ee3p ho\u00e0n h\u1ea3o v\u1edbi l\u00e0n da v\u00e0 phong c\u00e1ch c\u1ee7a b\u1ea1n.<\/p>\n\n\n\n<h2 class=\"wp-block-heading\">T\u1ea1o Ki\u1ec3u T\u00f3c C\u1ee7a T\u00f4i<\/h2>\n\n\n\n<p>\u0110\u01b0\u1ee3c ph\u00e1t tri\u1ec3n b\u1edfi <strong>L&#039;Or\u00e9al<\/strong>, \u1ee9ng d\u1ee5ng <strong>T\u1ea1o Ki\u1ec3u T\u00f3c C\u1ee7a T\u00f4i<\/strong> mang \u0111\u1ebfn tr\u1ea3i nghi\u1ec7m c\u00e1 nh\u00e2n h\u00f3a <strong>thay \u0111\u1ed5i m\u00e0u t\u00f3c<\/strong>.<\/p>\n\n\n\n<p>V\u1edbi nhi\u1ec1u c\u00f4ng c\u1ee5 v\u00e0 t\u00ednh n\u0103ng kh\u00e1c nhau, b\u1ea1n c\u00f3 th\u1ec3 th\u1eed nghi\u1ec7m nhi\u1ec1u m\u00e0u s\u1eafc v\u00e0 ki\u1ec3u d\u00e1ng kh\u00e1c nhau, bao g\u1ed3m c\u1ea3 m\u00e0u n\u1ed5i b\u1eadt, <strong>ombre<\/strong> V\u00e0 <strong>s\u1ef1 xoa b\u00f3p<\/strong>.<\/p>\n\n\n\n<p>V\u00ec v\u1eady, \u1ee9ng d\u1ee5ng c\u0169ng cung c\u1ea5p h\u01b0\u1edbng d\u1eabn t\u1eebng b\u01b0\u1edbc v\u00e0 l\u1eddi khuy\u00ean c\u1ee7a chuy\u00ean gia \u0111\u1ec3 gi\u00fap b\u1ea1n ch\u1ecdn \u0111\u00fang.<strong> m\u00e0u s\u1eafc v\u00e0 phong c\u00e1ch ho\u00e0n h\u1ea3o cho b\u1ea1n<\/strong>.<\/p>\n\n\n\n<h2 class=\"wp-block-heading\">Bu\u1ed3ng nhu\u1ed9m t\u00f3c<\/h2>\n\n\n\n<p>THE <strong>Bu\u1ed3ng nhu\u1ed9m t\u00f3c<\/strong> l\u00e0 m\u1ed9t \u1ee9ng d\u1ee5ng th\u00fa v\u1ecb v\u00e0 d\u1ec5 s\u1eed d\u1ee5ng cho ph\u00e9p b\u1ea1n th\u1eed c\u00e1c m\u00e0u t\u00f3c kh\u00e1c nhau m\u1ed9t c\u00e1ch nhanh ch\u00f3ng v\u00e0 \u0111\u01a1n gi\u1ea3n.<\/p>\n\n\n\n<p>V\u00ec v\u1eady, b\u1ea1n ch\u1ec9 c\u1ea7n t\u1ea3i l\u00ean m\u1ed9t b\u1ee9c \u1ea3nh c\u1ee7a ch\u00ednh m\u00ecnh, ch\u1ecdn v\u00f9ng t\u00f3c b\u1ea1n mu\u1ed1n nhu\u1ed9m m\u00e0u v\u00e0 ch\u1ecdn t\u1eeb nhi\u1ec1u s\u1eafc th\u00e1i v\u00e0 ki\u1ec3u d\u00e1ng kh\u00e1c nhau.<\/p>\n\n\n\n<p>V\u1edbi c\u00e1c t\u00f9y ch\u1ecdn ch\u1ec9nh s\u1eeda tr\u1ef1c quan v\u00e0 giao di\u1ec7n th\u00e2n thi\u1ec7n v\u1edbi ng\u01b0\u1eddi d\u00f9ng, <strong>Bu\u1ed3ng nhu\u1ed9m t\u00f3c<\/strong> ho\u00e0n h\u1ea3o cho nh\u1eefng ai mu\u1ed1n th\u1eed c\u00e1i m\u1edbi <strong>m\u00e0u t\u00f3c nhanh ch\u00f3ng v\u00e0 kh\u00f4ng c\u00f3 bi\u1ebfn ch\u1ee9ng<\/strong>.<\/p>\n\n\n\n<h2 class=\"wp-block-heading\">Ph\u1ea7n k\u1ebft lu\u1eadn<\/h2>\n\n\n\n<p>V\u1edbi s\u1ef1 gi\u00fap \u0111\u1ee1 c\u1ee7a <strong>\u1ee9ng d\u1ee5ng t\u1ed1t nh\u1ea5t \u0111\u1ec3 thay \u0111\u1ed5i m\u00e0u t\u00f3c<\/strong>, b\u1ea1n c\u00f3 th\u1ec3 th\u1eed nhi\u1ec1u m\u00e0u s\u1eafc v\u00e0 ki\u1ec3u d\u00e1ng kh\u00e1c nhau tr\u01b0\u1edbc khi th\u1ef1c hi\u1ec7n thay \u0111\u1ed5i v\u0129nh vi\u1ec5n.<\/p>\n\n\n\n<p>D\u00f9 sao, t\u1eeb t\u00f4ng m\u00e0u t\u1ef1 nhi\u00ean \u0111\u1ebfn m\u00e0u s\u1eafc r\u1ef1c r\u1ee1 v\u00e0 \u0111\u1eadm n\u00e9t, c\u00e1c \u1ee9ng d\u1ee5ng n\u00e0y mang \u0111\u1ebfn nhi\u1ec1u l\u1ef1a ch\u1ecdn \u0111a d\u1ea1ng \u0111\u1ec3 b\u1ea1n kh\u00e1m ph\u00e1 <strong>di\u1ec7n m\u1ea1o m\u1edbi c\u1ee7a b\u1ea1n m\u1ed9t c\u00e1ch d\u1ec5 d\u00e0ng v\u00e0 t\u1ef1 tin<\/strong>.<\/p>\n\n\n\n<p>M\u00e0u t\u00f3c Android<\/p>\n\n\n\n<p>YouCam Trang \u0111i\u1ec3m&nbsp;&nbsp;&nbsp;&nbsp;&nbsp;&nbsp;&nbsp;&nbsp;&nbsp;&nbsp;&nbsp;&nbsp;&nbsp;&nbsp;&nbsp;&nbsp;&nbsp;&nbsp;&nbsp;&nbsp;&nbsp;&nbsp;&nbsp;&nbsp;&nbsp;&nbsp; &nbsp;&nbsp;&nbsp;&nbsp;&nbsp;&nbsp;&nbsp;&nbsp;&nbsp;&nbsp;&nbsp;&nbsp;&nbsp;&nbsp;&nbsp; &nbsp;&nbsp;&nbsp;&nbsp;&nbsp;&nbsp;&nbsp;&nbsp;&nbsp;&nbsp;&nbsp;&nbsp;&nbsp;&nbsp;&nbsp; <a href=\"https:\/\/play.google.com\/store\/apps\/details?id=com.cyberlink.youcammakeup&amp;hl=pt_BR&amp;gl=US\">Android<\/a> \/ <a href=\"https:\/\/apps.apple.com\/br\/app\/youcam-makeup-editor-de-fotos\/id863844475\">iOS<\/a><\/p>\n\n\n\n<p>T\u1ea1o ki\u1ec3u t\u00f3c cho Android\/iOS<\/p>\n\n\n\n<p>Bu\u1ed3ng nhu\u1ed9m t\u00f3c&nbsp;&nbsp;&nbsp;&nbsp;&nbsp;&nbsp;&nbsp;&nbsp;&nbsp;&nbsp;&nbsp; &nbsp;&nbsp;&nbsp;&nbsp;&nbsp;&nbsp;&nbsp;&nbsp;&nbsp;&nbsp;&nbsp;&nbsp;&nbsp;&nbsp;&nbsp; &nbsp;&nbsp;&nbsp;&nbsp;&nbsp;&nbsp;&nbsp;&nbsp;&nbsp;&nbsp;&nbsp;&nbsp;&nbsp;&nbsp;&nbsp;&nbsp;&nbsp;&nbsp;&nbsp;&nbsp;&nbsp;&nbsp;&nbsp;&nbsp;&nbsp;&nbsp;&nbsp;&nbsp;&nbsp;&nbsp; <a href=\"https:\/\/apps.apple.com\/br\/app\/hair-color-booth\/id449512733\">iOS<\/a><\/p>\n\n\n\n<p>V\u00ec v\u1eady, h\u00e3y t\u1ea3i xu\u1ed1ng m\u1ed9t s\u1ed1 \u1ee9ng d\u1ee5ng n\u00e0y ngay h\u00f4m nay v\u00e0 th\u1ef1c hi\u1ec7n b\u01b0\u1edbc \u0111\u1ea7u ti\u00ean h\u01b0\u1edbng t\u1edbi <strong>bi\u1ebfn \u0111\u1ed5i t\u00f3c<\/strong> th\u00fa v\u1ecb v\u00e0 phong c\u00e1ch.<\/p>","protected":false},"excerpt":{"rendered":"<p>B\u1ea1n \u0111\u00e3 bao gi\u1edd mu\u1ed1n xem m\u00ecnh tr\u00f4ng nh\u01b0 th\u1ebf n\u00e0o tr\u01b0\u1edbc khi th\u1ef1c hi\u1ec7n m\u1ed9t s\u1ef1 thay \u0111\u1ed5i c\u0103n b\u1ea3n v\u1ec1 di\u1ec7n m\u1ea1o c\u1ee7a m\u00ecnh ch\u01b0a? Xem c\u00e1ch thay \u0111\u1ed5i m\u00e0u t\u00f3c b\u1eb1ng c\u00e1c \u1ee9ng d\u1ee5ng t\u1ed1t nh\u1ea5t. May m\u1eafn thay, nh\u1eefng ti\u1ebfn b\u1ed9 c\u00f4ng ngh\u1ec7 \u0111\u00e3 gi\u00fap vi\u1ec7c th\u1eed nghi\u1ec7m c\u00e1c t\u00f4ng m\u00e0u t\u00f3c kh\u00e1c nhau tr\u01b0\u1edbc khi th\u1ef1c hi\u1ec7n m\u1ed9t s\u1ef1 thay \u0111\u1ed5i c\u0103n b\u1ea3n tr\u1edf n\u00ean d\u1ec5 d\u00e0ng h\u01a1n bao gi\u1edd h\u1ebft. V\u00ec v\u1eady, v\u1edbi h\u00e0ng lo\u1ea1t \u1ee9ng d\u1ee5ng\u2026 <\/p>","protected":false},"author":1,"featured_media":178,"comment_status":"closed","ping_status":"open","sticky":false,"template":"","format":"standard","meta":{"footnotes":""},"categories":[184],"tags":[81,84,80,83,82],"class_list":["post-110","post","type-post","status-publish","format-standard","has-post-thumbnail","hentry","category-novidades","tag-hair-color","tag-hair-color-booth","tag-melhores-aplicativos-para-mudar-a-cor-do-cabelo","tag-style-my-hair","tag-youcam-makeup","latest_post"],"yoast_head":"<!-- This site is optimized with the Yoast SEO plugin v27.1.1 - https:\/\/yoast.com\/product\/yoast-seo-wordpress\/ -->\n<title>Melhores Aplicativos para Mudar a Cor do Cabelo - Blog Racks<\/title>\n<meta name=\"description\" content=\"J\u00e1 quis ver como voc\u00ea fica antes de fazer uma mudan\u00e7a radical no visual? Veja como com os melhores aplicativos para mudar a cor do cabelo.\" \/>\n<meta name=\"robots\" content=\"index, follow, max-snippet:-1, max-image-preview:large, max-video-preview:-1\" \/>\n<link rel=\"canonical\" href=\"https:\/\/blog.racksweekend.com.br\/vi\/110\/melhores-aplicativos-para-mudar-a-cor-do-cabelo\/\" \/>\n<meta property=\"og:locale\" content=\"vi_VN\" \/>\n<meta property=\"og:type\" content=\"article\" \/>\n<meta property=\"og:title\" content=\"Melhores Aplicativos para Mudar a Cor do Cabelo - Blog Racks\" \/>\n<meta property=\"og:description\" content=\"J\u00e1 quis ver como voc\u00ea fica antes de fazer uma mudan\u00e7a radical no visual? Veja como com os melhores aplicativos para mudar a cor do cabelo.\" \/>\n<meta property=\"og:url\" content=\"https:\/\/blog.racksweekend.com.br\/vi\/110\/melhores-aplicativos-para-mudar-a-cor-do-cabelo\/\" \/>\n<meta property=\"og:site_name\" content=\"Blog Racks\" \/>\n<meta property=\"article:published_time\" content=\"2024-02-10T16:34:21+00:00\" \/>\n<meta property=\"article:modified_time\" content=\"2025-04-16T13:03:54+00:00\" \/>\n<meta property=\"og:image\" content=\"http:\/\/blog.racksweekend.com.br\/wp-content\/uploads\/2024\/02\/haircolor-virtual-tryon-tool-image-e1707939007568.webp\" \/>\n\t<meta property=\"og:image:width\" content=\"1000\" \/>\n\t<meta property=\"og:image:height\" content=\"800\" \/>\n\t<meta property=\"og:image:type\" content=\"image\/webp\" \/>\n<meta name=\"author\" content=\"admin\" \/>\n<meta name=\"twitter:card\" content=\"summary_large_image\" \/>\n<meta name=\"twitter:label1\" content=\"\u0110\u01b0\u1ee3c vi\u1ebft b\u1edfi\" \/>\n\t<meta name=\"twitter:data1\" content=\"admin\" \/>\n\t<meta name=\"twitter:label2\" content=\"\u01af\u1edbc t\u00ednh th\u1eddi gian \u0111\u1ecdc\" \/>\n\t<meta name=\"twitter:data2\" content=\"4 ph\u00fat\" \/>\n<script type=\"application\/ld+json\" class=\"yoast-schema-graph\">{\"@context\":\"https:\/\/schema.org\",\"@graph\":[{\"@type\":\"Article\",\"@id\":\"https:\/\/blog.racksweekend.com.br\/110\/melhores-aplicativos-para-mudar-a-cor-do-cabelo\/#article\",\"isPartOf\":{\"@id\":\"https:\/\/blog.racksweekend.com.br\/110\/melhores-aplicativos-para-mudar-a-cor-do-cabelo\/\"},\"author\":{\"name\":\"admin\",\"@id\":\"https:\/\/blog.racksweekend.com.br\/en\/#\/schema\/person\/b505dffaec1ce6ec9c47ca74400f2167\"},\"headline\":\"Melhores Aplicativos para Mudar a Cor do Cabelo\",\"datePublished\":\"2024-02-10T16:34:21+00:00\",\"dateModified\":\"2025-04-16T13:03:54+00:00\",\"mainEntityOfPage\":{\"@id\":\"https:\/\/blog.racksweekend.com.br\/110\/melhores-aplicativos-para-mudar-a-cor-do-cabelo\/\"},\"wordCount\":745,\"publisher\":{\"@id\":\"https:\/\/blog.racksweekend.com.br\/en\/#organization\"},\"image\":{\"@id\":\"https:\/\/blog.racksweekend.com.br\/110\/melhores-aplicativos-para-mudar-a-cor-do-cabelo\/#primaryimage\"},\"thumbnailUrl\":\"https:\/\/blog.racksweekend.com.br\/wp-content\/uploads\/2024\/02\/haircolor-virtual-tryon-tool-image-e1707939007568.webp\",\"keywords\":[\"Hair Color\",\"Hair Color Booth\",\"Melhores Aplicativos para Mudar a Cor do Cabelo\",\"Style My Hair\",\"YouCam Makeup\"],\"articleSection\":[\"Novidades\"],\"inLanguage\":\"vi\"},{\"@type\":\"WebPage\",\"@id\":\"https:\/\/blog.racksweekend.com.br\/110\/melhores-aplicativos-para-mudar-a-cor-do-cabelo\/\",\"url\":\"https:\/\/blog.racksweekend.com.br\/110\/melhores-aplicativos-para-mudar-a-cor-do-cabelo\/\",\"name\":\"Melhores Aplicativos para Mudar a Cor do Cabelo - Blog Racks\",\"isPartOf\":{\"@id\":\"https:\/\/blog.racksweekend.com.br\/en\/#website\"},\"primaryImageOfPage\":{\"@id\":\"https:\/\/blog.racksweekend.com.br\/110\/melhores-aplicativos-para-mudar-a-cor-do-cabelo\/#primaryimage\"},\"image\":{\"@id\":\"https:\/\/blog.racksweekend.com.br\/110\/melhores-aplicativos-para-mudar-a-cor-do-cabelo\/#primaryimage\"},\"thumbnailUrl\":\"https:\/\/blog.racksweekend.com.br\/wp-content\/uploads\/2024\/02\/haircolor-virtual-tryon-tool-image-e1707939007568.webp\",\"datePublished\":\"2024-02-10T16:34:21+00:00\",\"dateModified\":\"2025-04-16T13:03:54+00:00\",\"description\":\"J\u00e1 quis ver como voc\u00ea fica antes de fazer uma mudan\u00e7a radical no visual? Veja como com os melhores aplicativos para mudar a cor do cabelo.\",\"breadcrumb\":{\"@id\":\"https:\/\/blog.racksweekend.com.br\/110\/melhores-aplicativos-para-mudar-a-cor-do-cabelo\/#breadcrumb\"},\"inLanguage\":\"vi\",\"potentialAction\":[{\"@type\":\"ReadAction\",\"target\":[\"https:\/\/blog.racksweekend.com.br\/110\/melhores-aplicativos-para-mudar-a-cor-do-cabelo\/\"]}]},{\"@type\":\"ImageObject\",\"inLanguage\":\"vi\",\"@id\":\"https:\/\/blog.racksweekend.com.br\/110\/melhores-aplicativos-para-mudar-a-cor-do-cabelo\/#primaryimage\",\"url\":\"https:\/\/blog.racksweekend.com.br\/wp-content\/uploads\/2024\/02\/haircolor-virtual-tryon-tool-image-e1707939007568.webp\",\"contentUrl\":\"https:\/\/blog.racksweekend.com.br\/wp-content\/uploads\/2024\/02\/haircolor-virtual-tryon-tool-image-e1707939007568.webp\",\"width\":1000,\"height\":800,\"caption\":\"Melhores Aplicativos para Mudar a Cor do Cabelo\"},{\"@type\":\"BreadcrumbList\",\"@id\":\"https:\/\/blog.racksweekend.com.br\/110\/melhores-aplicativos-para-mudar-a-cor-do-cabelo\/#breadcrumb\",\"itemListElement\":[{\"@type\":\"ListItem\",\"position\":1,\"name\":\"Home\",\"item\":\"https:\/\/blog.racksweekend.com.br\/en\/\"},{\"@type\":\"ListItem\",\"position\":2,\"name\":\"Melhores Aplicativos para Mudar a Cor do Cabelo\"}]},{\"@type\":\"WebSite\",\"@id\":\"https:\/\/blog.racksweekend.com.br\/en\/#website\",\"url\":\"https:\/\/blog.racksweekend.com.br\/en\/\",\"name\":\"Blog Racks\",\"description\":\"Weekend\",\"publisher\":{\"@id\":\"https:\/\/blog.racksweekend.com.br\/en\/#organization\"},\"potentialAction\":[{\"@type\":\"SearchAction\",\"target\":{\"@type\":\"EntryPoint\",\"urlTemplate\":\"https:\/\/blog.racksweekend.com.br\/en\/?s={search_term_string}\"},\"query-input\":{\"@type\":\"PropertyValueSpecification\",\"valueRequired\":true,\"valueName\":\"search_term_string\"}}],\"inLanguage\":\"vi\"},{\"@type\":\"Organization\",\"@id\":\"https:\/\/blog.racksweekend.com.br\/en\/#organization\",\"name\":\"Blog Racks\",\"url\":\"https:\/\/blog.racksweekend.com.br\/en\/\",\"logo\":{\"@type\":\"ImageObject\",\"inLanguage\":\"vi\",\"@id\":\"https:\/\/blog.racksweekend.com.br\/en\/#\/schema\/logo\/image\/\",\"url\":\"https:\/\/blog.racksweekend.com.br\/wp-content\/uploads\/2024\/02\/cropped-BLOG.png\",\"contentUrl\":\"https:\/\/blog.racksweekend.com.br\/wp-content\/uploads\/2024\/02\/cropped-BLOG.png\",\"width\":1248,\"height\":771,\"caption\":\"Blog Racks\"},\"image\":{\"@id\":\"https:\/\/blog.racksweekend.com.br\/en\/#\/schema\/logo\/image\/\"}},{\"@type\":\"Person\",\"@id\":\"https:\/\/blog.racksweekend.com.br\/en\/#\/schema\/person\/b505dffaec1ce6ec9c47ca74400f2167\",\"name\":\"admin\",\"image\":{\"@type\":\"ImageObject\",\"inLanguage\":\"vi\",\"@id\":\"https:\/\/blog.racksweekend.com.br\/en\/#\/schema\/person\/image\/\",\"url\":\"https:\/\/blog.racksweekend.com.br\/wp-content\/litespeed\/avatar\/36c8d907748a1f26a93d4fe1aaa0002c.jpg?ver=1776844880\",\"contentUrl\":\"https:\/\/blog.racksweekend.com.br\/wp-content\/litespeed\/avatar\/36c8d907748a1f26a93d4fe1aaa0002c.jpg?ver=1776844880\",\"caption\":\"admin\"},\"sameAs\":[\"http:\/\/blog.racksweekend.com.br\"],\"url\":\"https:\/\/blog.racksweekend.com.br\/vi\/author\/admin\/\"}]}<\/script>\n<!-- \/ Yoast SEO plugin. -->","yoast_head_json":{"title":"Melhores Aplicativos para Mudar a Cor do Cabelo - Blog Racks","description":"J\u00e1 quis ver como voc\u00ea fica antes de fazer uma mudan\u00e7a radical no visual? Veja como com os melhores aplicativos para mudar a cor do cabelo.","robots":{"index":"index","follow":"follow","max-snippet":"max-snippet:-1","max-image-preview":"max-image-preview:large","max-video-preview":"max-video-preview:-1"},"canonical":"https:\/\/blog.racksweekend.com.br\/vi\/110\/melhores-aplicativos-para-mudar-a-cor-do-cabelo\/","og_locale":"vi_VN","og_type":"article","og_title":"Melhores Aplicativos para Mudar a Cor do Cabelo - Blog Racks","og_description":"J\u00e1 quis ver como voc\u00ea fica antes de fazer uma mudan\u00e7a radical no visual? Veja como com os melhores aplicativos para mudar a cor do cabelo.","og_url":"https:\/\/blog.racksweekend.com.br\/vi\/110\/melhores-aplicativos-para-mudar-a-cor-do-cabelo\/","og_site_name":"Blog Racks","article_published_time":"2024-02-10T16:34:21+00:00","article_modified_time":"2025-04-16T13:03:54+00:00","og_image":[{"width":1000,"height":800,"url":"http:\/\/blog.racksweekend.com.br\/wp-content\/uploads\/2024\/02\/haircolor-virtual-tryon-tool-image-e1707939007568.webp","type":"image\/webp"}],"author":"admin","twitter_card":"summary_large_image","twitter_misc":{"\u0110\u01b0\u1ee3c vi\u1ebft b\u1edfi":"admin","\u01af\u1edbc t\u00ednh th\u1eddi gian \u0111\u1ecdc":"4 ph\u00fat"},"schema":{"@context":"https:\/\/schema.org","@graph":[{"@type":"Article","@id":"https:\/\/blog.racksweekend.com.br\/110\/melhores-aplicativos-para-mudar-a-cor-do-cabelo\/#article","isPartOf":{"@id":"https:\/\/blog.racksweekend.com.br\/110\/melhores-aplicativos-para-mudar-a-cor-do-cabelo\/"},"author":{"name":"admin","@id":"https:\/\/blog.racksweekend.com.br\/en\/#\/schema\/person\/b505dffaec1ce6ec9c47ca74400f2167"},"headline":"Melhores Aplicativos para Mudar a Cor do Cabelo","datePublished":"2024-02-10T16:34:21+00:00","dateModified":"2025-04-16T13:03:54+00:00","mainEntityOfPage":{"@id":"https:\/\/blog.racksweekend.com.br\/110\/melhores-aplicativos-para-mudar-a-cor-do-cabelo\/"},"wordCount":745,"publisher":{"@id":"https:\/\/blog.racksweekend.com.br\/en\/#organization"},"image":{"@id":"https:\/\/blog.racksweekend.com.br\/110\/melhores-aplicativos-para-mudar-a-cor-do-cabelo\/#primaryimage"},"thumbnailUrl":"https:\/\/blog.racksweekend.com.br\/wp-content\/uploads\/2024\/02\/haircolor-virtual-tryon-tool-image-e1707939007568.webp","keywords":["Hair Color","Hair Color Booth","Melhores Aplicativos para Mudar a Cor do Cabelo","Style My Hair","YouCam Makeup"],"articleSection":["Novidades"],"inLanguage":"vi"},{"@type":"WebPage","@id":"https:\/\/blog.racksweekend.com.br\/110\/melhores-aplicativos-para-mudar-a-cor-do-cabelo\/","url":"https:\/\/blog.racksweekend.com.br\/110\/melhores-aplicativos-para-mudar-a-cor-do-cabelo\/","name":"Melhores Aplicativos para Mudar a Cor do Cabelo - Blog Racks","isPartOf":{"@id":"https:\/\/blog.racksweekend.com.br\/en\/#website"},"primaryImageOfPage":{"@id":"https:\/\/blog.racksweekend.com.br\/110\/melhores-aplicativos-para-mudar-a-cor-do-cabelo\/#primaryimage"},"image":{"@id":"https:\/\/blog.racksweekend.com.br\/110\/melhores-aplicativos-para-mudar-a-cor-do-cabelo\/#primaryimage"},"thumbnailUrl":"https:\/\/blog.racksweekend.com.br\/wp-content\/uploads\/2024\/02\/haircolor-virtual-tryon-tool-image-e1707939007568.webp","datePublished":"2024-02-10T16:34:21+00:00","dateModified":"2025-04-16T13:03:54+00:00","description":"J\u00e1 quis ver como voc\u00ea fica antes de fazer uma mudan\u00e7a radical no visual? Veja como com os melhores aplicativos para mudar a cor do cabelo.","breadcrumb":{"@id":"https:\/\/blog.racksweekend.com.br\/110\/melhores-aplicativos-para-mudar-a-cor-do-cabelo\/#breadcrumb"},"inLanguage":"vi","potentialAction":[{"@type":"ReadAction","target":["https:\/\/blog.racksweekend.com.br\/110\/melhores-aplicativos-para-mudar-a-cor-do-cabelo\/"]}]},{"@type":"ImageObject","inLanguage":"vi","@id":"https:\/\/blog.racksweekend.com.br\/110\/melhores-aplicativos-para-mudar-a-cor-do-cabelo\/#primaryimage","url":"https:\/\/blog.racksweekend.com.br\/wp-content\/uploads\/2024\/02\/haircolor-virtual-tryon-tool-image-e1707939007568.webp","contentUrl":"https:\/\/blog.racksweekend.com.br\/wp-content\/uploads\/2024\/02\/haircolor-virtual-tryon-tool-image-e1707939007568.webp","width":1000,"height":800,"caption":"Melhores Aplicativos para Mudar a Cor do Cabelo"},{"@type":"BreadcrumbList","@id":"https:\/\/blog.racksweekend.com.br\/110\/melhores-aplicativos-para-mudar-a-cor-do-cabelo\/#breadcrumb","itemListElement":[{"@type":"ListItem","position":1,"name":"Home","item":"https:\/\/blog.racksweekend.com.br\/en\/"},{"@type":"ListItem","position":2,"name":"Melhores Aplicativos para Mudar a Cor do Cabelo"}]},{"@type":"WebSite","@id":"https:\/\/blog.racksweekend.com.br\/en\/#website","url":"https:\/\/blog.racksweekend.com.br\/en\/","name":"Gi\u00e1 \u0111\u1ee1 blog","description":"Ng\u00e0y cu\u1ed1i tu\u1ea7n","publisher":{"@id":"https:\/\/blog.racksweekend.com.br\/en\/#organization"},"potentialAction":[{"@type":"SearchAction","target":{"@type":"EntryPoint","urlTemplate":"https:\/\/blog.racksweekend.com.br\/en\/?s={search_term_string}"},"query-input":{"@type":"PropertyValueSpecification","valueRequired":true,"valueName":"search_term_string"}}],"inLanguage":"vi"},{"@type":"Organization","@id":"https:\/\/blog.racksweekend.com.br\/en\/#organization","name":"Gi\u00e1 \u0111\u1ee1 blog","url":"https:\/\/blog.racksweekend.com.br\/en\/","logo":{"@type":"ImageObject","inLanguage":"vi","@id":"https:\/\/blog.racksweekend.com.br\/en\/#\/schema\/logo\/image\/","url":"https:\/\/blog.racksweekend.com.br\/wp-content\/uploads\/2024\/02\/cropped-BLOG.png","contentUrl":"https:\/\/blog.racksweekend.com.br\/wp-content\/uploads\/2024\/02\/cropped-BLOG.png","width":1248,"height":771,"caption":"Blog Racks"},"image":{"@id":"https:\/\/blog.racksweekend.com.br\/en\/#\/schema\/logo\/image\/"}},{"@type":"Person","@id":"https:\/\/blog.racksweekend.com.br\/en\/#\/schema\/person\/b505dffaec1ce6ec9c47ca74400f2167","name":"qu\u1ea3n tr\u1ecb vi\u00ean","image":{"@type":"ImageObject","inLanguage":"vi","@id":"https:\/\/blog.racksweekend.com.br\/en\/#\/schema\/person\/image\/","url":"https:\/\/blog.racksweekend.com.br\/wp-content\/litespeed\/avatar\/36c8d907748a1f26a93d4fe1aaa0002c.jpg?ver=1776844880","contentUrl":"https:\/\/blog.racksweekend.com.br\/wp-content\/litespeed\/avatar\/36c8d907748a1f26a93d4fe1aaa0002c.jpg?ver=1776844880","caption":"admin"},"sameAs":["http:\/\/blog.racksweekend.com.br"],"url":"https:\/\/blog.racksweekend.com.br\/vi\/author\/admin\/"}]}},"_links":{"self":[{"href":"https:\/\/blog.racksweekend.com.br\/vi\/wp-json\/wp\/v2\/posts\/110","targetHints":{"allow":["GET"]}}],"collection":[{"href":"https:\/\/blog.racksweekend.com.br\/vi\/wp-json\/wp\/v2\/posts"}],"about":[{"href":"https:\/\/blog.racksweekend.com.br\/vi\/wp-json\/wp\/v2\/types\/post"}],"author":[{"embeddable":true,"href":"https:\/\/blog.racksweekend.com.br\/vi\/wp-json\/wp\/v2\/users\/1"}],"replies":[{"embeddable":true,"href":"https:\/\/blog.racksweekend.com.br\/vi\/wp-json\/wp\/v2\/comments?post=110"}],"version-history":[{"count":3,"href":"https:\/\/blog.racksweekend.com.br\/vi\/wp-json\/wp\/v2\/posts\/110\/revisions"}],"predecessor-version":[{"id":1346,"href":"https:\/\/blog.racksweekend.com.br\/vi\/wp-json\/wp\/v2\/posts\/110\/revisions\/1346"}],"wp:featuredmedia":[{"embeddable":true,"href":"https:\/\/blog.racksweekend.com.br\/vi\/wp-json\/wp\/v2\/media\/178"}],"wp:attachment":[{"href":"https:\/\/blog.racksweekend.com.br\/vi\/wp-json\/wp\/v2\/media?parent=110"}],"wp:term":[{"taxonomy":"category","embeddable":true,"href":"https:\/\/blog.racksweekend.com.br\/vi\/wp-json\/wp\/v2\/categories?post=110"},{"taxonomy":"post_tag","embeddable":true,"href":"https:\/\/blog.racksweekend.com.br\/vi\/wp-json\/wp\/v2\/tags?post=110"}],"curies":[{"name":"wp","href":"https:\/\/api.w.org\/{rel}","templated":true}]}}