{"id":1489,"date":"2025-04-25T11:53:02","date_gmt":"2025-04-25T11:53:02","guid":{"rendered":"https:\/\/blog.racksweekend.com.br\/?p=1489"},"modified":"2025-04-25T11:53:40","modified_gmt":"2025-04-25T11:53:40","slug":"velorio-do-papa-francisco-ao-vivo","status":"publish","type":"post","link":"https:\/\/blog.racksweekend.com.br\/vi\/1489\/velorio-do-papa-francisco-ao-vivo\/","title":{"rendered":"Bu\u1ed5i l\u1ec5 th\u1ee9c t\u1ec9nh c\u1ee7a \u0110\u1ee9c Gi\u00e1o Ho\u00e0ng Phanxic\u00f4"},"content":{"rendered":"<p>T\u00ecm hi\u1ec3u c\u00e1ch<strong> <\/strong>\u0110\u1ec3 tham d\u1ef1<strong> <\/strong>\u0111\u1ebfn<strong> Bu\u1ed5i l\u1ec5 th\u1ee9c t\u1ec9nh c\u1ee7a \u0110\u1ee9c Gi\u00e1o Ho\u00e0ng Phanxic\u00f4 <\/strong>N\u01a1i xem, \u1ee8ng d\u1ee5ng mi\u1ec5n ph\u00ed v\u00e0 K\u00eanh ch\u00ednh th\u1ee9c<\/p>\n\n\n\n<style>\n.botao-container {\n    display: flex;\n    justify-content: center;\n    margin: 20px 0; \/* Espa\u00e7amento opcional *\/\n}\n\n.botao-estilizado {\n    display: inline-block;\n    padding: 12px 24px;\n    font-size: 18px;\n    font-weight: bold;\n    font-family: Arial, sans-serif; \/* Fonte alterada para Arial *\/\n    color: white;\n    background: linear-gradient(145deg, #007bff, #0056b3);\n    border-radius: 8px;\n    box-shadow: 4px 4px 10px rgba(0, 0, 0, 0.2), \n                -2px -2px 5px rgba(255, 255, 255, 0.2);\n    text-decoration: none;\n    transition: all 0.3s ease-in-out;\n    text-align: center;\n}\n\n.botao-estilizado:hover {\n    background: linear-gradient(145deg, #0056b3, #004095);\n    box-shadow: 2px 2px 8px rgba(0, 0, 0, 0.3), \n                -1px -1px 4px rgba(255, 255, 255, 0.1);\n    transform: translateY(-3px);\n}\n<\/style>\n\n<div class=\"botao-container\">\n    <a href=\"https:\/\/blog.racksweekend.com.br\/vi\/1487\/\" class=\"botao-estilizado\">Xem tr\u1ef1c ti\u1ebfp<\/a>\n<\/div>\n\n\n\n<h2 class=\"wp-block-heading\">M\u1ed9t kho\u1ea3nh kh\u1eafc l\u1ecbch s\u1eed l\u00e0m rung chuy\u1ec3n to\u00e0n th\u1ebf gi\u1edbi<\/h2>\n\n\n\n<p><strong>Ch\u1eafc ch\u1eafn<\/strong>, c\u00e1i ch\u1ebft c\u1ee7a Gi\u00e1o ho\u00e0ng Francis \u0111\u00e1nh d\u1ea5u m\u1ed9t trong nh\u1eefng s\u1ef1 ki\u1ec7n c\u00f3 t\u00e1c \u0111\u1ed9ng l\u1edbn nh\u1ea5t trong l\u1ecbch s\u1eed g\u1ea7n \u0111\u00e2y c\u1ee7a Gi\u00e1o h\u1ed9i C\u00f4ng gi\u00e1o v\u00e0 th\u1ebf gi\u1edbi. <\/p>\n\n\n\n<p><strong>Tuy nhi\u00ean<\/strong>, \u0111\u1ed1i v\u1edbi h\u00e0ng tri\u1ec7u t\u00edn \u0111\u1ed3 v\u00e0 ng\u01b0\u1eddi ng\u01b0\u1ee1ng m\u1ed9, vi\u1ec7c tham d\u1ef1 l\u1ec5 c\u1ea7u si\u00eau v\u00e0 t\u1ecf l\u00f2ng t\u00f4n k\u00ednh v\u1edbi gi\u00e1o ho\u00e0ng kh\u00f4ng ch\u1ec9 l\u00e0 c\u1eed ch\u1ec9 c\u1ee7a \u0111\u1ee9c tin: \u0111\u00f3 l\u00e0 h\u00e0nh \u0111\u1ed9ng c\u1ee7a l\u00f2ng bi\u1ebft \u01a1n v\u00e0 s\u1ef1 t\u00f4n tr\u1ecdng.<\/p>\n\n\n\n<p><strong>V\u00ec th\u1ebf<\/strong>, trong b\u00e0i vi\u1ebft \u0111\u1ea7y \u0111\u1ee7 n\u00e0y, b\u1ea1n s\u1ebd kh\u00e1m ph\u00e1 <strong>C\u00e1ch xem tr\u1ef1c ti\u1ebfp tang l\u1ec5 c\u1ee7a \u0110\u1ee9c Gi\u00e1o ho\u00e0ng Francis<\/strong>, mi\u1ec5n ph\u00ed, v\u1edbi <strong>\u1ee9ng d\u1ee5ng \u0111\u00e1ng tin c\u1eady<\/strong>, <strong>li\u00ean k\u1ebft \u0111\u00e3 \u0111\u01b0\u1ee3c ki\u1ec3m tra<\/strong>, c\u00e1c k\u00eanh ph\u00e1t s\u00f3ng ch\u00ednh th\u1ee9c v\u00e0 gi\u1ea3i th\u00edch chi ti\u1ebft v\u1ec1 <strong>L\u1ec5 tang c\u1ee7a Gi\u00e1o ho\u00e0ng di\u1ec5n ra nh\u01b0 th\u1ebf n\u00e0o<\/strong>. <\/p>\n\n\n\n<p>T\u1ea5t c\u1ea3 \u0111\u1ec1u \u0111\u01b0\u1ee3c tr\u00ecnh b\u00e0y b\u1eb1ng ng\u00f4n ng\u1eef d\u1ec5 hi\u1ec3u v\u00e0 h\u1ea5p d\u1eabn, l\u00fd t\u01b0\u1edfng cho \u0111\u1ed9c gi\u1ea3 t\u1eeb 35 \u0111\u1ebfn 60 tu\u1ed5i mu\u1ed1n hi\u1ec3u v\u00e0 tham gia v\u00e0o kho\u1ea3nh kh\u1eafc trang tr\u1ecdng n\u00e0y.<\/p>\n\n\n\n<h2 class=\"wp-block-heading\">L\u1ec5 tang \u0110\u1ee9c Gi\u00e1o ho\u00e0ng Francis s\u1ebd \u0111\u01b0\u1ee3c t\u1ed5 ch\u1ee9c \u1edf \u0111\u00e2u?<\/h2>\n\n\n\n<p><strong>Tr\u01b0\u1edbc h\u1ebft<\/strong>, \u0111i\u1ec1u quan tr\u1ecdng l\u00e0 ph\u1ea3i hi\u1ec3u r\u1eb1ng l\u1ec5 th\u1ee9c canh c\u1ee7a Gi\u00e1o ho\u00e0ng di\u1ec5n ra theo t\u1eebng giai \u0111o\u1ea1n v\u00e0 v\u1edbi c\u00e1c nghi l\u1ec5 c\u1ed5 x\u01b0a li\u00ean quan \u0111\u1ebfn to\u00e0n b\u1ed9 Vatican.<\/p>\n\n\n\n<p><strong>Thi h\u00e0i c\u1ee7a \u0110\u1ee9c Gi\u00e1o ho\u00e0ng Francis s\u1ebd \u0111\u01b0\u1ee3c qu\u00e0n t\u1ea1i V\u01b0\u01a1ng cung th\u00e1nh \u0111\u01b0\u1eddng Th\u00e1nh Peter \u1edf Vatican<\/strong>, n\u01a1i m\u00e0 h\u00e0ng ng\u00e0n t\u00edn \u0111\u1ed3 c\u00f3 th\u1ec3 \u0111\u1ebfn \u0111\u1ec3 t\u1ecf l\u00f2ng th\u00e0nh k\u00ednh l\u1ea7n cu\u1ed1i. <\/p>\n\n\n\n<p><strong>Th\u00f4ng th\u01b0\u1eddng<\/strong>, thi th\u1ec3 s\u1ebd \u0111\u01b0\u1ee3c ph\u01a1i b\u00e0y tr\u01b0\u1edbc c\u00f4ng ch\u00fang trong ba ng\u00e0y, trong m\u1ed9t nghi l\u1ec5 \u0111\u01b0\u1ee3c g\u1ecdi l\u00e0 \u201cph\u01a1i b\u00e0y c\u00f4ng khai\u201d. Trong th\u1eddi gian n\u00e0y, s\u1ebd c\u00f3 r\u1ea5t nhi\u1ec1u ng\u01b0\u1eddi x\u1ebfp h\u00e0ng \u1edf Qu\u1ea3ng tr\u01b0\u1eddng Th\u00e1nh Peter.<\/p>\n\n\n\n<p><strong>Sau \u0111\u00f3<\/strong>, Th\u00e1nh l\u1ec5 c\u1ea7u h\u1ed3n di\u1ec5n ra, do H\u1ed3ng y \u0111o\u00e0n ch\u1ee7 tr\u00ec, v\u00e0 l\u1ec5 an t\u00e1ng cu\u1ed1i c\u00f9ng di\u1ec5n ra t\u1ea1i h\u1ea7m m\u1ed9 b\u00ean d\u01b0\u1edbi V\u01b0\u01a1ng cung th\u00e1nh \u0111\u01b0\u1eddng \u2014 c\u00f9ng n\u01a1i an ngh\u1ec9 c\u1ee7a c\u00e1c gi\u00e1o ho\u00e0ng kh\u00e1c, nh\u01b0 \u0110\u1ee9c Gioan Phaol\u00f4 II v\u00e0 \u0110\u1ee9c Benedict XVI.<\/p>\n\n\n\n<h2 class=\"wp-block-heading\">L\u1ec5 c\u1ea7u si\u00eau cho \u0110\u1ee9c Gi\u00e1o ho\u00e0ng di\u1ec5n ra nh\u01b0 th\u1ebf n\u00e0o?<\/h2>\n\n\n\n<p><strong>L\u00fac \u0111\u1ea7u<\/strong>, nghi l\u1ec5 n\u00e0y tu\u00e2n theo nghi th\u1ee9c c\u1ee7a \u201cOrdo Exsequiarum Romani Pontificis\u201d, m\u1ed9t v\u0103n b\u1ea3n n\u00eau chi ti\u1ebft t\u1eebng b\u01b0\u1edbc t\u1ea5t c\u1ea3 c\u00e1c giai \u0111o\u1ea1n trong tang l\u1ec5 c\u1ee7a m\u1ed9t Gi\u00e1o ho\u00e0ng.<\/p>\n\n\n\n<p><strong>Ngay l\u1eadp t\u1ee9c<\/strong>, c\u01a1 th\u1ec3 \u0111\u01b0\u1ee3c chu\u1ea9n b\u1ecb trong trang ph\u1ee5c ph\u1ee5ng v\u1ee5, v\u1edbi khu\u00f4n m\u1eb7t kh\u00f4ng che ph\u1ee7. <\/p>\n\n\n\n<p>Chi\u1ebfc quan t\u00e0i c\u00f3 ba ph\u1ea7n: ph\u1ea7n \u0111\u1ea7u ti\u00ean l\u00e0m b\u1eb1ng g\u1ed7 b\u00e1ch, ph\u1ea7n th\u1ee9 hai l\u00e0m b\u1eb1ng ch\u00ec v\u00e0 ph\u1ea7n cu\u1ed1i c\u00f9ng l\u00e0m b\u1eb1ng g\u1ed7 t\u1ed1t.<\/p>\n\n\n\n<p><strong>H\u01a1n n\u1eefa<\/strong>, c\u00f3 nh\u1eefng th\u1eddi \u0111i\u1ec3m c\u1ee5 th\u1ec3 \u0111\u1ec3 c\u1ea7u nguy\u1ec7n, \u0111\u1ecdc Kinh th\u00e1nh, h\u00e1t th\u00e1nh ca v\u00e0 l\u1ec5 tang, \u0111\u01b0\u1ee3c c\u1eed h\u00e0nh b\u1eb1ng ti\u1ebfng Latin. <\/p>\n\n\n\n<p><strong>Ch\u1eafc ch\u1eafn r\u1ed3i<\/strong>, l\u00e0 m\u1ed9t bu\u1ed5i l\u1ec5 \u0111\u1ea7y t\u00ednh bi\u1ec3u t\u01b0\u1ee3ng, \u0111\u1ee9c tin v\u00e0 truy\u1ec1n th\u1ed1ng c\u1ed5 x\u01b0a.<\/p>\n\n\n\n<h2 class=\"wp-block-heading\">C\u00e1c k\u00eanh v\u00e0 \u1ee9ng d\u1ee5ng \u0111\u1ec3 xem tr\u1ef1c ti\u1ebfp (c\u00f3 li\u00ean k\u1ebft \u0111\u00e3 ki\u1ec3m tra)<\/h2>\n\n\n\n<p><strong>H\u1ea1nh ph\u00fac<\/strong>Ng\u00e0y nay, ng\u01b0\u1eddi ta c\u00f3 th\u1ec3 theo d\u00f5i tang l\u1ec5 c\u1ee7a Gi\u00e1o ho\u00e0ng \u1edf b\u1ea5t c\u1ee9 n\u01a1i n\u00e0o tr\u00ean th\u1ebf gi\u1edbi. <\/p>\n\n\n\n<p><strong>D\u01b0\u1edbi<\/strong>, \u0111\u00e2y l\u00e0 danh s\u00e1ch c\u00e1c \u1ee9ng d\u1ee5ng v\u00e0 k\u00eanh t\u1ed1t nh\u1ea5t <strong>ph\u00e1t s\u00f3ng tr\u1ef1c ti\u1ebfp bu\u1ed5i c\u1ea7u nguy\u1ec7n<\/strong>, v\u1edbi <strong>URL \u0111\u00e3 \u0111\u01b0\u1ee3c x\u00e1c th\u1ef1c v\u00e0 th\u1eed nghi\u1ec7m<\/strong>:<\/p>\n\n\n\n<h3 class=\"wp-block-heading\">1. <strong>YouTube \u2013 Tin t\u1ee9c Vatican<\/strong><\/h3>\n\n\n\n<ul class=\"wp-block-list\">\n<li>Ph\u00e1t s\u00f3ng ch\u00ednh th\u1ee9c t\u1eeb T\u00f2a th\u00e1nh.<\/li>\n\n\n\n<li>K\u00eanh c\u00f3 thuy\u1ebft minh b\u1eb1ng nhi\u1ec1u ng\u00f4n ng\u1eef, bao g\u1ed3m ti\u1ebfng B\u1ed3 \u0110\u00e0o Nha.<\/li>\n\n\n\n<li>\u2705 Truy c\u1eadp: <a href=\"https:\/\/www.youtube.com\/@vaticannews\">https:\/\/www.youtube.com\/@vaticannews<\/a><\/li>\n<\/ul>\n\n\n\n<h3 class=\"wp-block-heading\">2. <strong>Vatican News (trang web v\u00e0 \u1ee9ng d\u1ee5ng ch\u00ednh th\u1ee9c)<\/strong><\/h3>\n\n\n\n<ul class=\"wp-block-list\">\n<li>C\u00f3 s\u1eb5n cho Android v\u00e0 iOS.<\/li>\n\n\n\n<li>\u1ee8ng d\u1ee5ng mi\u1ec5n ph\u00ed v\u1edbi tin t\u1ee9c, video v\u00e0 ph\u00e1t s\u00f3ng tr\u1ef1c ti\u1ebfp.<\/li>\n\n\n\n<li>\u2705 Android: https:\/\/play.google.com\/store\/apps\/details?id=va.vatican.news<\/li>\n\n\n\n<li>\u2705 iOS: https:\/\/apps.apple.com\/app\/vatican-news\/id1274047279<\/li>\n<\/ul>\n\n\n\n<h3 class=\"wp-block-heading\">3. <strong>B\u00e0i h\u00e1t m\u1edbi tr\u00ean TV<\/strong><\/h3>\n\n\n\n<ul class=\"wp-block-list\">\n<li>K\u00eanh truy\u1ec1n h\u00ecnh Brazil lu\u00f4n \u0111\u01b0a tin v\u1ec1 c\u00e1c s\u1ef1 ki\u1ec7n c\u1ee7a Vatican.<\/li>\n\n\n\n<li>Ph\u00e1t s\u00f3ng qua trang web, TV v\u00e0 \u1ee9ng d\u1ee5ng.<\/li>\n\n\n\n<li>\u2705 Trang web: <a href=\"https:\/\/tv.cancaonova.com\/\">https:\/\/tv.cancaonova.com\/<\/a><\/li>\n\n\n\n<li>\u2705 \u1ee8ng d\u1ee5ng Android: https:\/\/play.google.com\/store\/apps\/details?id=br.com.cancaonova.cnplay<\/li>\n\n\n\n<li>\u2705 App iOS: https:\/\/apps.apple.com\/br\/app\/can%C3%A7%C3%A3o-nova\/id1231190422<\/li>\n<\/ul>\n\n\n\n<h3 class=\"wp-block-heading\">4. <strong>EWTN \u2013 M\u1ea1ng l\u01b0\u1edbi truy\u1ec1n h\u00ecnh Eternal Word<\/strong><\/h3>\n\n\n\n<ul class=\"wp-block-list\">\n<li>K\u00eanh truy\u1ec1n h\u00ecnh C\u00f4ng gi\u00e1o qu\u1ed1c t\u1ebf ph\u00e1t s\u00f3ng b\u1eb1ng ti\u1ebfng B\u1ed3 \u0110\u00e0o Nha.<\/li>\n\n\n\n<li>\u2705 Trang web: <a href=\"https:\/\/www.ewtn.com\/pt\">https:\/\/www.ewtn.com\/pt<\/a><\/li>\n<\/ul>\n\n\n\n<h2 class=\"wp-block-heading\">L\u00e0m th\u1ebf n\u00e0o \u0111\u1ec3 \u0111\u1ea3m b\u1ea3o tr\u1ea3i nghi\u1ec7m t\u1ed1t nh\u1ea5t khi xem tr\u1ef1c tuy\u1ebfn?<\/h2>\n\n\n\n<p><strong>Ch\u1eafc ch\u1eafn<\/strong>, \u0111\u1ec3 th\u1ef1c hi\u1ec7n m\u1ecdi th\u1ee9 m\u00e0 kh\u00f4ng b\u1ecb s\u1eadp ho\u1eb7c g\u1eb7p s\u1ef1 c\u1ed1 k\u1ef9 thu\u1eadt, sau \u0111\u00e2y l\u00e0 m\u1ed9t s\u1ed1 m\u1eb9o \u0111\u01a1n gi\u1ea3n:<\/p>\n\n\n\n<ul class=\"wp-block-list\">\n<li><strong>K\u1ebft n\u1ed1i v\u1edbi m\u1ea1ng Wi-Fi t\u1ed1t<\/strong>.<\/li>\n\n\n\n<li><strong>S\u1eed d\u1ee5ng tai nghe<\/strong>, \u0111\u1eb7c bi\u1ec7t l\u00e0 trong m\u00f4i tr\u01b0\u1eddng \u1ed3n \u00e0o.<\/li>\n\n\n\n<li><strong>Chu\u1ea9n b\u1ecb tinh th\u1ea7n cho m\u00ecnh<\/strong>:\u0111\u00f3 s\u1ebd l\u00e0 m\u1ed9t kho\u1ea3nh kh\u1eafc x\u00fac \u0111\u1ed9ng v\u00e0 mang t\u00ednh l\u1ecbch s\u1eed.<\/li>\n\n\n\n<li><strong>Chia s\u1ebb ch\u01b0\u01a1ng tr\u00ecnh ph\u00e1t s\u00f3ng v\u1edbi gia \u0111\u00ecnh v\u00e0 b\u1ea1n b\u00e8<\/strong>, \u0111\u1eb7c bi\u1ec7t l\u00e0 v\u1edbi nh\u1eefng ng\u01b0\u1eddi ng\u01b0\u1ee1ng m\u1ed9 \u0110\u1ee9c Gi\u00e1o ho\u00e0ng Francis.<\/li>\n<\/ul>\n\n\n\n<h2 class=\"wp-block-heading\">K\u1ebft lu\u1eadn: L\u1eddi t\u1ea1m bi\u1ec7t v\u1edbi ni\u1ec1m tin v\u00e0 l\u00f2ng bi\u1ebft \u01a1n<\/h2>\n\n\n\n<p><strong>D\u00f9 sao<\/strong>L\u1ec5 tang \u0110\u1ee9c Gi\u00e1o ho\u00e0ng Phanxic\u00f4 kh\u00f4ng ch\u1ec9 l\u00e0 m\u1ed9t s\u1ef1 ki\u1ec7n t\u00f4n gi\u00e1o, m\u00e0 c\u00f2n l\u00e0 m\u1ed9t c\u1ed9t m\u1ed1c t\u00e2m linh v\u00e0 l\u1ecbch s\u1eed cho to\u00e0n th\u1ec3 nh\u00e2n lo\u1ea1i. <\/p>\n\n\n\n<p><strong>Cu\u1ed1i c\u00f9ng<\/strong>, \u00f4ng l\u00e0 m\u1ed9t nh\u00e0 l\u00e3nh \u0111\u1ea1o d\u1ec5 g\u1ea7n, khi\u00eam t\u1ed1n, t\u1eadn t\u1ee5y v\u1edbi c\u00e1c m\u1ee5c ti\u00eau x\u00e3 h\u1ed9i s\u00e2u s\u1eafc. S\u1ef1 ra \u0111i c\u1ee7a \u00f4ng khi\u1ebfn ch\u00fang ta ho\u00e0i ni\u1ec7m, nh\u01b0ng c\u0169ng truy\u1ec1n c\u1ea3m h\u1ee9ng cho t\u00ecnh y\u00eau, s\u1ef1 \u0111o\u00e0n k\u1ebft v\u00e0 hy v\u1ecdng.<\/p>\n\n\n\n<p><strong>V\u00ec th\u1ebf<\/strong>, vi\u1ec7c tham d\u1ef1 l\u1ec5 tang, ngay c\u1ea3 t\u1eeb xa, c\u0169ng l\u00e0 m\u1ed9t c\u1eed ch\u1ec9 th\u1ec3 hi\u1ec7n t\u00ecnh c\u1ea3m v\u00e0 s\u1ef1 t\u00f4n tr\u1ecdng. <strong>H\u00e3y s\u1eb5n s\u00e0ng, k\u1ebft n\u1ed1i v\u00e0 tham gia v\u00e0o kho\u1ea3nh kh\u1eafc n\u00e0y v\u1edbi m\u1ed9t tr\u00e1i tim r\u1ed9ng m\u1edf.<\/strong><\/p>\n\n\n\n<p>N\u1ebfu b\u1ea1n mu\u1ed1n, t\u00f4i c\u00f3 th\u1ec3 gi\u00fap b\u1ea1n c\u1ea5u h\u00ecnh \u1ee9ng d\u1ee5ng ho\u1eb7c th\u1eadm ch\u00ed t\u1ea1o l\u1eddi nh\u1eafc tr\u00ean \u0111i\u1ec7n tho\u1ea1i di \u0111\u1ed9ng \u0111\u1ec3 b\u1ea1n kh\u00f4ng b\u1ecf l\u1ee1 b\u1ea5t k\u1ef3 ph\u1ea7n n\u00e0o c\u1ee7a bu\u1ed5i l\u1ec5.<br> <br><a href=\"https:\/\/clomid.live\/category\/curiosidade\">Xem th\u00eam\u2026<\/a><\/p>","protected":false},"excerpt":{"rendered":"<p>Kh\u00e1m ph\u00e1 c\u00e1ch xem tr\u1ef1c ti\u1ebfp L\u1ec5 Th\u1ee9c T\u1ec9nh c\u1ee7a \u0110\u1ee9c Gi\u00e1o Ho\u00e0ng Phanxic\u00f4. Xem \u1edf \u0111\u00e2u, \u1ee9ng d\u1ee5ng mi\u1ec5n ph\u00ed v\u00e0 k\u00eanh ch\u00ednh th\u1ee9c. Xem tr\u1ef1c ti\u1ebfp. M\u1ed9t kho\u1ea3nh kh\u1eafc l\u1ecbch s\u1eed l\u00e0m rung chuy\u1ec3n c\u1ea3 th\u1ebf gi\u1edbi. Ch\u1eafc ch\u1eafn, s\u1ef1 ra \u0111i c\u1ee7a \u0110\u1ee9c Gi\u00e1o Ho\u00e0ng Phanxic\u00f4 \u0111\u00e1nh d\u1ea5u m\u1ed9t trong nh\u1eefng s\u1ef1 ki\u1ec7n c\u00f3 t\u00e1c \u0111\u1ed9ng l\u1edbn nh\u1ea5t trong l\u1ecbch s\u1eed g\u1ea7n \u0111\u00e2y c\u1ee7a Gi\u00e1o h\u1ed9i C\u00f4ng gi\u00e1o v\u00e0 th\u1ebf gi\u1edbi. Tuy nhi\u00ean, \u0111\u1ed1i v\u1edbi h\u00e0ng tri\u1ec7u t\u00edn \u0111\u1ed3 v\u00e0\u2026 <\/p>","protected":false},"author":11,"featured_media":0,"comment_status":"closed","ping_status":"closed","sticky":false,"template":"","format":"standard","meta":{"footnotes":""},"categories":[1],"tags":[675,220,253,258,287,672,631,673,674],"class_list":["post-1489","post","type-post","status-publish","format-standard","hentry","category-uncategorized","tag-ao-vivo","tag-aplicativo-gratis","tag-assistir-gratis","tag-assistir-tv","tag-baixar-gratis","tag-despedida","tag-papa-francisco","tag-velorio","tag-velorio-do-papa-francisco-ao-vivo","latest_post"],"yoast_head":"<!-- This site is optimized with the Yoast SEO plugin v27.1.1 - https:\/\/yoast.com\/product\/yoast-seo-wordpress\/ -->\n<title>Vel\u00f3rio do Papa Francisco ao Vivo - Blog Racks<\/title>\n<meta name=\"description\" content=\"Descubra Como Assistir ao Vel\u00f3rio do Papa Francisco ao Vivo Onde Ver, Aplicativos Gratuitos e Canais Oficiais\" \/>\n<meta name=\"robots\" content=\"index, follow, max-snippet:-1, max-image-preview:large, max-video-preview:-1\" \/>\n<link rel=\"canonical\" href=\"https:\/\/blog.racksweekend.com.br\/vi\/1489\/velorio-do-papa-francisco-ao-vivo\/\" \/>\n<meta property=\"og:locale\" content=\"vi_VN\" \/>\n<meta property=\"og:type\" content=\"article\" \/>\n<meta property=\"og:title\" content=\"Vel\u00f3rio do Papa Francisco ao Vivo - Blog Racks\" \/>\n<meta property=\"og:description\" content=\"Descubra Como Assistir ao Vel\u00f3rio do Papa Francisco ao Vivo Onde Ver, Aplicativos Gratuitos e Canais Oficiais\" \/>\n<meta property=\"og:url\" content=\"https:\/\/blog.racksweekend.com.br\/vi\/1489\/velorio-do-papa-francisco-ao-vivo\/\" \/>\n<meta property=\"og:site_name\" content=\"Blog Racks\" \/>\n<meta property=\"article:published_time\" content=\"2025-04-25T11:53:02+00:00\" \/>\n<meta property=\"article:modified_time\" content=\"2025-04-25T11:53:40+00:00\" \/>\n<meta name=\"author\" content=\"Isaac\" \/>\n<meta name=\"twitter:card\" content=\"summary_large_image\" \/>\n<meta name=\"twitter:label1\" content=\"\u0110\u01b0\u1ee3c vi\u1ebft b\u1edfi\" \/>\n\t<meta name=\"twitter:data1\" content=\"Isaac\" \/>\n\t<meta name=\"twitter:label2\" content=\"\u01af\u1edbc t\u00ednh th\u1eddi gian \u0111\u1ecdc\" \/>\n\t<meta name=\"twitter:data2\" content=\"4 ph\u00fat\" \/>\n<script type=\"application\/ld+json\" class=\"yoast-schema-graph\">{\"@context\":\"https:\/\/schema.org\",\"@graph\":[{\"@type\":\"Article\",\"@id\":\"https:\/\/blog.racksweekend.com.br\/1489\/velorio-do-papa-francisco-ao-vivo\/#article\",\"isPartOf\":{\"@id\":\"https:\/\/blog.racksweekend.com.br\/1489\/velorio-do-papa-francisco-ao-vivo\/\"},\"author\":{\"name\":\"Isaac\",\"@id\":\"https:\/\/blog.racksweekend.com.br\/en\/#\/schema\/person\/e8bce98e1bb2740907d9d40f82cee71b\"},\"headline\":\"Vel\u00f3rio do Papa Francisco ao Vivo\",\"datePublished\":\"2025-04-25T11:53:02+00:00\",\"dateModified\":\"2025-04-25T11:53:40+00:00\",\"mainEntityOfPage\":{\"@id\":\"https:\/\/blog.racksweekend.com.br\/1489\/velorio-do-papa-francisco-ao-vivo\/\"},\"wordCount\":772,\"publisher\":{\"@id\":\"https:\/\/blog.racksweekend.com.br\/en\/#organization\"},\"keywords\":[\"ao vivo\",\"aplicativo gr\u00e1tis\",\"assistir Gr\u00e1tis\",\"Assistir tv\",\"baixar gr\u00e1tis\",\"despedida\",\"papa francisco\",\"velorio\",\"Vel\u00f3rio do Papa Francisco ao Vivo\"],\"articleSection\":[\"Aplicativos\"],\"inLanguage\":\"vi\"},{\"@type\":\"WebPage\",\"@id\":\"https:\/\/blog.racksweekend.com.br\/1489\/velorio-do-papa-francisco-ao-vivo\/\",\"url\":\"https:\/\/blog.racksweekend.com.br\/1489\/velorio-do-papa-francisco-ao-vivo\/\",\"name\":\"Vel\u00f3rio do Papa Francisco ao Vivo - Blog Racks\",\"isPartOf\":{\"@id\":\"https:\/\/blog.racksweekend.com.br\/en\/#website\"},\"datePublished\":\"2025-04-25T11:53:02+00:00\",\"dateModified\":\"2025-04-25T11:53:40+00:00\",\"description\":\"Descubra Como Assistir ao Vel\u00f3rio do Papa Francisco ao Vivo Onde Ver, Aplicativos Gratuitos e Canais Oficiais\",\"breadcrumb\":{\"@id\":\"https:\/\/blog.racksweekend.com.br\/1489\/velorio-do-papa-francisco-ao-vivo\/#breadcrumb\"},\"inLanguage\":\"vi\",\"potentialAction\":[{\"@type\":\"ReadAction\",\"target\":[\"https:\/\/blog.racksweekend.com.br\/1489\/velorio-do-papa-francisco-ao-vivo\/\"]}]},{\"@type\":\"BreadcrumbList\",\"@id\":\"https:\/\/blog.racksweekend.com.br\/1489\/velorio-do-papa-francisco-ao-vivo\/#breadcrumb\",\"itemListElement\":[{\"@type\":\"ListItem\",\"position\":1,\"name\":\"Home\",\"item\":\"https:\/\/blog.racksweekend.com.br\/en\/\"},{\"@type\":\"ListItem\",\"position\":2,\"name\":\"Vel\u00f3rio do Papa Francisco ao Vivo\"}]},{\"@type\":\"WebSite\",\"@id\":\"https:\/\/blog.racksweekend.com.br\/en\/#website\",\"url\":\"https:\/\/blog.racksweekend.com.br\/en\/\",\"name\":\"Blog Racks\",\"description\":\"Weekend\",\"publisher\":{\"@id\":\"https:\/\/blog.racksweekend.com.br\/en\/#organization\"},\"potentialAction\":[{\"@type\":\"SearchAction\",\"target\":{\"@type\":\"EntryPoint\",\"urlTemplate\":\"https:\/\/blog.racksweekend.com.br\/en\/?s={search_term_string}\"},\"query-input\":{\"@type\":\"PropertyValueSpecification\",\"valueRequired\":true,\"valueName\":\"search_term_string\"}}],\"inLanguage\":\"vi\"},{\"@type\":\"Organization\",\"@id\":\"https:\/\/blog.racksweekend.com.br\/en\/#organization\",\"name\":\"Blog Racks\",\"url\":\"https:\/\/blog.racksweekend.com.br\/en\/\",\"logo\":{\"@type\":\"ImageObject\",\"inLanguage\":\"vi\",\"@id\":\"https:\/\/blog.racksweekend.com.br\/en\/#\/schema\/logo\/image\/\",\"url\":\"https:\/\/blog.racksweekend.com.br\/wp-content\/uploads\/2024\/02\/cropped-BLOG.png\",\"contentUrl\":\"https:\/\/blog.racksweekend.com.br\/wp-content\/uploads\/2024\/02\/cropped-BLOG.png\",\"width\":1248,\"height\":771,\"caption\":\"Blog Racks\"},\"image\":{\"@id\":\"https:\/\/blog.racksweekend.com.br\/en\/#\/schema\/logo\/image\/\"}},{\"@type\":\"Person\",\"@id\":\"https:\/\/blog.racksweekend.com.br\/en\/#\/schema\/person\/e8bce98e1bb2740907d9d40f82cee71b\",\"name\":\"Isaac\",\"image\":{\"@type\":\"ImageObject\",\"inLanguage\":\"vi\",\"@id\":\"https:\/\/blog.racksweekend.com.br\/en\/#\/schema\/person\/image\/\",\"url\":\"https:\/\/blog.racksweekend.com.br\/wp-content\/litespeed\/avatar\/394da628e0e367b1790570a93fe58e9b.jpg?ver=1777408957\",\"contentUrl\":\"https:\/\/blog.racksweekend.com.br\/wp-content\/litespeed\/avatar\/394da628e0e367b1790570a93fe58e9b.jpg?ver=1777408957\",\"caption\":\"Isaac\"},\"url\":\"https:\/\/blog.racksweekend.com.br\/vi\/author\/isaac\/\"}]}<\/script>\n<!-- \/ Yoast SEO plugin. -->","yoast_head_json":{"title":"Vel\u00f3rio do Papa Francisco ao Vivo - Blog Racks","description":"Descubra Como Assistir ao Vel\u00f3rio do Papa Francisco ao Vivo Onde Ver, Aplicativos Gratuitos e Canais Oficiais","robots":{"index":"index","follow":"follow","max-snippet":"max-snippet:-1","max-image-preview":"max-image-preview:large","max-video-preview":"max-video-preview:-1"},"canonical":"https:\/\/blog.racksweekend.com.br\/vi\/1489\/velorio-do-papa-francisco-ao-vivo\/","og_locale":"vi_VN","og_type":"article","og_title":"Vel\u00f3rio do Papa Francisco ao Vivo - Blog Racks","og_description":"Descubra Como Assistir ao Vel\u00f3rio do Papa Francisco ao Vivo Onde Ver, Aplicativos Gratuitos e Canais Oficiais","og_url":"https:\/\/blog.racksweekend.com.br\/vi\/1489\/velorio-do-papa-francisco-ao-vivo\/","og_site_name":"Blog Racks","article_published_time":"2025-04-25T11:53:02+00:00","article_modified_time":"2025-04-25T11:53:40+00:00","author":"Isaac","twitter_card":"summary_large_image","twitter_misc":{"\u0110\u01b0\u1ee3c vi\u1ebft b\u1edfi":"Isaac","\u01af\u1edbc t\u00ednh th\u1eddi gian \u0111\u1ecdc":"4 ph\u00fat"},"schema":{"@context":"https:\/\/schema.org","@graph":[{"@type":"Article","@id":"https:\/\/blog.racksweekend.com.br\/1489\/velorio-do-papa-francisco-ao-vivo\/#article","isPartOf":{"@id":"https:\/\/blog.racksweekend.com.br\/1489\/velorio-do-papa-francisco-ao-vivo\/"},"author":{"name":"Isaac","@id":"https:\/\/blog.racksweekend.com.br\/en\/#\/schema\/person\/e8bce98e1bb2740907d9d40f82cee71b"},"headline":"Vel\u00f3rio do Papa Francisco ao Vivo","datePublished":"2025-04-25T11:53:02+00:00","dateModified":"2025-04-25T11:53:40+00:00","mainEntityOfPage":{"@id":"https:\/\/blog.racksweekend.com.br\/1489\/velorio-do-papa-francisco-ao-vivo\/"},"wordCount":772,"publisher":{"@id":"https:\/\/blog.racksweekend.com.br\/en\/#organization"},"keywords":["ao vivo","aplicativo gr\u00e1tis","assistir Gr\u00e1tis","Assistir tv","baixar gr\u00e1tis","despedida","papa francisco","velorio","Vel\u00f3rio do Papa Francisco ao Vivo"],"articleSection":["Aplicativos"],"inLanguage":"vi"},{"@type":"WebPage","@id":"https:\/\/blog.racksweekend.com.br\/1489\/velorio-do-papa-francisco-ao-vivo\/","url":"https:\/\/blog.racksweekend.com.br\/1489\/velorio-do-papa-francisco-ao-vivo\/","name":"Vel\u00f3rio do Papa Francisco ao Vivo - Blog Racks","isPartOf":{"@id":"https:\/\/blog.racksweekend.com.br\/en\/#website"},"datePublished":"2025-04-25T11:53:02+00:00","dateModified":"2025-04-25T11:53:40+00:00","description":"Descubra Como Assistir ao Vel\u00f3rio do Papa Francisco ao Vivo Onde Ver, Aplicativos Gratuitos e Canais Oficiais","breadcrumb":{"@id":"https:\/\/blog.racksweekend.com.br\/1489\/velorio-do-papa-francisco-ao-vivo\/#breadcrumb"},"inLanguage":"vi","potentialAction":[{"@type":"ReadAction","target":["https:\/\/blog.racksweekend.com.br\/1489\/velorio-do-papa-francisco-ao-vivo\/"]}]},{"@type":"BreadcrumbList","@id":"https:\/\/blog.racksweekend.com.br\/1489\/velorio-do-papa-francisco-ao-vivo\/#breadcrumb","itemListElement":[{"@type":"ListItem","position":1,"name":"Home","item":"https:\/\/blog.racksweekend.com.br\/en\/"},{"@type":"ListItem","position":2,"name":"Vel\u00f3rio do Papa Francisco ao Vivo"}]},{"@type":"WebSite","@id":"https:\/\/blog.racksweekend.com.br\/en\/#website","url":"https:\/\/blog.racksweekend.com.br\/en\/","name":"Gi\u00e1 \u0111\u1ee1 blog","description":"Ng\u00e0y cu\u1ed1i tu\u1ea7n","publisher":{"@id":"https:\/\/blog.racksweekend.com.br\/en\/#organization"},"potentialAction":[{"@type":"SearchAction","target":{"@type":"EntryPoint","urlTemplate":"https:\/\/blog.racksweekend.com.br\/en\/?s={search_term_string}"},"query-input":{"@type":"PropertyValueSpecification","valueRequired":true,"valueName":"search_term_string"}}],"inLanguage":"vi"},{"@type":"Organization","@id":"https:\/\/blog.racksweekend.com.br\/en\/#organization","name":"Gi\u00e1 \u0111\u1ee1 blog","url":"https:\/\/blog.racksweekend.com.br\/en\/","logo":{"@type":"ImageObject","inLanguage":"vi","@id":"https:\/\/blog.racksweekend.com.br\/en\/#\/schema\/logo\/image\/","url":"https:\/\/blog.racksweekend.com.br\/wp-content\/uploads\/2024\/02\/cropped-BLOG.png","contentUrl":"https:\/\/blog.racksweekend.com.br\/wp-content\/uploads\/2024\/02\/cropped-BLOG.png","width":1248,"height":771,"caption":"Blog Racks"},"image":{"@id":"https:\/\/blog.racksweekend.com.br\/en\/#\/schema\/logo\/image\/"}},{"@type":"Person","@id":"https:\/\/blog.racksweekend.com.br\/en\/#\/schema\/person\/e8bce98e1bb2740907d9d40f82cee71b","name":"Isaac","image":{"@type":"ImageObject","inLanguage":"vi","@id":"https:\/\/blog.racksweekend.com.br\/en\/#\/schema\/person\/image\/","url":"https:\/\/blog.racksweekend.com.br\/wp-content\/litespeed\/avatar\/394da628e0e367b1790570a93fe58e9b.jpg?ver=1777408957","contentUrl":"https:\/\/blog.racksweekend.com.br\/wp-content\/litespeed\/avatar\/394da628e0e367b1790570a93fe58e9b.jpg?ver=1777408957","caption":"Isaac"},"url":"https:\/\/blog.racksweekend.com.br\/vi\/author\/isaac\/"}]}},"_links":{"self":[{"href":"https:\/\/blog.racksweekend.com.br\/vi\/wp-json\/wp\/v2\/posts\/1489","targetHints":{"allow":["GET"]}}],"collection":[{"href":"https:\/\/blog.racksweekend.com.br\/vi\/wp-json\/wp\/v2\/posts"}],"about":[{"href":"https:\/\/blog.racksweekend.com.br\/vi\/wp-json\/wp\/v2\/types\/post"}],"author":[{"embeddable":true,"href":"https:\/\/blog.racksweekend.com.br\/vi\/wp-json\/wp\/v2\/users\/11"}],"replies":[{"embeddable":true,"href":"https:\/\/blog.racksweekend.com.br\/vi\/wp-json\/wp\/v2\/comments?post=1489"}],"version-history":[{"count":2,"href":"https:\/\/blog.racksweekend.com.br\/vi\/wp-json\/wp\/v2\/posts\/1489\/revisions"}],"predecessor-version":[{"id":1494,"href":"https:\/\/blog.racksweekend.com.br\/vi\/wp-json\/wp\/v2\/posts\/1489\/revisions\/1494"}],"wp:attachment":[{"href":"https:\/\/blog.racksweekend.com.br\/vi\/wp-json\/wp\/v2\/media?parent=1489"}],"wp:term":[{"taxonomy":"category","embeddable":true,"href":"https:\/\/blog.racksweekend.com.br\/vi\/wp-json\/wp\/v2\/categories?post=1489"},{"taxonomy":"post_tag","embeddable":true,"href":"https:\/\/blog.racksweekend.com.br\/vi\/wp-json\/wp\/v2\/tags?post=1489"}],"curies":[{"name":"wp","href":"https:\/\/api.w.org\/{rel}","templated":true}]}}